{"id":387797,"date":"2025-09-13T12:04:42","date_gmt":"2025-09-13T12:04:42","guid":{"rendered":"https:\/\/www.europesays.com\/fr\/387797\/"},"modified":"2025-09-13T12:04:42","modified_gmt":"2025-09-13T12:04:42","slug":"rugby-top-14-heure-chaine-composition-les-infos-pratiques-avant-toulon","status":"publish","type":"post","link":"https:\/\/www.europesays.com\/fr\/387797\/","title":{"rendered":"Rugby &#8211; Top 14 : heure, cha\u00eene, composition&#8230; les infos pratiques avant Toulon"},"content":{"rendered":"<p>Apr\u00e8s des d\u00e9buts quasi-parfaits \u00e0 Montpellier, le RC Toulonnais fait sa rentr\u00e9e, la vraie, face \u00e0 Castres ce samedi pour la premi\u00e8re de la saison \u00e0 Mayol. Pierre Mignoni a reconduit quasiment le m\u00eame quinze qu&rsquo;une semaine plus t\u00f4t en y ajoutant une recrue, <a href=\"https:\/\/www.laprovence.com\/article\/sports\/4613586838568514\/rugby-top-14-javais-un-maillot-de-maa-nonu-et-maintenant-je-joue-avec-lui-avant-la-premiere-de-toulon-a-mayol-la-recrue-mathis-ferte-se-confie\" target=\"_blank\" rel=\"nofollow noopener\">Mathis Fert\u00e9 \u00e0 l&rsquo;aile, jeune p\u00e9pite arriv\u00e9e de Brive<\/a> qui a rejoint la Rade et son club de c\u0153ur cet \u00e9t\u00e9. Les autres petits nouveaux du mercato Zach Mercer, trois-quarts-centre, et Ignacio Brex, deuxi\u00e8me centre, sont reconduits apr\u00e8s une premi\u00e8re tr\u00e8s int\u00e9ressante dans l&rsquo;H\u00e9rault tout comme <a href=\"https:\/\/www.laprovence.com\/article\/sports\/75172177301824\/rugby-top-14-titulaire-a-la-place-de-jaminet-pour-la-reprise-a-montpellier-marius-domon-veut-confirmer-avec-toulon\" target=\"_blank\" rel=\"nofollow noopener\">Marius Domon \u00e0 l&rsquo;arri\u00e8re, une nouvelle fois pr\u00e9f\u00e9r\u00e9 \u00e0 Melvyn Jaminet<\/a>.<\/p>\n<p>Le coup d&rsquo;envoi de la rencontre sera donn\u00e9 <strong>\u00e0 21h<\/strong>, en direct sur <strong>Canal+<\/strong><\/p>\n<p>sports<\/p>\n<p>La composition du RCT<\/p>\n<p>Domon &#8211; Dr\u00e9an, Brex, Cowie, Fert\u00e9 &#8211; Garbisi, Serin &#8211; Ludlam, Mercer, Quere-Karaba &#8211; Ribbans (cap), S. Rebbadj &#8211; Gigashvili, Damond, Gros.<\/p>\n<p>Entra\u00eeneur : Pierre Mignoni.<\/p>\n<p>La composition de Castres :\u00a0<\/p>\n<p>Chabouni &#8211; Ambadiang &#8211; Botitu, Seguret &#8211; Vargas &#8211; Le Brun &#8211; Arata &#8211; Tukino, Ardron, Delaporte &#8211; Staniforth, Jedrasiak &#8211; Corato &#8211; Durand &#8211; Gu\u00e9rois-Galisson. Entra\u00eeneur : Xavier\u00a0 Sadourny.<\/p>\n<p>Arbitre : Beno\u00eet Rousselet.<\/p>\n","protected":false},"excerpt":{"rendered":"Apr\u00e8s des d\u00e9buts quasi-parfaits \u00e0 Montpellier, le RC Toulonnais fait sa rentr\u00e9e, la vraie, face \u00e0 Castres ce&hellip;\n","protected":false},"author":2,"featured_media":387798,"comment_status":"","ping_status":"","sticky":false,"template":"","format":"standard","meta":{"footnotes":""},"categories":[9619],"tags":[17,1111,11,3839,3984,1777,674,1011,27,3838,1114,151,12,882,25,479,60,3030,2310],"class_list":{"0":"post-387797","1":"post","2":"type-post","3":"status-publish","4":"format-standard","5":"has-post-thumbnail","7":"category-toulon","8":"tag-17","9":"tag-actu","10":"tag-actualites","11":"tag-chaine","12":"tag-composition","13":"tag-eu","14":"tag-europe","15":"tag-fr","16":"tag-france","17":"tag-heure","18":"tag-infos","19":"tag-les","20":"tag-news","21":"tag-provence-alpes-cote-dazur","22":"tag-republique-francaise","23":"tag-rugby","24":"tag-sports","25":"tag-top","26":"tag-toulon"},"share_on_mastodon":{"url":"https:\/\/pubeurope.com\/@fr\/115196897899175378","error":""},"_links":{"self":[{"href":"https:\/\/www.europesays.com\/fr\/wp-json\/wp\/v2\/posts\/387797","targetHints":{"allow":["GET"]}}],"collection":[{"href":"https:\/\/www.europesays.com\/fr\/wp-json\/wp\/v2\/posts"}],"about":[{"href":"https:\/\/www.europesays.com\/fr\/wp-json\/wp\/v2\/types\/post"}],"author":[{"embeddable":true,"href":"https:\/\/www.europesays.com\/fr\/wp-json\/wp\/v2\/users\/2"}],"replies":[{"embeddable":true,"href":"https:\/\/www.europesays.com\/fr\/wp-json\/wp\/v2\/comments?post=387797"}],"version-history":[{"count":0,"href":"https:\/\/www.europesays.com\/fr\/wp-json\/wp\/v2\/posts\/387797\/revisions"}],"wp:featuredmedia":[{"embeddable":true,"href":"https:\/\/www.europesays.com\/fr\/wp-json\/wp\/v2\/media\/387798"}],"wp:attachment":[{"href":"https:\/\/www.europesays.com\/fr\/wp-json\/wp\/v2\/media?parent=387797"}],"wp:term":[{"taxonomy":"category","embeddable":true,"href":"https:\/\/www.europesays.com\/fr\/wp-json\/wp\/v2\/categories?post=387797"},{"taxonomy":"post_tag","embeddable":true,"href":"https:\/\/www.europesays.com\/fr\/wp-json\/wp\/v2\/tags?post=387797"}],"curies":[{"name":"wp","href":"https:\/\/api.w.org\/{rel}","templated":true}]}}