{"id":387801,"date":"2025-09-13T12:06:19","date_gmt":"2025-09-13T12:06:19","guid":{"rendered":"https:\/\/www.europesays.com\/fr\/387801\/"},"modified":"2025-09-13T12:06:19","modified_gmt":"2025-09-13T12:06:19","slug":"un-miracle-des-policiers-municipaux-aident-a-un-accouchement-dans-une-voiture","status":"publish","type":"post","link":"https:\/\/www.europesays.com\/fr\/387801\/","title":{"rendered":"\u00ab\u00a0un miracle\u00a0\u00bb, des policiers municipaux aident \u00e0 un accouchement dans une voiture"},"content":{"rendered":"<p>\nFin ao\u00fbt, alors qu&rsquo;ils sont en route pour une mission, les policiers municipaux de Montpellier sont interpell\u00e9s par un homme, quartier Malbosc, dont la femme est sur le point d&rsquo;accoucher dans sa voiture.<\/p>\n<p><a data-no-instant=\"1\" href=\"https:\/\/www.nimes-metropole.fr\/index.php?id=1885\" rel=\"noopener nofollow\" class=\"a2t-link\" aria-label=\"686-image\" target=\"_blank\"><img decoding=\"async\" src=\"https:\/\/www.europesays.com\/fr\/wp-content\/uploads\/2025\/09\/686-image.jpeg\" alt=\"\"  \/><\/a><\/p>\n<p>\u00ab\u00a0Un miracle s\u2019est produit cet \u00e9t\u00e9 avenue d\u2019Assas\u00a0\u00bb, confient les <strong>policiers municipaux<\/strong> de <a href=\"https:\/\/infoccitanie.fr\/tag\/montpellier\/\" rel=\"nofollow noopener\" target=\"_blank\">Montpellier <\/a>sur les r\u00e9seaux sociaux. Fin ao\u00fbt, alors qu\u2019ils se rendent en mission, un automobiliste les arr\u00eate, au quartier <strong>Malbosc<\/strong>. Sa <strong>femme perd les eaux <\/strong>et est sur le point d\u2019<strong>accoucher sur la banquette arri\u00e8re de sa voiture<\/strong>.<\/p>\n<p>Les <a href=\"https:\/\/www.montpellier.fr\/actions\/competences\/securites-et-tranquillite-publique\/police-municipale\" target=\"_blank\" rel=\"nofollow noopener\"><strong>policiers <\/strong><\/a>interviennent imm\u00e9diatement. Ils s\u00e9curisent le p\u00e9rim\u00e8tre et s\u2019\u00e9quipent d\u2019une trousse de secours et d\u2019une couverture. Par chance, un passant, t\u00e9moin de la sc\u00e8ne, s\u2019av\u00e8re \u00eatre <strong>m\u00e9decin <\/strong>et vient apporter son aide aux forces de l\u2019ordre. Afin de faciliter son intervention , les policiers maintiennent son t\u00e9l\u00e9phone en haut parleur. Gr\u00e2ce \u00e0 son intervention et celle des policiers, <strong>un petit gar\u00e7on est venu au monde quelques minutes plus tard.<\/strong><\/p>\n","protected":false},"excerpt":{"rendered":"Fin ao\u00fbt, alors qu&rsquo;ils sont en route pour une mission, les policiers municipaux de Montpellier sont interpell\u00e9s par&hellip;\n","protected":false},"author":2,"featured_media":387802,"comment_status":"","ping_status":"","sticky":false,"template":"","format":"standard","meta":{"footnotes":""},"categories":[9599],"tags":[1111,11,1777,674,1011,27,2208,12,2680,2872,25],"class_list":{"0":"post-387801","1":"post","2":"type-post","3":"status-publish","4":"format-standard","5":"has-post-thumbnail","7":"category-montpellier","8":"tag-actu","9":"tag-actualites","10":"tag-eu","11":"tag-europe","12":"tag-fr","13":"tag-france","14":"tag-montpellier","15":"tag-news","16":"tag-occitanie","17":"tag-police-municipale","18":"tag-republique-francaise"},"share_on_mastodon":{"url":"https:\/\/pubeurope.com\/@fr\/115196905858099869","error":""},"_links":{"self":[{"href":"https:\/\/www.europesays.com\/fr\/wp-json\/wp\/v2\/posts\/387801","targetHints":{"allow":["GET"]}}],"collection":[{"href":"https:\/\/www.europesays.com\/fr\/wp-json\/wp\/v2\/posts"}],"about":[{"href":"https:\/\/www.europesays.com\/fr\/wp-json\/wp\/v2\/types\/post"}],"author":[{"embeddable":true,"href":"https:\/\/www.europesays.com\/fr\/wp-json\/wp\/v2\/users\/2"}],"replies":[{"embeddable":true,"href":"https:\/\/www.europesays.com\/fr\/wp-json\/wp\/v2\/comments?post=387801"}],"version-history":[{"count":0,"href":"https:\/\/www.europesays.com\/fr\/wp-json\/wp\/v2\/posts\/387801\/revisions"}],"wp:featuredmedia":[{"embeddable":true,"href":"https:\/\/www.europesays.com\/fr\/wp-json\/wp\/v2\/media\/387802"}],"wp:attachment":[{"href":"https:\/\/www.europesays.com\/fr\/wp-json\/wp\/v2\/media?parent=387801"}],"wp:term":[{"taxonomy":"category","embeddable":true,"href":"https:\/\/www.europesays.com\/fr\/wp-json\/wp\/v2\/categories?post=387801"},{"taxonomy":"post_tag","embeddable":true,"href":"https:\/\/www.europesays.com\/fr\/wp-json\/wp\/v2\/tags?post=387801"}],"curies":[{"name":"wp","href":"https:\/\/api.w.org\/{rel}","templated":true}]}}