{"id":387803,"date":"2025-09-13T12:07:09","date_gmt":"2025-09-13T12:07:09","guid":{"rendered":"https:\/\/www.europesays.com\/fr\/387803\/"},"modified":"2025-09-13T12:07:09","modified_gmt":"2025-09-13T12:07:09","slug":"hockey-sur-glace-rentree-des-glaces-maitrisee-pour-les-dragons-de-rouen","status":"publish","type":"post","link":"https:\/\/www.europesays.com\/fr\/387803\/","title":{"rendered":"Hockey sur glace. Rentr\u00e9e des glaces ma\u00eetris\u00e9e pour les Dragons de Rouen\u00a0!"},"content":{"rendered":"<p>            Par<br \/>\n        <strong><br \/>\n            <a href=\"https:\/\/actu.fr\/auteur\/alexandre-canivet\" title=\"Consulter tous les articles de Alexandre Canivet\" target=\"_blank\" rel=\"noopener\">Alexandre Canivet<\/a><br \/>\n        <\/strong><\/p>\n<p>        Publi\u00e9 le<\/p>\n<p>            13 sept. 2025 \u00e0 13h44        <\/p>\n<p>Ils n\u2019auront pas laiss\u00e9 grand-chose \u00e0 leurs adversaires du soir. Auteurs d\u2019une partie convaincante, les <strong>Dragons de Rouen<\/strong> ont soign\u00e9 leur entr\u00e9e en mati\u00e8re pour l\u2019ouverture de la saison de Ligue Magnus. Vainqueurs <strong>4-1<\/strong> des <strong>Rapaces de Gap<\/strong>, vendredi 12 septembre 2025, \u00e0 Rouen, les hommes de Carl Mallette ont \u00e9t\u00e9 dominants de la premi\u00e8re \u00e0 la derni\u00e8re minute de la rencontre pour s\u2019offrir un succ\u00e8s logique.<\/p>\n<p class=\" wall-content\">D\u2019entr\u00e9e de jeu, les attaquants rouennais donnaient le ton \u00e0 la soir\u00e9e. Install\u00e9s en zone offensive, les tentatives s\u2019accumulaient sur la cage gapen\u00e7aise gard\u00e9e par Zimmerman. Il fallait attendre la moiti\u00e9 de la premi\u00e8re p\u00e9riode pour voir <strong>Y\u00e9o<\/strong>, ouvrir la marque d\u2019un joli lancer dans le trafic (<strong>1-0, 10\u201956<\/strong>). Sur leur second avantage num\u00e9rique de la soir\u00e9e,<strong> Gresok<\/strong> doublait l\u2019avantage pour les Jaunes et Noir d\u2019un tir pr\u00e9cis (<strong>2-0, 16\u201931<\/strong>).<\/p>\n<p class=\" wall-content\">La soir\u00e9e s\u2019annon\u00e7ait des plus tranquilles pour les joueurs de Carl Mallette. Aussi tranquille que leur nouveau gardien, Carruth, peu sollicit\u00e9 durant le match (20 arr\u00eats), mais efficace face aux rares incursions adverses. A l\u2019image de son arr\u00eat d\u00e9cisif face \u00e0 Cerda venu seul \u00e0 sa rencontre (12e).<\/p>\n<p class=\" wall-content\"><strong>Avonde de retour et buteur<\/strong><\/p>\n<p class=\" wall-content\">Les Dragons tentaient ensuite de faire gonfler la marque d\u00e8s le d\u00e9but du second tiers, mais ne parvenaient pas \u00e0 trouver la faille face \u00e0 un bon Zimmerman. Malgr\u00e9 tout son talent, le gardien des Rapaces ne pouvait rien sur la jolie passe de Regush pour <strong>Phelan<\/strong>, tout juste sorti de prison, pour le but du K-O (<strong>3-0, 29\u201933)<\/strong>.<\/p>\n<p class=\" wall-content\">Malgr\u00e9 le score \u00e0 leur avantage, la r\u00e9ussite fuyait les rouennais dans ce match. Lafrance, peu en veine dans la soir\u00e9e, trouvait le poteau (36e). Presque \u00e0 sens unique (32 tirs cadr\u00e9s \u00e0 12 apr\u00e8s deux tiers) le score ne refl\u00e9tait pas r\u00e9ellement l\u2019\u00e9cart entre les deux \u00e9quipes du soir. Tout juste revenu \u00e0 Rouen, apr\u00e8s un cours passage par Meudon,<strong> Avonde<\/strong>, parfaitement lanc\u00e9 par Nesa, corsait l\u2019addition (<strong>4-0, 42\u201949<\/strong>).<\/p>\n<p class=\" wall-content\">La victoire assur\u00e9e, les normands rel\u00e2chaient leurs efforts. Cerda, dans un angle tr\u00e8s ferm\u00e9, logeait le palet sous la barre de Carruth dans les derni\u00e8res minutes (4-1, 53\u201903) sans que cela ne change rien au sc\u00e9nario final de cette bonne entr\u00e9e en mati\u00e8re du RHE. Un lancement id\u00e9al \u00e9galement pour le reste de la soir\u00e9e.<\/p>\n<p>Votre r\u00e9gion, votre actu !<\/p>\n<p>Recevez chaque jour les infos qui comptent pour vous.<\/p>\n<p>\t<a href=\"https:\/\/actu.fr\/newsletter\" class=\"ac-btn ac-btn--corner ac-btn--medium ac-btn--blue800\" target=\"_blank\" rel=\"noopener\">S&rsquo;incrire<\/a><\/p>\n<p class=\" wall-content\"><strong>Bel hommage \u00e0 Thierry Chaix et retrait de maillot<\/strong><\/p>\n<p class=\" wall-content\">Annonc\u00e9 fin juin, lors de sa prise de fonction officielle \u00e0 la t\u00eate des Dragons, Ga\u00ebtan Muller aura tenu sa promesse. Le nouvel homme fort du Rouen Hockey Elite souhaitait honorer son pr\u00e9d\u00e9cesseur,<strong> Thierry Chaix<\/strong> (pr\u00e9sident 1997 \u2013 2025) pour ses longues et fructueuses ann\u00e9es \u00e0 la t\u00eate du club (13 titres de champion de France notamment). Hasard du calendrier, c\u2019est face \u00e0 Gap son club de formation et d\u2019o\u00f9 il est originaire que l\u2019ancien pr\u00e9sident des Dragons \u00e0 vu<strong> son maillot \u00eatre retir\u00e9 et accroch\u00e9 au plafond de la patinoire<\/strong>. \u00ab\u00a0Je n\u2019avais pas pr\u00e9vu cela\u00a0!\u00a0\u00bb confiait devant la foule celui qui souhaitait partir et c\u00e9der sa place dans la discr\u00e9tion. Entour\u00e9 de ses proches, mais aussi par bon nombre de personnes qu\u2019il aura c\u00f4toy\u00e9 durant sa carri\u00e8re de joueur (1988-92 \u00e0 Rouen), Le pr\u00e9sident Chaix \u00e0 re\u00e7u un vibrant hommage. M\u00e9rit\u00e9.<\/p>\n<p class=\" wall-content\">Sans lui, le club ne serait pas l\u00e0 o\u00f9 il en est actuellement. \u00ab Quand il a repris avec Olivier Lesueur le flambeau, le club \u00e9tait au bord de la disparition. Ce que je retiens, c\u2019est qu\u2019avec lui, ce sont des titres et une gestion financi\u00e8re saine. Il peut \u00eatre fier de l\u2019h\u00e9ritage qu\u2019il laisse\u00a0\u00bb soulignait <strong>Luc Tardif,<\/strong> ex-co\u00e9quipier et actuellement pr\u00e9sident de la f\u00e9d\u00e9ration internationale de Hockey. Un denier au revoir devant des supporters heureux et fiers de c\u00e9l\u00e9brer leur ancien pr\u00e9sident, mais \u00e0 la fois \u00e9mus de laisser toute une \u00e9poque s\u2019en aller devant eux.<\/p>\n<p class=\" wall-content\"><strong>R\u00e9action d\u2019apr\u00e8s-match :<\/strong><\/p>\n<p class=\" wall-content\"><strong>Carl Mallette<\/strong>, coach de Rouen : \u00ab Je suis satisfait, Je crois qu\u2019on a jou\u00e9 un tr\u00e8s bon match dans l\u2019ensemble. On a mis du temps \u00e0 mettre le premier but, on est rest\u00e9 concentr\u00e9 en respectant le plan de match. C\u2019est une belle victoire d\u2019\u00e9quipe. Le score aurait pu \u00eatre plus s\u00e9v\u00e8re, mais le gardien adverse a \u00e9t\u00e9 tr\u00e8s bon. Peut-\u00eatre que nous avons eu un manque de r\u00e9ussite, mais \u00e7a reste une belle victoire 4-1. \u00bb<\/p>\n<p>Suivez l\u2019actualit\u00e9 de Rouen <a href=\"https:\/\/www.whatsapp.com\/channel\/0029VaKfnf99hXF2ddApFB1D\" target=\"_blank\" rel=\"noopener\">sur notre cha\u00eene WhatsApp<\/a> et <a href=\"https:\/\/www.tiktok.com\/@76actu.fr?lang=fr\" target=\"_blank\" rel=\"noopener\">sur notre compte TikTok<\/a><\/p>\n<p class=\" wall-content\">Personnalisez votre actualit\u00e9 en ajoutant vos villes et m\u00e9dias en favori avec <a href=\"https:\/\/moncompte.actu.fr\" title=\"D\u00e9couvez Mon Actu\" rel=\"nofollow noopener\" data-trk=\"{&quot;cta&quot;:{&quot;action&quot;:&quot;https:\\\/\\\/moncompte.actu.fr&quot;,&quot;category&quot;:&quot;mon compte&quot;,&quot;from&quot;:&quot;article footer&quot;,&quot;name&quot;:&quot;Mon actu&quot;,&quot;type&quot;:&quot;cta&quot;}}\" target=\"_blank\">Mon Actu<\/a>.<\/p>\n<p>                    <script async src=\"\/\/www.tiktok.com\/embed.js\"><\/script><\/p>\n","protected":false},"excerpt":{"rendered":"Par Alexandre Canivet Publi\u00e9 le 13 sept. 2025 \u00e0 13h44 Ils n\u2019auront pas laiss\u00e9 grand-chose \u00e0 leurs adversaires&hellip;\n","protected":false},"author":2,"featured_media":387804,"comment_status":"","ping_status":"","sticky":false,"template":"","format":"standard","meta":{"footnotes":""},"categories":[9587],"tags":[1111,11,1777,674,1011,27,4488,12,5161,25,9590,60],"class_list":{"0":"post-387803","1":"post","2":"type-post","3":"status-publish","4":"format-standard","5":"has-post-thumbnail","7":"category-rouen","8":"tag-actu","9":"tag-actualites","10":"tag-eu","11":"tag-europe","12":"tag-fr","13":"tag-france","14":"tag-hockey","15":"tag-news","16":"tag-normandie","17":"tag-republique-francaise","18":"tag-rouen","19":"tag-sports"},"share_on_mastodon":{"url":"https:\/\/pubeurope.com\/@fr\/115196909662047120","error":""},"_links":{"self":[{"href":"https:\/\/www.europesays.com\/fr\/wp-json\/wp\/v2\/posts\/387803","targetHints":{"allow":["GET"]}}],"collection":[{"href":"https:\/\/www.europesays.com\/fr\/wp-json\/wp\/v2\/posts"}],"about":[{"href":"https:\/\/www.europesays.com\/fr\/wp-json\/wp\/v2\/types\/post"}],"author":[{"embeddable":true,"href":"https:\/\/www.europesays.com\/fr\/wp-json\/wp\/v2\/users\/2"}],"replies":[{"embeddable":true,"href":"https:\/\/www.europesays.com\/fr\/wp-json\/wp\/v2\/comments?post=387803"}],"version-history":[{"count":0,"href":"https:\/\/www.europesays.com\/fr\/wp-json\/wp\/v2\/posts\/387803\/revisions"}],"wp:featuredmedia":[{"embeddable":true,"href":"https:\/\/www.europesays.com\/fr\/wp-json\/wp\/v2\/media\/387804"}],"wp:attachment":[{"href":"https:\/\/www.europesays.com\/fr\/wp-json\/wp\/v2\/media?parent=387803"}],"wp:term":[{"taxonomy":"category","embeddable":true,"href":"https:\/\/www.europesays.com\/fr\/wp-json\/wp\/v2\/categories?post=387803"},{"taxonomy":"post_tag","embeddable":true,"href":"https:\/\/www.europesays.com\/fr\/wp-json\/wp\/v2\/tags?post=387803"}],"curies":[{"name":"wp","href":"https:\/\/api.w.org\/{rel}","templated":true}]}}