{"id":387807,"date":"2025-09-13T12:09:11","date_gmt":"2025-09-13T12:09:11","guid":{"rendered":"https:\/\/www.europesays.com\/fr\/387807\/"},"modified":"2025-09-13T12:09:11","modified_gmt":"2025-09-13T12:09:11","slug":"municipales-2026-lelu-franck-benhamou-rejoint-alain-carignon-pour-que-grenoble-resplendisse-a-nouveau","status":"publish","type":"post","link":"https:\/\/www.europesays.com\/fr\/387807\/","title":{"rendered":"Municipales 2026. L\u2019\u00e9lu Franck Benhamou rejoint Alain Carignon\u00a0\u00ab pour que Grenoble resplendisse \u00e0 nouveau \u00bb"},"content":{"rendered":"<p>C\u2019est le temps des ralliements, des soutiens en ce moment sur Grenoble, dans la perspective des \u00e9lections municipales de mars\u00a02026. La derni\u00e8re annonce concerne l\u2019avocat et conseiller d\u00e9partemental de l\u2019Is\u00e8re Franck Benhamou, qui a d\u00e9cid\u00e9 d\u2019apporter son soutien \u00e0 <a href=\"https:\/\/www.ledauphine.com\/elections\/2025\/08\/24\/isere-grenoble-municipales-2026-alain-carignon-n-a-vraiment-pas-choisi-le-lieu-de-son-qg-de-campagne-par-hasard\" target=\"_blank\" rel=\"noopener\">l\u2019ancien maire d\u00e9sormais candidat<\/a>\u00a0<a href=\"https:\/\/www.ledauphine.com\/p\/alain-carignon\" target=\"_blank\" rel=\"noopener\">Alain Carignon<\/a>.<\/p>\n<p>Adh\u00e9rent d\u2019Horizons, parti d\u2019<a href=\"https:\/\/www.ledauphine.com\/p\/edouard-philippe\" target=\"_blank\" rel=\"noopener\">\u00c9douard Philippe<\/a>, il fait partie de la majorit\u00e9 de droite de <a href=\"https:\/\/www.ledauphine.com\/p\/jean-pierre-barbier\" target=\"_blank\" rel=\"noopener\">Jean-Pierre Barbier<\/a> au conseil d\u00e9partemental. Il ne soutient donc pas <a href=\"https:\/\/www.ledauphine.com\/elections\/2025\/09\/03\/municipales-2026-demain-grenoble-d-hakima-necib-rejoint-l-equipe-d-herve-gerbi\" target=\"_blank\" rel=\"noopener\">le projet de liste d\u2019Herv\u00e9 Gerbi<\/a>, qui est chef de file d\u2019Horizons pour ces municipales. Celui qui fut aussi soutien d\u2019<a href=\"https:\/\/www.ledauphine.com\/p\/emilie-chalas\" target=\"_blank\" rel=\"noopener\">\u00c9milie Chalas<\/a> (Renaissance) en 2020 nous explique les raisons de son choix, qui ne manquera pas de susciter des r\u00e9actions.<\/p>\n<p>\u00ab\u00a0Je pense vraiment qu\u2019Alain Carignon est l\u2019homme de la situation\u00a0\u00bb<\/p>\n<p>\u00ab\u00a0Pourquoi je soutiens Alain Carignon <a href=\"https:\/\/www.ledauphine.com\/elections\/2025\/08\/20\/isere-elections-municipales-2026-on-en-est-ou-a-grenoble-(1-2)\" target=\"_blank\" rel=\"noopener\">dans cette campagne municipale<\/a> ? D\u2019abord parce qu\u2019elle s\u2019annonce cruciale pour Grenoble et son agglom\u00e9ration. Ce choix est r\u00e9fl\u00e9chi, personnel et dict\u00e9 par l\u2019urgence de la situation de la ville. Vous savez, mes choix politiques ont toujours \u00e9t\u00e9 motiv\u00e9s par des convictions fortes. J\u2019ai toujours su conserver mon ind\u00e9pendance et ma libert\u00e9. Ancien adh\u00e9rent de Renaissance, aujourd\u2019hui membre d\u2019Horizons, je reste fid\u00e8le \u00e0 mes valeurs. Mon engagement est libre et totalement d\u00e9sint\u00e9ress\u00e9.\u00a0\u00bb<\/p>\n<p>Sur le c\u00f4t\u00e9 libre, il rappelle qu\u2019il avait \u00e9t\u00e9 \u00e9lu conseiller d\u00e9partemental via Renaissance et avait si\u00e9g\u00e9 quelque temps dans la minorit\u00e9, avant de rejoindre la majorit\u00e9 de Jean-Pierre Barbier. \u00ab\u00a0Mon seul int\u00e9r\u00eat a toujours \u00e9t\u00e9 l\u2019int\u00e9r\u00eat public, j\u2019ai agi pour le bien de mon canton et de ses habitants, comme je veux agir maintenant pour le futur de Grenoble. Notre ville doit redevenir la ville mod\u00e8le qu\u2019elle fut, celle qui a attir\u00e9 tant d\u2019\u00e9tudiants, de chercheurs, de jeunes couples, cadres ou non-cadres et d\u2019entreprises du monde entier. Alain Carignon a \u00e9t\u00e9 maire, d\u00e9put\u00e9, conseiller d\u00e9partemental, pr\u00e9sident de d\u00e9partement, ministre, il a l\u2019exp\u00e9rience et a d\u00e9j\u00e0 d\u00e9montr\u00e9 ses talents. C\u2019est un homme d\u2019action et non de promesses. Il l\u2019a prouv\u00e9. Oui, je pense vraiment qu\u2019Alain Carignon est l\u2019homme de la situation. On ne se s\u2019improvise pas candidat, puis maire d\u2019une ville aussi symbolique et charg\u00e9e d\u2019histoire que Grenoble. Pour que Grenoble resplendisse \u00e0 nouveau, <a href=\"https:\/\/www.ledauphine.com\/elections\/2025\/08\/21\/place-publique-en-embuscade-herve-gerbi-pour-horizons-quel-role-pour-le-ps-on-fait-le-point-a-grenoble-(2-2)\" target=\"_blank\" rel=\"noopener\">il faut un projet<\/a> et surtout des id\u00e9es affranchies de tout dogmatisme.\u00a0\u00bb<\/p>\n<p>Franck Benhamou pr\u00e9cise qu\u2019il ne visera pas de poste d\u2019adjoint en cas de victoire d\u2019Alain Carignon, car il restera avocat et pleinement impliqu\u00e9 dans son mandat au D\u00e9partement.<\/p>\n","protected":false},"excerpt":{"rendered":"C\u2019est le temps des ralliements, des soutiens en ce moment sur Grenoble, dans la perspective des \u00e9lections municipales&hellip;\n","protected":false},"author":2,"featured_media":387808,"comment_status":"","ping_status":"","sticky":false,"template":"","format":"standard","meta":{"footnotes":""},"categories":[9566],"tags":[1111,11,2430,112,4188,1777,674,1011,27,2731,2732,3540,108,12,316,25],"class_list":{"0":"post-387807","1":"post","2":"type-post","3":"status-publish","4":"format-standard","5":"has-post-thumbnail","7":"category-grenoble","8":"tag-actu","9":"tag-actualites","10":"tag-auvergne-rhone-alpes","11":"tag-edition-grenoble-agglomeration","12":"tag-elections-municipales","13":"tag-eu","14":"tag-europe","15":"tag-fr","16":"tag-france","17":"tag-grenoble","18":"tag-grenoble-bassin","19":"tag-horizons","20":"tag-isere","21":"tag-news","22":"tag-politique","23":"tag-republique-francaise"},"share_on_mastodon":{"url":"https:\/\/pubeurope.com\/@fr\/115196917537692212","error":""},"_links":{"self":[{"href":"https:\/\/www.europesays.com\/fr\/wp-json\/wp\/v2\/posts\/387807","targetHints":{"allow":["GET"]}}],"collection":[{"href":"https:\/\/www.europesays.com\/fr\/wp-json\/wp\/v2\/posts"}],"about":[{"href":"https:\/\/www.europesays.com\/fr\/wp-json\/wp\/v2\/types\/post"}],"author":[{"embeddable":true,"href":"https:\/\/www.europesays.com\/fr\/wp-json\/wp\/v2\/users\/2"}],"replies":[{"embeddable":true,"href":"https:\/\/www.europesays.com\/fr\/wp-json\/wp\/v2\/comments?post=387807"}],"version-history":[{"count":0,"href":"https:\/\/www.europesays.com\/fr\/wp-json\/wp\/v2\/posts\/387807\/revisions"}],"wp:featuredmedia":[{"embeddable":true,"href":"https:\/\/www.europesays.com\/fr\/wp-json\/wp\/v2\/media\/387808"}],"wp:attachment":[{"href":"https:\/\/www.europesays.com\/fr\/wp-json\/wp\/v2\/media?parent=387807"}],"wp:term":[{"taxonomy":"category","embeddable":true,"href":"https:\/\/www.europesays.com\/fr\/wp-json\/wp\/v2\/categories?post=387807"},{"taxonomy":"post_tag","embeddable":true,"href":"https:\/\/www.europesays.com\/fr\/wp-json\/wp\/v2\/tags?post=387807"}],"curies":[{"name":"wp","href":"https:\/\/api.w.org\/{rel}","templated":true}]}}