{"id":387811,"date":"2025-09-13T12:12:20","date_gmt":"2025-09-13T12:12:20","guid":{"rendered":"https:\/\/www.europesays.com\/fr\/387811\/"},"modified":"2025-09-13T12:12:20","modified_gmt":"2025-09-13T12:12:20","slug":"ronds-points-bloques-gilets-jaunes-le-point-sur-les-actions-bloquons-tout-prevues-en-ille-et-vilaine-ce-samedi","status":"publish","type":"post","link":"https:\/\/www.europesays.com\/fr\/387811\/","title":{"rendered":"Ronds-points bloqu\u00e9s, gilets jaunes\u00a0: le point sur les actions \u00ab\u00a0Bloquons tout\u00a0\u00bb pr\u00e9vues en Ille-et-Vilaine ce samedi"},"content":{"rendered":"<p>Dans le sillage de la journ\u00e9e de mobilisation du 10 septembre, des manifestants du mouvement \u00ab\u00a0Bloquons tout\u00a0\u00bb ont pr\u00e9vu des blocages sur des ronds-points de Rennes et des alentours ce samedi.  <\/p>\n<p>Apr\u00e8s la journ\u00e9e du 10 septembre,\u00a0<a class=\"IciLink ici-link IciArticleLink g-ici-body-regular-1 underline brand svelte-lu7k6w\" href=\"https:\/\/www.francebleu.fr\/infos\/societe\/direct-bloquons-tout-la-mobilisation-a-rennes-vannes-saint-malo-ou-encore-saint-brieuc-1696093\" rel=\"nofollow noopener\" target=\"_blank\">tr\u00e8s suivie et mouvement\u00e9e en Bretagne<\/a>, et en attendant\u00a0<a class=\"IciLink ici-link IciArticleLink g-ici-body-regular-1 underline brand svelte-lu7k6w\" href=\"https:\/\/www.francebleu.fr\/infos\/economie-social\/transports-ecoles-pharmacies-energie-a-quoi-faut-il-s-attendre-pour-la-journee-de-greve-du-18-septembre-9606576\" rel=\"nofollow noopener\" target=\"_blank\">celle du 18<\/a>, <strong>les manifestants de \u00ab\u00a0Bloquons tout\u00a0\u00bb pr\u00e9voient des actions en Ille-et-Vilaine.<\/strong> Ils devraient bloquer plusieurs ronds-points devant des centres commerciaux \u00e0 Rennes ce samedi 13 septembre. Une annonce faite par <a target=\"_blank\" rel=\"nofollow noopener noreferrer\" class=\"IciLink ici-link IciArticleLink g-ici-body-regular-1 underline brand svelte-lu7k6w\" href=\"https:\/\/www.instagram.com\/indignons_nous_ille_et_vilaine\/\">la page Instagram \u00ab\u00a0Indignons-nous Ille-et-Vilaine\u00a0\u00bb.<\/a><\/p>\n<p> \u00c0 Rennes, \u00ab\u00a0prenons les ronds-points\u00a0\u00bb<\/p>\n<p>\u00c0 partir de 11h, les manifestants pr\u00e9voient de bloquer le rond-point \u00e0 c\u00f4t\u00e9 <strong>du McDonald&rsquo;s de Grand Quartier, celui du m\u00e9tro Henri Fr\u00e9ville et de Cleunay.<\/strong> Un mot d&rsquo;ordre\u00a0: \u00ab\u00a0Prenons les ronds-points\u00a0\u00bb, peut-on lire sur les r\u00e9seaux sociaux.<\/p>\n<p>\u00c0 11h30, <strong>une trentaine de manifestants<\/strong> sont rassembl\u00e9s sur le rond-point de Cleunay, \u00e0 l&rsquo;ouest de Rennes, sans bloquer ou ralentir la circulation, a constat\u00e9 notre reporter sur place.<\/p>\n<p><img loading=\"lazy\" decoding=\"async\" class=\"VisualPreview svelte-1rldrkz\" src=\"data:image\/jpeg;base64,\/9j\/2wBDACgcHiMeGSgjISMtKygwPGRBPDc3PHtYXUlkkYCZlo+AjIqgtObDoKrarYqMyP\/L2u71\/\/\/\/m8H\/\/\/\/6\/+b9\/\/j\/2wBDASstLTw1PHZBQXb4pYyl+Pj4+Pj4+Pj4+Pj4+Pj4+Pj4+Pj4+Pj4+Pj4+Pj4+Pj4+Pj4+Pj4+Pj4+Pj4+Pj4+Pj\/wAARCAAfACoDASIAAhEBAxEB\/8QAGQABAQEAAwAAAAAAAAAAAAAAAwIBAAQF\/8QAFxABAQEBAAAAAAAAAAAAAAAAAAECEf\/EABUBAQEAAAAAAAAAAAAAAAAAAAEA\/8QAFBEBAAAAAAAAAAAAAAAAAAAAAP\/aAAwDAQACEQMRAD8AfQtwlo9EA3A6jsbgdQINjF2MCej1NrnU2kp0LRNUWgkVLaxJ\/9k=\" alt=\"Une trentaine de manifestants sur le rond-point Cleunay \u00e0 Rennes, peu avant 12h\" width=\"600\" height=\"450\"\/>  Une trentaine de manifestants sur le rond-point Cleunay \u00e0 Rennes, peu avant 12h \u00a9 Radio France &#8211; Emma Dehoey Des membres de la Conf\u00e9d\u00e9ration paysanne mobilis\u00e9s \u00e0 Pac\u00e9<\/p>\n<p>Des agriculteurs, membres de la Conf\u00e9d\u00e9ration paysanne, se sont rassembl\u00e9s depuis ce samedi \u00e0 9h, \u00e0 c\u00f4t\u00e9 d&rsquo;un grand rond-point, \u00e0 la bretelle de la sortie de la RN12 en venant de Saint-Brieuc. Une trentaine de personnes y sont rassembl\u00e9es <strong>pour participer \u00e0 un barbecue.<\/strong>\u00a0Pour l&rsquo;instant, il n&rsquo;y a aucune incidence sur le trafic.<\/p>\n<p>\u00c0 Foug\u00e8res, des discussions avec les habitants<\/p>\n<p><a target=\"_blank\" rel=\"nofollow noopener noreferrer\" class=\"IciLink ici-link IciArticleLink g-ici-body-regular-1 underline brand svelte-lu7k6w\" href=\"https:\/\/www.instagram.com\/le_jeune_engage\/p\/DOf0pe9iNmF\/\">Sur Instagram<\/a>, les manifestants de Foug\u00e8res annoncent qu&rsquo;ils seront sur le march\u00e9 \u00e0 partir de 10h pour \u00ab\u00a0discuter avec les habitants et recueillir leur parole.\u00a0\u00bb A 13h, un <strong>pique-nique partag\u00e9<\/strong> sera organis\u00e9 au kiosque du jardin public, suivi d&rsquo;une <strong>assembl\u00e9e g\u00e9n\u00e9rale<\/strong> pour pr\u00e9parer les prochaines actions avant la journ\u00e9e de gr\u00e8ve du 18 septembre.\u00a0 Pour ce jour, une <strong>garderie<\/strong> sera mise en place. Une <strong>caisse de gr\u00e8ve<\/strong> sera install\u00e9e.<\/p>\n<p>\u00c0 \u00e9couter aussi   <img decoding=\"async\" src=\"https:\/\/www.europesays.com\/fr\/wp-content\/uploads\/2025\/09\/1757765539_725_560x315\" alt=\"Le mercredi 10 septembre a aussi \u00e9t\u00e9 tendu quartier du Blosne \u00e0 Rennes (photo d'illustration).\" style=\"--_image-preview:url('data:image\/jpeg;base64,\/9j\/2wBDACgcHiMeGSgjISMtKygwPGRBPDc3PHtYXUlkkYCZlo+AjIqgtObDoKrarYqMyP\/L2u71\/\/\/\/m8H\/\/\/\/6\/+b9\/\/j\/2wBDASstLTw1PHZBQXb4pYyl+Pj4+Pj4+Pj4+Pj4+Pj4+Pj4+Pj4+Pj4+Pj4+Pj4+Pj4+Pj4+Pj4+Pj4+Pj4+Pj4+Pj\/wAARCAAXACoDASIAAhEBAxEB\/8QAFwABAQEBAAAAAAAAAAAAAAAAAAIBA\/\/EABYQAQEBAAAAAAAAAAAAAAAAAAABEf\/EABYBAQEBAAAAAAAAAAAAAAAAAAEAAv\/EABQRAQAAAAAAAAAAAAAAAAAAAAD\/2gAMAwEAAhEDEQA\/AOkanTUlNidbKUuK1ErdIcNNBholVKBSpW6BD\/\/Z');\" loading=\"lazy\" fetchpriority=\"low\" aria-hidden=\"true\" class=\"svelte-1pnmlwx rounded\" onload=\"this.__e=event\" onerror=\"this.__e=event\"\/>\u00c0 lire aussi   <img decoding=\"async\" src=\"https:\/\/www.europesays.com\/fr\/wp-content\/uploads\/2025\/09\/1757765540_706_560x315\" alt=\"Un bus en feu sur la rocade de Rennes, le 10 septembre, lors du mouvement &quot;Bloquons tout&quot;.\" style=\"--_image-preview:url('data:image\/jpeg;base64,\/9j\/2wBDACgcHiMeGSgjISMtKygwPGRBPDc3PHtYXUlkkYCZlo+AjIqgtObDoKrarYqMyP\/L2u71\/\/\/\/m8H\/\/\/\/6\/+b9\/\/j\/2wBDASstLTw1PHZBQXb4pYyl+Pj4+Pj4+Pj4+Pj4+Pj4+Pj4+Pj4+Pj4+Pj4+Pj4+Pj4+Pj4+Pj4+Pj4+Pj4+Pj4+Pj\/wAARCAAXACoDASIAAhEBAxEB\/8QAFgABAQEAAAAAAAAAAAAAAAAAAAEC\/8QAFhABAQEAAAAAAAAAAAAAAAAAABEB\/8QAFgEBAQEAAAAAAAAAAAAAAAAAAQAC\/8QAFREBAQAAAAAAAAAAAAAAAAAAABH\/2gAMAwEAAhEDEQA\/AKpCClVxFVLWatZU0JEgMJYQEgAp\/9k=');\" loading=\"lazy\" fetchpriority=\"low\" aria-hidden=\"true\" class=\"svelte-1pnmlwx rounded\" onload=\"this.__e=event\" onerror=\"this.__e=event\"\/><script async src=\"\/\/www.instagram.com\/embed.js\"><\/script><\/p>\n","protected":false},"excerpt":{"rendered":"Dans le sillage de la journ\u00e9e de mobilisation du 10 septembre, des manifestants du mouvement \u00ab\u00a0Bloquons tout\u00a0\u00bb ont&hellip;\n","protected":false},"author":2,"featured_media":387812,"comment_status":"","ping_status":"","sticky":false,"template":"","format":"standard","meta":{"footnotes":""},"categories":[2821],"tags":[1111,11,829,1777,674,1011,27,12,584,25],"class_list":{"0":"post-387811","1":"post","2":"type-post","3":"status-publish","4":"format-standard","5":"has-post-thumbnail","7":"category-rennes","8":"tag-actu","9":"tag-actualites","10":"tag-bretagne","11":"tag-eu","12":"tag-europe","13":"tag-fr","14":"tag-france","15":"tag-news","16":"tag-rennes","17":"tag-republique-francaise"},"share_on_mastodon":{"url":"https:\/\/pubeurope.com\/@fr\/115196929525959158","error":""},"_links":{"self":[{"href":"https:\/\/www.europesays.com\/fr\/wp-json\/wp\/v2\/posts\/387811","targetHints":{"allow":["GET"]}}],"collection":[{"href":"https:\/\/www.europesays.com\/fr\/wp-json\/wp\/v2\/posts"}],"about":[{"href":"https:\/\/www.europesays.com\/fr\/wp-json\/wp\/v2\/types\/post"}],"author":[{"embeddable":true,"href":"https:\/\/www.europesays.com\/fr\/wp-json\/wp\/v2\/users\/2"}],"replies":[{"embeddable":true,"href":"https:\/\/www.europesays.com\/fr\/wp-json\/wp\/v2\/comments?post=387811"}],"version-history":[{"count":0,"href":"https:\/\/www.europesays.com\/fr\/wp-json\/wp\/v2\/posts\/387811\/revisions"}],"wp:featuredmedia":[{"embeddable":true,"href":"https:\/\/www.europesays.com\/fr\/wp-json\/wp\/v2\/media\/387812"}],"wp:attachment":[{"href":"https:\/\/www.europesays.com\/fr\/wp-json\/wp\/v2\/media?parent=387811"}],"wp:term":[{"taxonomy":"category","embeddable":true,"href":"https:\/\/www.europesays.com\/fr\/wp-json\/wp\/v2\/categories?post=387811"},{"taxonomy":"post_tag","embeddable":true,"href":"https:\/\/www.europesays.com\/fr\/wp-json\/wp\/v2\/tags?post=387811"}],"curies":[{"name":"wp","href":"https:\/\/api.w.org\/{rel}","templated":true}]}}