{"id":387814,"date":"2025-09-13T12:14:12","date_gmt":"2025-09-13T12:14:12","guid":{"rendered":"https:\/\/www.europesays.com\/fr\/387814\/"},"modified":"2025-09-13T12:14:12","modified_gmt":"2025-09-13T12:14:12","slug":"emegha-et-strasbourg-la-polemique","status":"publish","type":"post","link":"https:\/\/www.europesays.com\/fr\/387814\/","title":{"rendered":"Emegha et Strasbourg, la pol\u00e9mique !"},"content":{"rendered":"<p><strong>Emmanuel Emegha pose d\u00e9j\u00e0 avec le<br \/>\nmaillot de Chelsea alors qu&rsquo;il est toujours un joueur de<br \/>\nStrasbourg. Les fans alsaciens sont furieux.<\/strong><\/p>\n<p data-start=\"169\" data-end=\"491\">La saison de Ligue 1 vient \u00e0<br \/>\npeine de d\u00e9buter que le capitaine de Strasbourg, Emmanuel Emegha,<br \/>\nse retrouve d\u00e9j\u00e0 au c\u0153ur d\u2019une pol\u00e9mique avec ses propres<br \/>\nsupporters. L\u2019attaquant n\u00e9erlandais, annonc\u00e9 depuis plusieurs<br \/>\nsemaines \u00e0 Chelsea, a officialis\u00e9 son futur transfert\u2026 alors qu\u2019il<br \/>\nreste encore une saison pleine \u00e0 jouer en Alsace.<\/p>\n<p data-start=\"493\" data-end=\"984\">Probl\u00e8me : cette communication<br \/>\nne passe pas du tout aupr\u00e8s d\u2019une partie des fans du Racing.<br \/>\nBeaucoup peinent \u00e0 comprendre comment leur capitaine peut<br \/>\ns\u2019afficher d\u00e8s maintenant comme un futur joueur des Blues, avec des<br \/>\npublications sur ses r\u00e9seaux sociaux qui le pr\u00e9sentent presque d\u00e9j\u00e0<br \/>\ncomme membre de l\u2019effectif londonien. Pour eux, cette attitude<br \/>\nbrouille le message et donne l\u2019impression qu\u2019Emegha a d\u00e9j\u00e0 la t\u00eate<br \/>\nailleurs, alors qu\u2019il est cens\u00e9 mener Strasbourg cette saison en<br \/>\nLigue 1.<\/p>\n<blockquote class=\"twitter-tweet\"><p><a class=\"twitter-link\" rel=\"noindex, nofollow noopener\" href=\"https:\/\/twitter.com\/sxb_mm\/status\/1966533837363585175\" target=\"_blank\"><\/p><\/blockquote>\n<p data-start=\"986\" data-end=\"1335\">Ce malaise s\u2019explique aussi par<br \/>\nla situation particuli\u00e8re du club. Le RCSA appartient \u00e0 la m\u00eame<br \/>\ngalaxie de multi-propri\u00e9t\u00e9 que Chelsea, et cette proximit\u00e9 nourrit<br \/>\nla frustration des supporters. Emegha symbolise, malgr\u00e9 lui, cette<br \/>\nperte d\u2019ind\u00e9pendance sportive : le capitaine du Racing est en<br \/>\nr\u00e9alit\u00e9 d\u00e9j\u00e0 un pion du grand projet de la maison-m\u00e8re.<\/p>\n<p>Suffisamment investi malgr\u00e9 le<br \/>\ntransfert ?<\/p>\n<p data-start=\"1337\" data-end=\"1829\">Pourtant, sur le terrain,<br \/>\nl\u2019attaquant reste l\u2019un des atouts majeurs de Liam Rosenior et a<br \/>\nd\u00e9j\u00e0 montr\u00e9 qu\u2019il pouvait peser sur les d\u00e9fenses adverses. Mais<br \/>\npour une partie du public strasbourgeois, le c\u0153ur n\u2019y est plus.<br \/>\nVoir leur leader endosser publiquement un r\u00f4le de futur joueur de<br \/>\nChelsea avant m\u00eame d\u2019avoir disput\u00e9 l\u2019int\u00e9gralit\u00e9 de sa saison en<br \/>\nAlsace passe mal, d\u2019autant plus que le Racing aura besoin d\u2019un<br \/>\ncapitaine pleinement investi pour viser une place confortable en<br \/>\nchampionnat.<\/p>\n<p data-start=\"1831\" data-end=\"1996\">Emegha, lui, devra jongler<br \/>\nentre ses ambitions l\u00e9gitimes \u00e0 l\u2019international et la n\u00e9cessit\u00e9 de<br \/>\nrassurer un public qui doute d\u00e9j\u00e0 de son attachement au maillot<br \/>\nbleu. A commencer par dimanche, lors du match de la 4e journ\u00e9e de<br \/>\nLigue 1 contre le Havre.<\/p>\n<p><script async src=\"https:\/\/platform.twitter.com\/widgets.js\" charset=\"utf-8\"><\/script><\/p>\n","protected":false},"excerpt":{"rendered":"Emmanuel Emegha pose d\u00e9j\u00e0 avec le maillot de Chelsea alors qu&rsquo;il est toujours un joueur de Strasbourg. Les&hellip;\n","protected":false},"author":2,"featured_media":387815,"comment_status":"","ping_status":"","sticky":false,"template":"","format":"standard","meta":{"footnotes":""},"categories":[2820],"tags":[1111,11,1777,674,1011,27,775,12,25,640],"class_list":{"0":"post-387814","1":"post","2":"type-post","3":"status-publish","4":"format-standard","5":"has-post-thumbnail","7":"category-strasbourg","8":"tag-actu","9":"tag-actualites","10":"tag-eu","11":"tag-europe","12":"tag-fr","13":"tag-france","14":"tag-grand-est","15":"tag-news","16":"tag-republique-francaise","17":"tag-strasbourg"},"share_on_mastodon":{"url":"https:\/\/pubeurope.com\/@fr\/115196937180002761","error":""},"_links":{"self":[{"href":"https:\/\/www.europesays.com\/fr\/wp-json\/wp\/v2\/posts\/387814","targetHints":{"allow":["GET"]}}],"collection":[{"href":"https:\/\/www.europesays.com\/fr\/wp-json\/wp\/v2\/posts"}],"about":[{"href":"https:\/\/www.europesays.com\/fr\/wp-json\/wp\/v2\/types\/post"}],"author":[{"embeddable":true,"href":"https:\/\/www.europesays.com\/fr\/wp-json\/wp\/v2\/users\/2"}],"replies":[{"embeddable":true,"href":"https:\/\/www.europesays.com\/fr\/wp-json\/wp\/v2\/comments?post=387814"}],"version-history":[{"count":0,"href":"https:\/\/www.europesays.com\/fr\/wp-json\/wp\/v2\/posts\/387814\/revisions"}],"wp:featuredmedia":[{"embeddable":true,"href":"https:\/\/www.europesays.com\/fr\/wp-json\/wp\/v2\/media\/387815"}],"wp:attachment":[{"href":"https:\/\/www.europesays.com\/fr\/wp-json\/wp\/v2\/media?parent=387814"}],"wp:term":[{"taxonomy":"category","embeddable":true,"href":"https:\/\/www.europesays.com\/fr\/wp-json\/wp\/v2\/categories?post=387814"},{"taxonomy":"post_tag","embeddable":true,"href":"https:\/\/www.europesays.com\/fr\/wp-json\/wp\/v2\/tags?post=387814"}],"curies":[{"name":"wp","href":"https:\/\/api.w.org\/{rel}","templated":true}]}}