{"id":387816,"date":"2025-09-13T12:15:25","date_gmt":"2025-09-13T12:15:25","guid":{"rendered":"https:\/\/www.europesays.com\/fr\/387816\/"},"modified":"2025-09-13T12:15:25","modified_gmt":"2025-09-13T12:15:25","slug":"la-plage-restaurant-playamesa-fete-sa-premiere-saison-a-saint-laurent-du-var","status":"publish","type":"post","link":"https:\/\/www.europesays.com\/fr\/387816\/","title":{"rendered":"La Plage-Restaurant PlayaMesa f\u00eate sa premi\u00e8re saison \u00e0 Saint Laurent du Var"},"content":{"rendered":"<p>Nicolas Esclapez, pr\u00e9sident de Nouvelle Vague Hospitality, a invit\u00e9 clients et amis \u00e0 f\u00eater la premi\u00e8re saison de <a href=\"https:\/\/www.nicerendezvous.com\/2025071115287\/playamesa-le-nouveau-restaurant-bar-plage-a-saint-laurent-du-var.html\" target=\"_blank\" rel=\"noopener\">PlayaMesa,<\/a> la nouvelle plage-restaurant du groupe.<\/p>\n<p><strong>PLAYAMESA<\/strong> &#8211; Sable dor\u00e9, palmiers bruissant dans la brise et transats align\u00e9s face \u00e0 une mer bleue, <a href=\"https:\/\/www.nicerendezvous.com\/2025071115287\/playamesa-le-nouveau-restaurant-bar-plage-a-saint-laurent-du-var.html\" target=\"_blank\" rel=\"noopener\"><strong>PlayaMesa <\/strong> <\/a>offre un d\u00e9paysement imm\u00e9diat. C\u2019est l\u2019impression qu\u2019ont ressenti les invit\u00e9s venus f\u00eater la premi\u00e8re saison de la nouvelle p\u00e9pite du groupe. L\u2019animation musicale avait \u00e9t\u00e9 confi\u00e9e aux Mariachi Corason de Mexico, ce qui renfor\u00e7ait la premi\u00e8re impression de voyage. On pouvait se croire, le temps d\u2019une soir\u00e9e, sur une plage d\u2019Acapulco ou de Cancun en savourant son cocktail Margarita. Dans la vaste salle de restaurant, l\u2019\u00e9quipe avait dress\u00e9 le buffet; le chef californien Alexander Douglas Burger grillait \u00e0 la minute les mini burgers, plus loin on cuisait les gnocchis de Miamici. Guacamole, brochettes et autres bouch\u00e9es \u00e9taient servis aux convives. La convivialit\u00e9 \u00e9tait le ma\u00eetre-mot de cette soir\u00e9e de fin d\u2019\u00e9t\u00e9 berc\u00e9e par les rythmes latinos. Nouvelle Vague Hospitality pouvait se f\u00e9liciter du succ\u00e8s de sa nouvelle adresse azur\u00e9enne.<\/p>\n<p>\u00a0<strong>Le groupe Nouvelle Vague Hospitality sur la C\u00f4te d\u2019Azur<\/strong><br \/><a href=\"https:\/\/www.nicerendezvous.com\/2025071115287\/playamesa-le-nouveau-restaurant-bar-plage-a-saint-laurent-du-var.html\" target=\"_blank\" rel=\"noopener\">Plage-restaurant Playamesa promenade des Flots Bleus &#8211; Saint Laurent du Var<\/a><br \/>H\u00f4tel Holiday Inn &#8211; Saint Laurent du Var<br \/><a href=\"https:\/\/www.nicerendezvous.com\/2023092114828\/inauguration-de-l-hotel-canopy-by-hilton-a-cannes.html\" target=\"_blank\" rel=\"noopener\">H\u00f4tel Canopy by Hilton, son restaurant Marea et son restaurant brunch Caf\u00e9 Cr\u00e8me &#8211; Cannes<\/a><br \/>H\u00f4tel Holiday Inn et sa trattoria contemporaine Miamici &#8211; Nice<\/p>\n<p>Copyright \u00a92025 NRV Nice Rendezvous. Tous droits r\u00e9serv\u00e9s. <br \/>@ actualites_nrv #Nice06<br \/><a href=\"https:\/\/www.instagram.com\/nice_rendezvous\/\" target=\"_blank\" rel=\"noopener\">https:\/\/www.instagram.com\/nice_rendezvous\/<\/a><br \/><a href=\"https:\/\/www.threads.com\/\" target=\"_blank\" rel=\"noopener\">https:\/\/www.threads.com\/<\/a>@nice_rendezvous<br \/><a href=\"https:\/\/bsky.app\/profile\/nicerendezvous.bsky.social\" target=\"_blank\" rel=\"noopener\">https:\/\/bsky.app\/profile\/nicerendezvous.bsky.social<\/a><\/p>\n<p><img loading=\"lazy\" decoding=\"async\" style=\"margin-right: 20px; margin-bottom: 2px; float: left;\" alt=\"logo-nicerendezvous\" src=\"https:\/\/www.europesays.com\/fr\/wp-content\/uploads\/2025\/04\/logo-nrdv.jpg\" height=\"40\" width=\"40\"\/>Toutes les actualit\u00e9s les plus r\u00e9centes de <strong>NRV<\/strong>, <strong>NiceRendezVous<\/strong>, le site de rencontre avec les \u00e9v\u00e9nements, la culture et l&rsquo;histoire de <strong>Nice, de la C\u00f4te d&rsquo;Azur et de la Principaut\u00e9 de Monaco<\/strong>, sont pr\u00e9sent\u00e9es<a target=\"_blank\" title=\"Les actus r\u00e9centes de Nice-RendezVous sur Google actualit\u00e9s\" href=\"http:\/\/news.google.fr\/news\/search?pz=1&amp;cf=i&amp;ned=fr&amp;hl=fr&amp;q=site%3Anicerendezvous.com&amp;scoring=n&amp;ict=ln\" rel=\"noopener\"> ici par <strong>Google actualit\u00e9<\/strong><\/a><\/p>\n<p id=\"slidetag\">\u00a0<\/p>\n<p><script async src=\"\/\/www.instagram.com\/embed.js\"><\/script><\/p>\n","protected":false},"excerpt":{"rendered":"Nicolas Esclapez, pr\u00e9sident de Nouvelle Vague Hospitality, a invit\u00e9 clients et amis \u00e0 f\u00eater la premi\u00e8re saison de&hellip;\n","protected":false},"author":2,"featured_media":9501,"comment_status":"","ping_status":"","sticky":false,"template":"","format":"standard","meta":{"footnotes":""},"categories":[2819],"tags":[1111,11,1777,674,4768,1011,27,3955,12,2401,15656,38175,882,25,1340,3213,3242,7506],"class_list":{"0":"post-387816","1":"post","2":"type-post","3":"status-publish","4":"format-standard","5":"has-post-thumbnail","7":"category-nice","8":"tag-actu","9":"tag-actualites","10":"tag-eu","11":"tag-europe","12":"tag-fete","13":"tag-fr","14":"tag-france","15":"tag-laurent","16":"tag-news","17":"tag-nice","18":"tag-plage","19":"tag-playamesa","20":"tag-provence-alpes-cote-dazur","21":"tag-republique-francaise","22":"tag-restaurant","23":"tag-saint","24":"tag-saison","25":"tag-var"},"share_on_mastodon":{"url":"https:\/\/pubeurope.com\/@fr\/115196941267906157","error":""},"_links":{"self":[{"href":"https:\/\/www.europesays.com\/fr\/wp-json\/wp\/v2\/posts\/387816","targetHints":{"allow":["GET"]}}],"collection":[{"href":"https:\/\/www.europesays.com\/fr\/wp-json\/wp\/v2\/posts"}],"about":[{"href":"https:\/\/www.europesays.com\/fr\/wp-json\/wp\/v2\/types\/post"}],"author":[{"embeddable":true,"href":"https:\/\/www.europesays.com\/fr\/wp-json\/wp\/v2\/users\/2"}],"replies":[{"embeddable":true,"href":"https:\/\/www.europesays.com\/fr\/wp-json\/wp\/v2\/comments?post=387816"}],"version-history":[{"count":0,"href":"https:\/\/www.europesays.com\/fr\/wp-json\/wp\/v2\/posts\/387816\/revisions"}],"wp:featuredmedia":[{"embeddable":true,"href":"https:\/\/www.europesays.com\/fr\/wp-json\/wp\/v2\/media\/9501"}],"wp:attachment":[{"href":"https:\/\/www.europesays.com\/fr\/wp-json\/wp\/v2\/media?parent=387816"}],"wp:term":[{"taxonomy":"category","embeddable":true,"href":"https:\/\/www.europesays.com\/fr\/wp-json\/wp\/v2\/categories?post=387816"},{"taxonomy":"post_tag","embeddable":true,"href":"https:\/\/www.europesays.com\/fr\/wp-json\/wp\/v2\/tags?post=387816"}],"curies":[{"name":"wp","href":"https:\/\/api.w.org\/{rel}","templated":true}]}}