{"id":387819,"date":"2025-09-13T12:17:19","date_gmt":"2025-09-13T12:17:19","guid":{"rendered":"https:\/\/www.europesays.com\/fr\/387819\/"},"modified":"2025-09-13T12:17:19","modified_gmt":"2025-09-13T12:17:19","slug":"la-rentree-se-fete-pour-ce-supermarche-cooperatif-au-sud-de-nantes","status":"publish","type":"post","link":"https:\/\/www.europesays.com\/fr\/387819\/","title":{"rendered":"La rentr\u00e9e se f\u00eate pour ce supermarch\u00e9 coop\u00e9ratif au sud de Nantes"},"content":{"rendered":"<p><a href=\"https:\/\/nantes.maville.com\/actu\/actudet_-ce-supermarche-fonctionne-grace-a-ses-clients-il-ouvre-ses-portes-au-public-pres-de-nantes-_8-6723138_actu.Htm\" target=\"_blank\" rel=\"noopener\">Scop\u00e9li, supermarch\u00e9 coop\u00e9ratif<\/a>, 20,\u00a0rue de l\u2019abb\u00e9 Gr\u00e9goire, organise sa f\u00eate de rentr\u00e9e le samedi 20\u00a0septembre, de 10\u00a0heures \u00e0 17\u00a0heures. On peut y faire ses courses, en bio, local, \u00e9thique et z\u00e9ro d\u00e9chet, m\u00eame sans \u00eatre coop\u00e9rateur.<\/p>\n<p>\u00a0C\u2019est l\u2019occasion de visiter, d\u00e9couvrir le fonctionnement du supermarch\u00e9 coop\u00e9ratif et participatif qui appartient \u00e0 ses clients et fonctionne gr\u00e2ce \u00e0 eux. On &#8230;<\/p>\n<p>\u00a0<\/p>\n","protected":false},"excerpt":{"rendered":"Scop\u00e9li, supermarch\u00e9 coop\u00e9ratif, 20,\u00a0rue de l\u2019abb\u00e9 Gr\u00e9goire, organise sa f\u00eate de rentr\u00e9e le samedi 20\u00a0septembre, de 10\u00a0heures \u00e0&hellip;\n","protected":false},"author":2,"featured_media":387820,"comment_status":"","ping_status":"","sticky":false,"template":"","format":"standard","meta":{"footnotes":""},"categories":[2818],"tags":[1111,11,52041,1777,674,4768,1011,27,766,12,2636,28313,25,7053,397],"class_list":{"0":"post-387819","1":"post","2":"type-post","3":"status-publish","4":"format-standard","5":"has-post-thumbnail","7":"category-nantes","8":"tag-actu","9":"tag-actualites","10":"tag-cooperatif","11":"tag-eu","12":"tag-europe","13":"tag-fete","14":"tag-fr","15":"tag-france","16":"tag-nantes","17":"tag-news","18":"tag-pays-de-la-loire","19":"tag-rentree","20":"tag-republique-francaise","21":"tag-sud","22":"tag-supermarche"},"share_on_mastodon":{"url":"https:\/\/pubeurope.com\/@fr\/115196949086471501","error":""},"_links":{"self":[{"href":"https:\/\/www.europesays.com\/fr\/wp-json\/wp\/v2\/posts\/387819","targetHints":{"allow":["GET"]}}],"collection":[{"href":"https:\/\/www.europesays.com\/fr\/wp-json\/wp\/v2\/posts"}],"about":[{"href":"https:\/\/www.europesays.com\/fr\/wp-json\/wp\/v2\/types\/post"}],"author":[{"embeddable":true,"href":"https:\/\/www.europesays.com\/fr\/wp-json\/wp\/v2\/users\/2"}],"replies":[{"embeddable":true,"href":"https:\/\/www.europesays.com\/fr\/wp-json\/wp\/v2\/comments?post=387819"}],"version-history":[{"count":0,"href":"https:\/\/www.europesays.com\/fr\/wp-json\/wp\/v2\/posts\/387819\/revisions"}],"wp:featuredmedia":[{"embeddable":true,"href":"https:\/\/www.europesays.com\/fr\/wp-json\/wp\/v2\/media\/387820"}],"wp:attachment":[{"href":"https:\/\/www.europesays.com\/fr\/wp-json\/wp\/v2\/media?parent=387819"}],"wp:term":[{"taxonomy":"category","embeddable":true,"href":"https:\/\/www.europesays.com\/fr\/wp-json\/wp\/v2\/categories?post=387819"},{"taxonomy":"post_tag","embeddable":true,"href":"https:\/\/www.europesays.com\/fr\/wp-json\/wp\/v2\/tags?post=387819"}],"curies":[{"name":"wp","href":"https:\/\/api.w.org\/{rel}","templated":true}]}}