{"id":387821,"date":"2025-09-13T12:18:26","date_gmt":"2025-09-13T12:18:26","guid":{"rendered":"https:\/\/www.europesays.com\/fr\/387821\/"},"modified":"2025-09-13T12:18:26","modified_gmt":"2025-09-13T12:18:26","slug":"l1-j4-tout-savoir-sur-nice","status":"publish","type":"post","link":"https:\/\/www.europesays.com\/fr\/387821\/","title":{"rendered":"L1 (J4) : Tout savoir sur Nice"},"content":{"rendered":"<p class=\"date\">\n                                                            R\u00e9daction Media365, publi\u00e9 le samedi 13 septembre 2025 \u00e0 08h00\n                                                    <\/p>\n<p>Nice re\u00e7oit Nantes ce samedi apr\u00e8s-midi (17h) dans le cadre de la 4e journ\u00e9e de Ligue 1. Voici tout ce qu&rsquo;il faut savoir sur cette rencontre.<\/p>\n<p>Apr\u00e8s un d\u00e9but de saison rat\u00e9 (deux d\u00e9faites en trois rencontres), Nice aura \u00e0 coeur de se reprendre devant son public ce samedi. En face, Nantes a \u00e9galement trois points mais n&rsquo;a pas les m\u00eames ambitions que les Aiglons de Franck Haise cette ann\u00e9e. A l&rsquo;ext\u00e9rieur, les Canaris tenteront de revenir avec au moins un point.<\/p>\n<p>Les stats \u00e0 conna\u00eetre (avec Opta)<\/p>\n<p>Nice n&rsquo;a gagn\u00e9 aucun de ses six derniers matchs de Ligue 1 contre Nantes (3 nuls et 3 d\u00e9faites), apr\u00e8s avoir remport\u00e9 les quatre pr\u00e9c\u00e9dents.<\/p>\n<p>Nice a perdu ses deux derni\u00e8res r\u00e9ceptions de Nantes en Ligue 1, \u00e0 chaque fois sur le score de 1-2 (en mars 2024 et avril 2025). Les deux \u00e9quipes ont marqu\u00e9 lors de chacun de leurs neuf derniers matchs \u00e0 l&rsquo;Allianz Riviera.<\/p>\n<p>Battu au Havre lors de la pr\u00e9c\u00e9dente journ\u00e9e (1-3), Nice n&rsquo;a subi qu&rsquo;une seule fois deux d\u00e9faites de rang en Ligue 1 depuis le d\u00e9but de la saison derni\u00e8re, c&rsquo;\u00e9tait entre mars et avril 2025 avec des revers \u00e0 Monaco (1-2) puis \u00e0 domicile contre&#8230; Nantes (1-2).<\/p>\n<p>Vainqueur d&rsquo;Auxerre avant la tr\u00eave internationale (1-0), Nantes n&rsquo;a plus enchain\u00e9 deux succ\u00e8s en Ligue 1 depuis ao\u00fbt 2024. Le FCN s&rsquo;est depuis inclin\u00e9 lors de chacune de ses six rencontres ayant suivi une victoire en L1.<\/p>\n<p>Nice a \u00e9chou\u00e9 \u00e0 marquer lors de ses deux premiers matchs de la saison \u00e0 domicile toutes comp\u00e9titions confondues (0-2 contre Benfica, 0-1 contre Toulouse) avant de battre Auxerre 3-1. C&rsquo;est d&rsquo;ores et d\u00e9j\u00e0 plus de r\u00e9ceptions sans trouver le chemin du but toutes comp\u00e9titions confondues que sur l&rsquo;ensemble de la saison derni\u00e8re (1\/21).<\/p>\n<p>Nantes a remport\u00e9 54,9 % de ses duels en Ligue 1 cette saison, pourcentage le plus \u00e9lev\u00e9. Le FCN est le seul club \u00e0 en avoir gagn\u00e9 plus que son adversaire lors de chacun de ses trois premiers matchs de Ligue 1 2025-26.<\/p>\n<p>Seul Ludovic Ajorque (33 avec Brest) a remport\u00e9 plus de duels lors des trois premi\u00e8res journ\u00e9es de Ligue 1 cette saison que le d\u00e9fenseur de Nice Antoine Mendy (28) et l&rsquo;attaquant de Nantes Mostafa Mohamed (24, comme Valentin Barco et Marvin Senaya).<\/p>\n","protected":false},"excerpt":{"rendered":"R\u00e9daction Media365, publi\u00e9 le samedi 13 septembre 2025 \u00e0 08h00 Nice re\u00e7oit Nantes ce samedi apr\u00e8s-midi (17h) dans&hellip;\n","protected":false},"author":2,"featured_media":387822,"comment_status":"","ping_status":"","sticky":false,"template":"","format":"standard","meta":{"footnotes":""},"categories":[2818],"tags":[1111,11,1777,674,1011,27,766,12,2636,25],"class_list":{"0":"post-387821","1":"post","2":"type-post","3":"status-publish","4":"format-standard","5":"has-post-thumbnail","7":"category-nantes","8":"tag-actu","9":"tag-actualites","10":"tag-eu","11":"tag-europe","12":"tag-fr","13":"tag-france","14":"tag-nantes","15":"tag-news","16":"tag-pays-de-la-loire","17":"tag-republique-francaise"},"share_on_mastodon":{"url":"https:\/\/pubeurope.com\/@fr\/115196952876100532","error":""},"_links":{"self":[{"href":"https:\/\/www.europesays.com\/fr\/wp-json\/wp\/v2\/posts\/387821","targetHints":{"allow":["GET"]}}],"collection":[{"href":"https:\/\/www.europesays.com\/fr\/wp-json\/wp\/v2\/posts"}],"about":[{"href":"https:\/\/www.europesays.com\/fr\/wp-json\/wp\/v2\/types\/post"}],"author":[{"embeddable":true,"href":"https:\/\/www.europesays.com\/fr\/wp-json\/wp\/v2\/users\/2"}],"replies":[{"embeddable":true,"href":"https:\/\/www.europesays.com\/fr\/wp-json\/wp\/v2\/comments?post=387821"}],"version-history":[{"count":0,"href":"https:\/\/www.europesays.com\/fr\/wp-json\/wp\/v2\/posts\/387821\/revisions"}],"wp:featuredmedia":[{"embeddable":true,"href":"https:\/\/www.europesays.com\/fr\/wp-json\/wp\/v2\/media\/387822"}],"wp:attachment":[{"href":"https:\/\/www.europesays.com\/fr\/wp-json\/wp\/v2\/media?parent=387821"}],"wp:term":[{"taxonomy":"category","embeddable":true,"href":"https:\/\/www.europesays.com\/fr\/wp-json\/wp\/v2\/categories?post=387821"},{"taxonomy":"post_tag","embeddable":true,"href":"https:\/\/www.europesays.com\/fr\/wp-json\/wp\/v2\/tags?post=387821"}],"curies":[{"name":"wp","href":"https:\/\/api.w.org\/{rel}","templated":true}]}}