{"id":387825,"date":"2025-09-13T12:20:18","date_gmt":"2025-09-13T12:20:18","guid":{"rendered":"https:\/\/www.europesays.com\/fr\/387825\/"},"modified":"2025-09-13T12:20:18","modified_gmt":"2025-09-13T12:20:18","slug":"podcast-bordeaux-reussit-son-entree-en-d3-en-battant-las-monaco-aquitele-diffuseur-invite","status":"publish","type":"post","link":"https:\/\/www.europesays.com\/fr\/387825\/","title":{"rendered":"[Podcast] Bordeaux r\u00e9ussit son entr\u00e9e en D3 en battant l&rsquo;AS Monaco, Aquitel\u00e9 diffuseur invit\u00e9"},"content":{"rendered":"<p><img decoding=\"async\" src=\"https:\/\/www.europesays.com\/fr\/wp-content\/uploads\/2025\/08\/671_4f8fc1bb2146ffafe741e8a0a9f85ec3.jpg\" alt=\"[Podcast] Bordeaux r\u00e9ussit son entr\u00e9e en D3 en battant l'AS Monaco, Aquitel\u00e9 diffuseur invit\u00e9\" class=\"img-responsive mt-3\"\/><\/p>\n<p class=\"text-center mb-3\" style=\"font-size: 14px\">\u00a9 Iconsport<\/p>\n<p style=\"text-align: justify;\">Nous vous proposons notre \u00e9mission la Bordelaise en replay : le <a href=\"https:\/\/podcasts.webgirondins.com\/\" target=\"_blank\" rel=\"noopener nofollow\">podcast<\/a> ou directement sur <a href=\"https:\/\/www.youtube.com\/channel\/UCkyRgJ6uhixmPRaSKiEI9aw?view_as=subscriber\" target=\"_blank\" rel=\"noopener nofollow\">notre cha\u00eene YouTube<\/a>.<\/p>\n<p>Le Podcast :<\/p>\n<p>Sur YouTube :<\/p>\n<p>Ce navigateur ne supporte pas les iframes<\/p>\n<p>\u00a0<\/p>\n<p>&gt;&gt; <strong><a href=\"https:\/\/www.webgirondins.com\/actualite-girondins-girondins-georges-grimaud-quand-etienne-arrive-on-se-rend-compte-que-c-est-du-mensonge-130384\" target=\"_blank\" rel=\"noopener nofollow\">Georges Grimaud : \u00ab\u00a0Quand \u00c9tienne arrive on se rend compte que c&rsquo;est du mensonge\u00a0\u00bb<\/a><\/strong><\/p>\n<p style=\"text-align: justify;\">Restez Connect\u00e9 aux infos des Girondins de Bordeaux gr\u00e2ce \u00e0 WhatsApp. Ne ratez plus aucune information importante. Rejoignez la<strong> <a href=\"https:\/\/whatsapp.com\/channel\/0029VaDygopCRs1h8xNMgI1y\" target=\"_blank\" rel=\"noopener nofollow\">cha\u00eene d&rsquo;information WhatsApp de WebGirondins<\/a><\/strong>. C&rsquo;est gratuit, avec 2 \u00e0 3 infos maximum par jour, r\u00e9sultat, interview, analyses etc.<\/p>\n<p style=\"text-align: justify;\">\u00a0<\/p>\n","protected":false},"excerpt":{"rendered":"\u00a9 Iconsport Nous vous proposons notre \u00e9mission la Bordelaise en replay : le podcast ou directement sur notre&hellip;\n","protected":false},"author":2,"featured_media":318688,"comment_status":"","ping_status":"","sticky":false,"template":"","format":"standard","meta":{"footnotes":""},"categories":[2817],"tags":[1111,11,52042,9108,12305,1997,19659,52043,11594,1777,674,1011,27,508,3127,12,2219,9210,3725,362,25,11146,3679,395,133],"class_list":{"0":"post-387825","1":"post","2":"type-post","3":"status-publish","4":"format-standard","5":"has-post-thumbnail","7":"category-bordeaux","8":"tag-actu","9":"tag-actualites","10":"tag-aquitele","11":"tag-audio","12":"tag-battant","13":"tag-bordeaux","14":"tag-bordelaise","15":"tag-diffuseur","16":"tag-entree","17":"tag-eu","18":"tag-europe","19":"tag-fr","20":"tag-france","21":"tag-invite","22":"tag-monaco","23":"tag-news","24":"tag-nouvelle-aquitaine","25":"tag-numero","26":"tag-podcast","27":"tag-replay","28":"tag-republique-francaise","29":"tag-reussit","30":"tag-revivez","31":"tag-septembre","32":"tag-video"},"share_on_mastodon":{"url":"https:\/\/pubeurope.com\/@fr\/115196960894250162","error":""},"_links":{"self":[{"href":"https:\/\/www.europesays.com\/fr\/wp-json\/wp\/v2\/posts\/387825","targetHints":{"allow":["GET"]}}],"collection":[{"href":"https:\/\/www.europesays.com\/fr\/wp-json\/wp\/v2\/posts"}],"about":[{"href":"https:\/\/www.europesays.com\/fr\/wp-json\/wp\/v2\/types\/post"}],"author":[{"embeddable":true,"href":"https:\/\/www.europesays.com\/fr\/wp-json\/wp\/v2\/users\/2"}],"replies":[{"embeddable":true,"href":"https:\/\/www.europesays.com\/fr\/wp-json\/wp\/v2\/comments?post=387825"}],"version-history":[{"count":0,"href":"https:\/\/www.europesays.com\/fr\/wp-json\/wp\/v2\/posts\/387825\/revisions"}],"wp:featuredmedia":[{"embeddable":true,"href":"https:\/\/www.europesays.com\/fr\/wp-json\/wp\/v2\/media\/318688"}],"wp:attachment":[{"href":"https:\/\/www.europesays.com\/fr\/wp-json\/wp\/v2\/media?parent=387825"}],"wp:term":[{"taxonomy":"category","embeddable":true,"href":"https:\/\/www.europesays.com\/fr\/wp-json\/wp\/v2\/categories?post=387825"},{"taxonomy":"post_tag","embeddable":true,"href":"https:\/\/www.europesays.com\/fr\/wp-json\/wp\/v2\/tags?post=387825"}],"curies":[{"name":"wp","href":"https:\/\/api.w.org\/{rel}","templated":true}]}}