{"id":387826,"date":"2025-09-13T12:21:11","date_gmt":"2025-09-13T12:21:11","guid":{"rendered":"https:\/\/www.europesays.com\/fr\/387826\/"},"modified":"2025-09-13T12:21:11","modified_gmt":"2025-09-13T12:21:11","slug":"manga-culture-geek-une-boutique-ephemere-sur-le-japon-ouvre-dans-ce-centre-commercial-pres-de-toulouse","status":"publish","type":"post","link":"https:\/\/www.europesays.com\/fr\/387826\/","title":{"rendered":"Manga, culture geek\u2026 Une boutique \u00e9ph\u00e9m\u00e8re sur le Japon ouvre dans ce centre commercial pr\u00e8s de Toulouse"},"content":{"rendered":"<p>            Par<br \/>\n        <strong><br \/>\n            <a href=\"https:\/\/actu.fr\/auteur\/guillaume-laurens\" title=\"Consulter tous les articles de Guillaume Laurens\" target=\"_blank\" rel=\"noopener\">Guillaume Laurens<\/a><br \/>\n        <\/strong><\/p>\n<p>        Publi\u00e9 le<\/p>\n<p>            13 sept. 2025 \u00e0 13h08        <\/p>\n<p>Avis aux amateurs\u2009! Promettant \u00ab\u2009une immersion dans <strong>l\u2019univers culturel japonais\u2009\u00bb,<\/strong> une <strong>boutique \u00e9ph\u00e9m\u00e8re Japan Geek<\/strong> va ouvrir, fin septembre\u00a02025 et pour plus de trois mois, au sein du <a href=\"https:\/\/actu.fr\/occitanie\/labege_31254\/pres-de-toulouse-le-chantier-d-extension-d-un-gros-centre-commercial-avance-une-enseigne-va-voir-plus-grand_61692138.html\" target=\"_blank\" rel=\"noopener\">centre commercial Lab\u00e8ge 2,<\/a> aux portes de <a href=\"https:\/\/actu.fr\/toulouse\/\" target=\"_blank\" rel=\"noopener\"><strong>Toulouse<\/strong><\/a>. Les infos.<\/p>\n<p>La culture nippone de retour plus de trois mois \u00e0 Lab\u00e8ge 2<\/p>\n<p class=\" wall-content\">Apr\u00e8s une premi\u00e8re ouverture au d\u00e9but de l\u2019ann\u00e9e, \u00ab\u2009la boutique \u00e9ph\u00e9m\u00e8re Japan Geek revient au centre commercial Lab\u00e8ge 2, du <strong>jeudi 25\u00a0septembre<\/strong> au <strong>mardi 30\u00a0d\u00e9cembre\u2009\u00bb,<\/strong> annonce l\u2019enseigne \u00e0 quelques jours de l\u2019\u00e9ch\u00e9ance.<\/p>\n<p class=\" wall-content\">Elle met en avant \u00ab\u2009une belle occasion pour les visiteurs du centre commercial de se plonger dans <strong>la culture nippone<\/strong> au travers d\u2019une <strong>grande vari\u00e9t\u00e9 de produits<\/strong> et animations\u2009\u00bb.<\/p>\n<p>Katanas, figurines, mangas, objets de d\u00e9co\u2026<\/p>\n<p class=\" wall-content\">Que trouvera-t-on, chez Japan Geek\u2009? La boutique \u00e9ph\u00e9m\u00e8re proposera, sur <strong>plus de 130 m\u00b2,<\/strong> une large gamme de produits m\u00ealant traditions et tendances actuelles du Japon. Les visiteurs pourront y retrouver des <strong>katanas<\/strong> et des <strong>maquettes<\/strong>, des <strong>figurines<\/strong> de collection, mais aussi des <strong>mangas<\/strong> et des <strong>anim\u00e9s<\/strong>, en passant par des objets de <strong>d\u00e9coration traditionnels<\/strong> et des accessoires de <strong>mode<\/strong> et de cosplay.<\/p>\n<p class=\" wall-content\">De quoi ravir \u00ab\u2009les fans et les collectionneurs de produits issus de la culture japonaise, pour compl\u00e9ter leurs collections ou d\u00e9nicher de nouvelles p\u00e9pites\u2009\u00bb, souligne l\u2019enseigne.<\/p>\n<p>Vid\u00e9os : en ce moment sur Actu<br \/>\n    <img   decoding=\"async\" loading=\"lazy\" src=\"https:\/\/www.europesays.com\/fr\/wp-content\/uploads\/2025\/09\/japan-geek-labege-2-toulouse-2-960x640.jpg\" alt=\"Des objets de d\u00e9coration autour du Japon seront \u00e9galement disponibles au centre commercial Lab\u00e8ge 2\" width=\"960\" height=\"640\"\/><br \/>\n    Des objets de d\u00e9coration autour du Japon seront \u00e9galement disponibles au centre commercial Lab\u00e8ge 2 (\u00a9Japan Geek)<\/p>\n<p>Votre r\u00e9gion, votre actu !<\/p>\n<p>Recevez chaque jour les infos qui comptent pour vous.<\/p>\n<p>\t<a href=\"https:\/\/actu.fr\/newsletter\" class=\"ac-btn ac-btn--corner ac-btn--medium ac-btn--blue800\" target=\"_blank\" rel=\"noopener\">S&rsquo;incrire<\/a><br \/>\n\u00ab\u2009Faire d\u00e9couvrir cet univers \u00e0 tous\u2009\u00bb, dit le g\u00e9rant<\/p>\n<p class=\" wall-content\">\u00ab\u2009Installer Japan Geek au c\u0153ur du centre commercial Lab\u00e8ge 2 nous permet de toucher aussi bien <strong>les passionn\u00e9s<\/strong> que <strong>les curieux<\/strong> et ainsi de <strong>faire d\u00e9couvrir<\/strong> cet univers \u00e0 tous\u2009\u00bb, souligne <strong>Thierry Vu<\/strong>, g\u00e9rant de cette boutique \u00e9ph\u00e9m\u00e8re.<\/p>\n<blockquote class=\"ac-article-quote wall-content\">\n<p>\u00c0 nos yeux, le manga s&rsquo;adresse \u00e0 tous les \u00e2ges et permet de renforcer les liens interg\u00e9n\u00e9rationnels.<\/p>\n<p>    <strong>Thierry Vu<\/strong><br \/>\n        G\u00e9rant de la boutique Japan Geek au centre commercial Lab\u00e8ge 2    <\/p><\/blockquote>\n<p class=\" wall-content\">Et ce commer\u00e7ant d\u2019insister\u2009: \u00ab\u2009\u00c0 travers cette ouverture, nous souhaitons faire d\u00e9couvrir <strong>l\u2019univers du<\/strong> <strong>manga<\/strong> et de <strong>la pop-culture<\/strong> au plus grand nombre\u2009\u00bb.<\/p>\n<p><strong>Infos pratiques\u2009:<\/strong><br \/>Boutique \u00e9ph\u00e9m\u00e8re Japan Geek<br \/>Au centre commercial Lab\u00e8ge 2<br \/>700 La Pyr\u00e9n\u00e9enne, 31670 Lab\u00e8ge<br \/>Du jeudi 25\u00a0septembre au mardi 30\u00a0d\u00e9cembre 2025<\/p>\n<p>    <a href=\"https:\/\/www.google.com\/maps\/embed?pb=!1m18!1m12!1m3!1d2891.6965085268366!2d1.5054687778530438!3d43.55036787110702!2m3!1f0!2f0!3f0!3m2!1i1024!2i768!4f13.1!3m3!1m2!1s0x12aebe09db12e863%3A0xbb703d1a64349c24!2sCentre%20commercial%20Lab%C3%A8ge%202!5e0!3m2!1sfr!2sfr!4v1757754972910!5m2!1sfr!2sfr\" title=\"Ouvrie le lien\" target=\"_blank\" rel=\"noopener\">Cliquez ici pour visualiser le contenu<\/a><\/p>\n<p class=\" wall-content\">Personnalisez votre actualit\u00e9 en ajoutant vos villes et m\u00e9dias en favori avec <a href=\"https:\/\/moncompte.actu.fr\" title=\"D\u00e9couvez Mon Actu\" rel=\"nofollow noopener\" data-trk=\"{&quot;cta&quot;:{&quot;action&quot;:&quot;https:\\\/\\\/moncompte.actu.fr&quot;,&quot;category&quot;:&quot;mon compte&quot;,&quot;from&quot;:&quot;article footer&quot;,&quot;name&quot;:&quot;Mon actu&quot;,&quot;type&quot;:&quot;cta&quot;}}\" target=\"_blank\">Mon Actu<\/a>.<\/p>\n","protected":false},"excerpt":{"rendered":"Par Guillaume Laurens Publi\u00e9 le 13 sept. 2025 \u00e0 13h08 Avis aux amateurs\u2009! Promettant \u00ab\u2009une immersion dans l\u2019univers&hellip;\n","protected":false},"author":2,"featured_media":387827,"comment_status":"","ping_status":"","sticky":false,"template":"","format":"standard","meta":{"footnotes":""},"categories":[2816],"tags":[1111,11,215,1777,674,1011,27,2070,12,2849,2680,25,104,2312],"class_list":{"0":"post-387826","1":"post","2":"type-post","3":"status-publish","4":"format-standard","5":"has-post-thumbnail","7":"category-toulouse","8":"tag-actu","9":"tag-actualites","10":"tag-commerce","11":"tag-eu","12":"tag-europe","13":"tag-fr","14":"tag-france","15":"tag-japon","16":"tag-news","17":"tag-nouveaux-commerces-a-toulouse","18":"tag-occitanie","19":"tag-republique-francaise","20":"tag-societe","21":"tag-toulouse"},"share_on_mastodon":{"url":"https:\/\/pubeurope.com\/@fr\/115196964765167141","error":""},"_links":{"self":[{"href":"https:\/\/www.europesays.com\/fr\/wp-json\/wp\/v2\/posts\/387826","targetHints":{"allow":["GET"]}}],"collection":[{"href":"https:\/\/www.europesays.com\/fr\/wp-json\/wp\/v2\/posts"}],"about":[{"href":"https:\/\/www.europesays.com\/fr\/wp-json\/wp\/v2\/types\/post"}],"author":[{"embeddable":true,"href":"https:\/\/www.europesays.com\/fr\/wp-json\/wp\/v2\/users\/2"}],"replies":[{"embeddable":true,"href":"https:\/\/www.europesays.com\/fr\/wp-json\/wp\/v2\/comments?post=387826"}],"version-history":[{"count":0,"href":"https:\/\/www.europesays.com\/fr\/wp-json\/wp\/v2\/posts\/387826\/revisions"}],"wp:featuredmedia":[{"embeddable":true,"href":"https:\/\/www.europesays.com\/fr\/wp-json\/wp\/v2\/media\/387827"}],"wp:attachment":[{"href":"https:\/\/www.europesays.com\/fr\/wp-json\/wp\/v2\/media?parent=387826"}],"wp:term":[{"taxonomy":"category","embeddable":true,"href":"https:\/\/www.europesays.com\/fr\/wp-json\/wp\/v2\/categories?post=387826"},{"taxonomy":"post_tag","embeddable":true,"href":"https:\/\/www.europesays.com\/fr\/wp-json\/wp\/v2\/tags?post=387826"}],"curies":[{"name":"wp","href":"https:\/\/api.w.org\/{rel}","templated":true}]}}