{"id":387838,"date":"2025-09-13T12:27:14","date_gmt":"2025-09-13T12:27:14","guid":{"rendered":"https:\/\/www.europesays.com\/fr\/387838\/"},"modified":"2025-09-13T12:27:14","modified_gmt":"2025-09-13T12:27:14","slug":"portail-des-associations-lannuaire-et-la-boite-a-outils-des-assos","status":"publish","type":"post","link":"https:\/\/www.europesays.com\/fr\/387838\/","title":{"rendered":"Portail des Associations : l&rsquo;annuaire et la boite \u00e0 outils des assos"},"content":{"rendered":"<p>Savaara est un coordination regroupant une vingtaine de partenaires, dont quatre structures principales : Le CCO La Rayonne, la MJC de Sainte-Foy-l\u00e8s-Lyon, l\u2019Espace Projets Inter-Associatifs et le Centre Associatif Boris Vian. Le Portail des Associations permet de cr\u00e9er une interconnexion entre les les associations et les structures d\u2019accompagnement.<\/p>\n<p>L\u2019appui \u00e0 la <strong>Vie Associative<\/strong> consiste \u00e0 accueillir gratuitement et \u00e0 apporter, aux <strong>associations locales<\/strong> et aux <strong>porteurs de projets collectifs<\/strong>, une information, une aide technique. Mais aussi un <strong>accompagnement<\/strong> dans une dynamique de <strong>valorisation des projets associatifs<\/strong>. C\u2019est dans cet esprit que s\u2019est constitu\u00e9e la <strong>Coordination SAVAARA<\/strong> (<a href=\"https:\/\/www.savaara.fr\/\" target=\"_blank\" rel=\"noreferrer noopener\">Structures d\u2019appui \u00e0 la vie associative en Auvergne Rh\u00f4ne-Alpes<\/a>). La coordination est en charge, en particulier, le <strong>Portail des Associations de la M\u00e9tropole de Lyon<\/strong>.<\/p>\n<p>Pour en savoir plus, nous avons rencontr\u00e9 <strong>M\u00e9lissa Zonzon<\/strong>, charg\u00e9e d\u2019animation et de d\u00e9veloppement de la <strong>Coordination SAVAARA<\/strong>.<\/p>\n<p>Ecoutez aussi : <a href=\"https:\/\/www.lyondemain.fr\/cercle-des-chefs-atelier-croix-rousse\/\" target=\"_blank\" rel=\"noreferrer noopener\">Cercle des Chefs d\u2019Atelier : le plus vieux club de billard de France<\/a><\/p>\n<p>Associations : des besoins sp\u00e9cifiques<\/p>\n<p>\u00ab\u00a0On vit quand m\u00eame un moment assez complexe, notamment pour les <strong>associations<\/strong>. Avec des besoins. au niveau des <strong>financements<\/strong>, des solutions pour les mod\u00e8les \u00e9conomiques. La question de l\u2019<strong>emploi associatif<\/strong> est aussi assez sensible, mais aussi l\u2019<strong>engagement<\/strong>, le <strong>b\u00e9n\u00e9volat<\/strong>, c\u2019est une liste assez longue \u00e0 laquelle on doit r\u00e9pondre\u00a0\u00bb<\/p>\n<p>Ecoutez le podcast<\/p>\n<p>Portail des Associations de la M\u00e9tropole de Lyon<\/p>\n<p><img fetchpriority=\"high\" decoding=\"async\" width=\"1200\" height=\"675\" src=\"https:\/\/www.europesays.com\/fr\/wp-content\/uploads\/2025\/09\/Portail-des-Associations-Melissa-Zonzon.jpg\" alt=\"M\u00e9lissa Zonzon\" class=\"wp-image-251473\"  \/>M\u00e9lissa Zonzon<\/p>\n<p>\u00ab\u00a0On est un r\u00e9seau d\u2019<strong><a href=\"https:\/\/www.savara.fr\/category\/structures\" target=\"_blank\" rel=\"noreferrer noopener\">acteurs de l\u2019accompagnement<\/a><\/strong>. Les structures que nous regroupons sont celles qui sont vraiment sur le terrain et qui <strong>accompagnent les associations<\/strong> de leur territoire. Nous on fait la partie articulation, coordination entre les structures de l\u2019accompagnement. C\u2019est elles vraiment qui ont la connaissance, l\u2019expertise de la vie associative li\u00e9e aussi \u00e0 leur territoire\u00a0\u00bb explique <strong>M\u00e9lissa Zonzon<\/strong>.<\/p>\n<p>Comment r\u00e9diger les <strong>statuts de son association<\/strong> ? Comment <strong>demander une subvention<\/strong> ? Ou comment <strong>faire connaitre<\/strong> sa structure ? Toutes les r\u00e9ponses \u00e0 ces questions, vous les trouverez sans doute sur le nouveau <strong>portail des associations de la M\u00e9tropole de Lyon<\/strong>. Portail qui \u00e0 la fois r\u00e9f\u00e9rencie quelques <strong><a href=\"https:\/\/www.assos-grandlyon.org\/annuaire-des-associations\" target=\"_blank\" rel=\"noreferrer noopener\">45 000 associations<\/a><\/strong> du territoire et fait office de <strong>boite \u00e0 outils<\/strong>.<\/p>\n<p>Ecoutez aussi : <a href=\"https:\/\/www.lyondemain.fr\/bien-vivre-lyon-guide-the-greener-good\/\" target=\"_blank\" rel=\"noreferrer noopener\">Bien Vivre Lyon &amp; ses environs: le guide des adresses engag\u00e9es<\/a><\/p>\n<p>Les 45 000 assos de la M\u00e9tropole de Lyon r\u00e9pertori\u00e9es dans un annuaire interactif<\/p>\n<p>\u00ab\u00a0Il y a deux portes d\u2019entr\u00e9e principales sur le portail. C\u2019est \u00e0 la fois un <strong>lieu ressource pour les associations<\/strong>. Donc quand on arrive, on peut trouver \u00e0 la fois la <strong><a href=\"https:\/\/www.assos-grandlyon.org\/accompagnement-pour-les-associations\" target=\"_blank\" rel=\"noreferrer noopener\">cartographie des structures de l\u2019accompagnement<\/a><\/strong> qui sont sur la <strong><a href=\"https:\/\/www.grandlyon.com\/services\/etre-aide-en-tant-que-professionnel\/solliciter-un-accompagnement\" target=\"_blank\" rel=\"noreferrer noopener\">M\u00e9tropole de Lyon<\/a><\/strong>. On retrouve des <strong><a href=\"https:\/\/www.assos-grandlyon.org\/ressources-pour-les-associations?categorie=Gestion+administrative\" target=\"_blank\" rel=\"noreferrer noopener\">ressources documentaires<\/a><\/strong>. Et puis d\u2019autre part, il y a le c\u00f4t\u00e9 <strong>annuaire<\/strong>. Donc on peut retrouver sur le portail, les <strong>associations de la m\u00e9tropole<\/strong>, les activit\u00e9s qu\u2019elles proposent. Et du coup, pour les citoyens, citoyennes, c\u2019est aussi un outil pour <strong>trouver des activit\u00e9s, des \u00e9v\u00e9nements, des associations<\/strong>. et pour les <strong>associations de donner de la visibilit\u00e9 sur ce qu\u2019elles font\u00a0\u00bb.<\/strong><\/p>\n<p>Sur le portail, on peut retrouver les informations qui sont d\u00e9clar\u00e9es par les associations en pr\u00e9fecture. L\u2019association peut ensuite nourrir sa fiche sur le portail. En modifiant sa fiche\u2026 Les assos peuvent compl\u00e9ter l\u2019activit\u00e9, mettre un lien vers le site, le logo, pr\u00e9ciser l\u2019adresse\u2026Et en plus, l\u2019<strong>actualit\u00e9 de l\u2019association<\/strong> peut \u00eatre mise \u00e0 jour de fa\u00e7on permanente par <strong>flux RSS<\/strong>. Pour exemple : le <strong><a href=\"https:\/\/www.assos-grandlyon.org\/annuaire\/131877\/info\" target=\"_blank\" rel=\"noreferrer noopener\">Comit\u00e9 R\u00e9gional de Cano\u00eb kayak<\/a><\/strong><\/p>\n<p>\u00ab\u00a0Quand on rentre sur le site, quand on va sur la page d\u2019actualit\u00e9 des assos, on peut trouver l\u2019actualit\u00e9 de l\u2019association en question en temps r\u00e9el\u00a0\u00bb s\u2019enthousiasme <strong>M\u00e9lissa<\/strong>.<\/p>\n<p>Rendez-vous sur <a href=\"http:\/\/www.asso-grandlyon.org\" target=\"_blank\" rel=\"noopener\">www.asso-grandlyon.org<\/a> ou tout simplement en cherchant \u00ab\u00a0<strong>portail des associations Lyon<\/strong>\u00a0\u00bb sur Google..<\/p>\n<p>Ecoutez aussi : <a href=\"https:\/\/www.lyondemain.fr\/la-ligne-vertuose-menuiserie-reemploi\/\" target=\"_blank\" rel=\"noreferrer noopener\">La Ligne Vertuose : s\u2019initier \u00e0 la menuiserie pour un nouveau d\u00e9part<br \/><\/a><\/p>\n<p><img loading=\"lazy\" decoding=\"async\" width=\"1200\" height=\"675\" src=\"https:\/\/www.europesays.com\/fr\/wp-content\/uploads\/2025\/09\/Portail-des-Associations-Metropole-de-Lyon.jpg\" alt=\"Portail des Associations \" class=\"wp-image-251474\"  \/><br \/>\nJ\u2019aime \u00e7a\u00a0:<\/p>\n<p>J\u2019aime chargement\u2026<\/p>\n<p><a class=\"sd-link-color\"\/><\/p>\n<p>\n\tArticles similaires\n<\/p>\n<p>\t\t\t\t<img decoding=\"async\" src=\"https:\/\/www.europesays.com\/fr\/wp-content\/uploads\/2025\/09\/1757766434_625_7866158698e17e8ed633c05e8f8e7fe5d9e057ad78661c4dc34e413abb6b9f19\" alt=\"G\u00e9rald Bouchon\"\/><\/p>\n<p>Pionnier des radios libres, passionn\u00e9 de radio, journaliste et dirigeant de m\u00e9dias \u00e9co-responsables..<\/p>\n","protected":false},"excerpt":{"rendered":"Savaara est un coordination regroupant une vingtaine de partenaires, dont quatre structures principales : Le CCO La Rayonne,&hellip;\n","protected":false},"author":2,"featured_media":387839,"comment_status":"","ping_status":"","sticky":false,"template":"","format":"standard","meta":{"footnotes":""},"categories":[1889],"tags":[1111,11,4733,2430,27109,26107,1777,674,43251,1011,27,27114,2428,51504,27116,12,51506,25,51507,10522],"class_list":{"0":"post-387838","1":"post","2":"type-post","3":"status-publish","4":"format-standard","5":"has-post-thumbnail","7":"category-lyon","8":"tag-actu","9":"tag-actualites","10":"tag-associations","11":"tag-auvergne-rhone-alpes","12":"tag-cco","13":"tag-coordination","14":"tag-eu","15":"tag-europe","16":"tag-financement-de-projets","17":"tag-fr","18":"tag-france","19":"tag-la-rayonne","20":"tag-lyon","21":"tag-melissa-zonzon","22":"tag-mjc","23":"tag-news","24":"tag-portail-des-associations","25":"tag-republique-francaise","26":"tag-savaara","27":"tag-subventions"},"share_on_mastodon":{"url":"https:\/\/pubeurope.com\/@fr\/115196988354631536","error":""},"_links":{"self":[{"href":"https:\/\/www.europesays.com\/fr\/wp-json\/wp\/v2\/posts\/387838","targetHints":{"allow":["GET"]}}],"collection":[{"href":"https:\/\/www.europesays.com\/fr\/wp-json\/wp\/v2\/posts"}],"about":[{"href":"https:\/\/www.europesays.com\/fr\/wp-json\/wp\/v2\/types\/post"}],"author":[{"embeddable":true,"href":"https:\/\/www.europesays.com\/fr\/wp-json\/wp\/v2\/users\/2"}],"replies":[{"embeddable":true,"href":"https:\/\/www.europesays.com\/fr\/wp-json\/wp\/v2\/comments?post=387838"}],"version-history":[{"count":0,"href":"https:\/\/www.europesays.com\/fr\/wp-json\/wp\/v2\/posts\/387838\/revisions"}],"wp:featuredmedia":[{"embeddable":true,"href":"https:\/\/www.europesays.com\/fr\/wp-json\/wp\/v2\/media\/387839"}],"wp:attachment":[{"href":"https:\/\/www.europesays.com\/fr\/wp-json\/wp\/v2\/media?parent=387838"}],"wp:term":[{"taxonomy":"category","embeddable":true,"href":"https:\/\/www.europesays.com\/fr\/wp-json\/wp\/v2\/categories?post=387838"},{"taxonomy":"post_tag","embeddable":true,"href":"https:\/\/www.europesays.com\/fr\/wp-json\/wp\/v2\/tags?post=387838"}],"curies":[{"name":"wp","href":"https:\/\/api.w.org\/{rel}","templated":true}]}}