{"id":387850,"date":"2025-09-13T12:34:11","date_gmt":"2025-09-13T12:34:11","guid":{"rendered":"https:\/\/www.europesays.com\/fr\/387850\/"},"modified":"2025-09-13T12:34:11","modified_gmt":"2025-09-13T12:34:11","slug":"heidi-gaugain-signe-un-tres-beau-resultat-sur-le-paris-bourges-femmmes","status":"publish","type":"post","link":"https:\/\/www.europesays.com\/fr\/387850\/","title":{"rendered":"He\u00efdi Gaugain signe un tr\u00e8s beau r\u00e9sultat sur le Paris-Bourges Femmmes"},"content":{"rendered":"<p>Une belle premi\u00e8re victoire, cette saison, pour He\u00efdi Gaugain. La coureuse de <a href=\"https:\/\/www.letelegramme.fr\/sports\/cyclisme\/cyclisme-feminin\/les-breizh-ladies-une-equipe-pour-lutter-contre-la-fuite-des-jeunes-cyclistes-bretonnes-6548898.php\" target=\"_blank\" rel=\"nofollow noopener\">Breizh Ladies<\/a> s\u2019est impos\u00e9e sur Paris-Bourges Femmes. Elle a m\u00eame termin\u00e9 en solitaire, avec 24\u2019\u2019d\u2019avance sur le peloton, o\u00f9 figure notamment son \u00e9quipi\u00e8re Zo\u00e9 Bihan. Cette course comptait pour la derni\u00e8re manche de la Coupe de France N1.<\/p>\n<p>Pour la Rennaise d\u2019adoption, il s\u2019agit \u00e9videmment de son meilleur r\u00e9sultat de la saison. Elle avait pris la 2e place de la deuxi\u00e8me \u00e9tape du Tour de Charente-Maritime, au mois d\u2019ao\u00fbt. Il s\u2019agit de la deuxi\u00e8me victoire en carri\u00e8re sur route pour He\u00efdi Gaugain, vainqueure du Tour de l\u2019Orne, en avril 2024, en Coupe de France de N2.<\/p>\n","protected":false},"excerpt":{"rendered":"Une belle premi\u00e8re victoire, cette saison, pour He\u00efdi Gaugain. La coureuse de Breizh Ladies s\u2019est impos\u00e9e sur Paris-Bourges&hellip;\n","protected":false},"author":2,"featured_media":387851,"comment_status":"","ping_status":"","sticky":false,"template":"","format":"standard","meta":{"footnotes":""},"categories":[1888],"tags":[11,207,11097,3166,1777,674,1011,27,12,626,25,60],"class_list":{"0":"post-387850","1":"post","2":"type-post","3":"status-publish","4":"format-standard","5":"has-post-thumbnail","7":"category-paris","8":"tag-actualites","9":"tag-cyclisme","10":"tag-cyclisme-feminin","11":"tag-en-continu-sports","12":"tag-eu","13":"tag-europe","14":"tag-fr","15":"tag-france","16":"tag-news","17":"tag-paris","18":"tag-republique-francaise","19":"tag-sports"},"share_on_mastodon":{"url":"https:\/\/pubeurope.com\/@fr\/115197015835688109","error":""},"_links":{"self":[{"href":"https:\/\/www.europesays.com\/fr\/wp-json\/wp\/v2\/posts\/387850","targetHints":{"allow":["GET"]}}],"collection":[{"href":"https:\/\/www.europesays.com\/fr\/wp-json\/wp\/v2\/posts"}],"about":[{"href":"https:\/\/www.europesays.com\/fr\/wp-json\/wp\/v2\/types\/post"}],"author":[{"embeddable":true,"href":"https:\/\/www.europesays.com\/fr\/wp-json\/wp\/v2\/users\/2"}],"replies":[{"embeddable":true,"href":"https:\/\/www.europesays.com\/fr\/wp-json\/wp\/v2\/comments?post=387850"}],"version-history":[{"count":0,"href":"https:\/\/www.europesays.com\/fr\/wp-json\/wp\/v2\/posts\/387850\/revisions"}],"wp:featuredmedia":[{"embeddable":true,"href":"https:\/\/www.europesays.com\/fr\/wp-json\/wp\/v2\/media\/387851"}],"wp:attachment":[{"href":"https:\/\/www.europesays.com\/fr\/wp-json\/wp\/v2\/media?parent=387850"}],"wp:term":[{"taxonomy":"category","embeddable":true,"href":"https:\/\/www.europesays.com\/fr\/wp-json\/wp\/v2\/categories?post=387850"},{"taxonomy":"post_tag","embeddable":true,"href":"https:\/\/www.europesays.com\/fr\/wp-json\/wp\/v2\/tags?post=387850"}],"curies":[{"name":"wp","href":"https:\/\/api.w.org\/{rel}","templated":true}]}}