{"id":387858,"date":"2025-09-13T12:38:16","date_gmt":"2025-09-13T12:38:16","guid":{"rendered":"https:\/\/www.europesays.com\/fr\/387858\/"},"modified":"2025-09-13T12:38:16","modified_gmt":"2025-09-13T12:38:16","slug":"le-prince-harry-est-ravi-de-sa-visite-au-royaume-uni-apres-avoir-vu-son-pere","status":"publish","type":"post","link":"https:\/\/www.europesays.com\/fr\/387858\/","title":{"rendered":"Le prince Harry est \u00ab\u00a0ravi\u00a0\u00bb de sa visite au Royaume-Uni, apr\u00e8s avoir vu son p\u00e8re"},"content":{"rendered":"<p class=\"ap-StoryElement ap-StoryElement--mb ap-StoryText\">Harry a \u00ab\u00a0ador\u00e9\u00a0\u00bb \u00eatre de retour au Royaume-Uni, a d\u00e9clar\u00e9 ce porte-parole, ajoutant qu&rsquo;il avait \u00ab\u00a0renou\u00e9 avec d&rsquo;anciens amis et coll\u00e8gues\u00a0\u00bb.<\/p>\n<p class=\"ap-StoryElement ap-StoryElement--mb ap-StoryText\">Le prince Harry, qui aura 41 ans lundi, a rencontr\u00e9 le roi Charles III mercredi en fin d&rsquo;apr\u00e8s-midi pendant un peu moins d&rsquo;une heure, prenant le th\u00e9 en priv\u00e9 avec lui dans sa r\u00e9sidence de Clarence House \u00e0 Londres.<\/p>\n<p class=\"ap-StoryElement ap-StoryElement--mb ap-StoryText\">Les deux hommes ne s&rsquo;\u00e9taient pas vus depuis f\u00e9vrier 2024, quand Harry, qui a quitt\u00e9 la famille royale et vit en Californie depuis 2020, avait saut\u00e9 dans un avion apprenant que son p\u00e8re souffrait d&rsquo;un cancer.<\/p>\n<p class=\"ap-StoryElement ap-StoryElement--mb ap-StoryText\">Ils sont en froid depuis des ann\u00e9es, pour une s\u00e9rie de griefs, aliment\u00e9s par les critiques publiques du prince contre sa famille.<\/p>\n<p class=\"ap-StoryElement ap-StoryElement--mb ap-StoryText\">Harry, aussi connu comme le duc de Sussex, n&rsquo;a par contre eu aucune interaction avec son fr\u00e8re William, h\u00e9ritier de la couronne qui ne lui parle plus.<\/p>\n<p><a href=\"https:\/\/www.lalibre.be\/lifestyle\/people\/2025\/09\/11\/harry-de-retour-a-buckingham-il-y-a-eu-une-discussion-assez-houleuse-avec-william-WSDZVTVGNRHDPE5WRFYMCOOZRI\/\" target=\"_blank\" rel=\"noopener noreferrer\" class=\"ap-StoryInterstitialLink ap-StoryElement ap-StoryElement--mb\">Harry de retour \u00e0 Buckingham ? \u00ab\u00a0Il y a eu une discussion assez houleuse avec William\u00a0\u00bb<\/a><\/p>\n<p class=\"ap-StoryElement ap-StoryElement--mb ap-StoryText\">Durant son s\u00e9jour de quatre jours, Harry a consacr\u00e9 la plupart de son temps \u00e0 ses oeuvres caritatives.<\/p>\n<p class=\"ap-StoryElement ap-StoryElement--mb ap-StoryText\">Jeudi, il a termin\u00e9 son s\u00e9jour en rendant visite au centre \u00ab\u00a0Diana Award\u00a0\u00bb, qui c\u00e9l\u00e8bre la m\u00e9moire de sa m\u00e8re la princesse Diana. Il y a \u00e9cout\u00e9 des jeunes parler de leur sant\u00e9 mentale.<\/p>\n<p class=\"ap-StoryElement ap-StoryElement--mb ap-StoryText\">Durant son s\u00e9jour, le prince s&rsquo;est aussi recueilli sur la tombe de sa grand-m\u00e8re, la reine Elizabeth II, trois ans jour pour jour apr\u00e8s son d\u00e9c\u00e8s, le 8 septembre 2022.<\/p>\n<p class=\"ap-StoryElement ap-StoryElement--mb ap-StoryText\">Harry avait confi\u00e9 en mai \u00e0 la BBC qu&rsquo;il \u00ab\u00a0aimerait beaucoup (se) r\u00e9concilier avec (sa) famille\u00a0\u00bb, apr\u00e8s cinq ans de rancoeurs et d\u00e9chirements.<\/p>\n<p><a href=\"https:\/\/www.lalibre.be\/lifestyle\/people\/2025\/09\/10\/le-prince-harry-arrive-chez-son-pere-le-roi-charles-iii-pour-une-premiere-rencontre-depuis-fevrier-2024-DWD224CYWFBYVEKLRYUC4NWEOY\/\" target=\"_blank\" rel=\"noopener noreferrer\" class=\"ap-StoryInterstitialLink ap-StoryElement ap-StoryElement--mb\">L&rsquo;heure de la r\u00e9conciliation a-t-elle sonn\u00e9? Le prince Harry et son p\u00e8re le roi Charles III se sont vus mercredi, ce que l&rsquo;on sait<\/a><\/p>\n","protected":false},"excerpt":{"rendered":"Harry a \u00ab\u00a0ador\u00e9\u00a0\u00bb \u00eatre de retour au Royaume-Uni, a d\u00e9clar\u00e9 ce porte-parole, ajoutant qu&rsquo;il avait \u00ab\u00a0renou\u00e9 avec d&rsquo;anciens&hellip;\n","protected":false},"author":2,"featured_media":387859,"comment_status":"","ping_status":"","sticky":false,"template":"","format":"standard","meta":{"footnotes":""},"categories":[1588],"tags":[11,73,1777,674,12,473,1853,971,1851,1850,1852],"class_list":{"0":"post-387858","1":"post","2":"type-post","3":"status-publish","4":"format-standard","5":"has-post-thumbnail","7":"category-royaume-uni","8":"tag-actualites","9":"tag-etats-unis","10":"tag-eu","11":"tag-europe","12":"tag-news","13":"tag-royaume-uni","14":"tag-royaume-uni-de-grande-bretagne-et-dirlande-du-nord","15":"tag-royaute","16":"tag-uk","17":"tag-united-kingdom","18":"tag-united-kingdom-of-great-britain-and-northern-ireland"},"share_on_mastodon":{"url":"https:\/\/pubeurope.com\/@fr\/115197031507551422","error":""},"_links":{"self":[{"href":"https:\/\/www.europesays.com\/fr\/wp-json\/wp\/v2\/posts\/387858","targetHints":{"allow":["GET"]}}],"collection":[{"href":"https:\/\/www.europesays.com\/fr\/wp-json\/wp\/v2\/posts"}],"about":[{"href":"https:\/\/www.europesays.com\/fr\/wp-json\/wp\/v2\/types\/post"}],"author":[{"embeddable":true,"href":"https:\/\/www.europesays.com\/fr\/wp-json\/wp\/v2\/users\/2"}],"replies":[{"embeddable":true,"href":"https:\/\/www.europesays.com\/fr\/wp-json\/wp\/v2\/comments?post=387858"}],"version-history":[{"count":0,"href":"https:\/\/www.europesays.com\/fr\/wp-json\/wp\/v2\/posts\/387858\/revisions"}],"wp:featuredmedia":[{"embeddable":true,"href":"https:\/\/www.europesays.com\/fr\/wp-json\/wp\/v2\/media\/387859"}],"wp:attachment":[{"href":"https:\/\/www.europesays.com\/fr\/wp-json\/wp\/v2\/media?parent=387858"}],"wp:term":[{"taxonomy":"category","embeddable":true,"href":"https:\/\/www.europesays.com\/fr\/wp-json\/wp\/v2\/categories?post=387858"},{"taxonomy":"post_tag","embeddable":true,"href":"https:\/\/www.europesays.com\/fr\/wp-json\/wp\/v2\/tags?post=387858"}],"curies":[{"name":"wp","href":"https:\/\/api.w.org\/{rel}","templated":true}]}}