{"id":387862,"date":"2025-09-13T12:40:12","date_gmt":"2025-09-13T12:40:12","guid":{"rendered":"https:\/\/www.europesays.com\/fr\/387862\/"},"modified":"2025-09-13T12:40:12","modified_gmt":"2025-09-13T12:40:12","slug":"lagression-russe-de-leurope-cest-maintenant","status":"publish","type":"post","link":"https:\/\/www.europesays.com\/fr\/387862\/","title":{"rendered":"L\u2019agression russe de l\u2019Europe, c\u2019est maintenant"},"content":{"rendered":"<p>    <strong>Nouvelles fronti\u00e8res<\/strong><\/p>\n<p>Chaque samedi, notre journaliste Fr\u00e9d\u00e9ric Koller commente l&rsquo;actualit\u00e9 g\u00e9opolitique de la semaine.<\/p>\n<p><strong>Retrouvez ici<\/strong> <a href=\"https:\/\/www.letemps.ch\/profil\/frederic-koller\" rel=\"nofollow noopener\" target=\"_blank\">tous ses articles et chroniques<\/a><\/p>\n<p>Lors d\u2019une nouvelle attaque massive de l\u2019Ukraine cette semaine, plus de 450 drones russes ont vis\u00e9 l\u2019ouest du pays. Dix-neuf autres, lanc\u00e9s depuis deux bases de tir en Bi\u00e9lorussie et une en Russie, ont pris le chemin de la Pologne. Apr\u00e8s les pr\u00e9cautions d\u2019usage, et malgr\u00e9 le d\u00e9menti de Moscou, Varsovie n\u2019a aucun doute sur ces survols de son territoire: la Russie a intentionnellement cibl\u00e9 la Pologne avec des engins militaires s\u2019approchant, pour deux d\u2019entre eux, \u00e0 100 kilom\u00e8tres de la capitale alors que d\u2019autres volaient en direction de Rzeszow, principale base logistique de l\u2019aide militaire occidentale \u00e0 l\u2019Ukraine.<\/p>\n<p>Trois ans et demi apr\u00e8s le d\u00e9clenchement de la guerre contre l\u2019Ukraine, et son enlisement, Vladimir Poutine entame une nouvelle phase de sa d\u00e9stabilisation du continent. Apr\u00e8s les multiples attaques hybrides et op\u00e9rations de d\u00e9sinformation pour diviser les d\u00e9mocraties europ\u00e9ennes, sans succ\u00e8s jusqu\u2019ici, il est pr\u00eat \u00e0 la confrontation directe pour arriver \u00e0 ses fins. Lesquelles? Prendre le contr\u00f4le de l\u2019Ukraine et restaurer la zone d\u2019influence russe en Europe de l\u2019Est en esp\u00e9rant r\u00e9cup\u00e9rer au passage les territoires baltes. Dans l\u2019imm\u00e9diat, l\u2019agression de la Pologne a pour but de d\u00e9tourner l\u2019aide militaire \u00e0 l\u2019Ukraine, les Europ\u00e9ens devant acc\u00e9l\u00e9rer leur propre r\u00e9armement.<\/p>\n","protected":false},"excerpt":{"rendered":"Nouvelles fronti\u00e8res Chaque samedi, notre journaliste Fr\u00e9d\u00e9ric Koller commente l&rsquo;actualit\u00e9 g\u00e9opolitique de la semaine. Retrouvez ici tous ses&hellip;\n","protected":false},"author":2,"featured_media":387863,"comment_status":"","ping_status":"","sticky":false,"template":"","format":"standard","meta":{"footnotes":""},"categories":[1586],"tags":[11,1777,674,1011,27,12,301,25,132],"class_list":{"0":"post-387862","1":"post","2":"type-post","3":"status-publish","4":"format-standard","5":"has-post-thumbnail","7":"category-europe","8":"tag-actualites","9":"tag-eu","10":"tag-europe","11":"tag-fr","12":"tag-france","13":"tag-news","14":"tag-premium","15":"tag-republique-francaise","16":"tag-russie"},"share_on_mastodon":{"url":"https:\/\/pubeurope.com\/@fr\/115197039508469278","error":""},"_links":{"self":[{"href":"https:\/\/www.europesays.com\/fr\/wp-json\/wp\/v2\/posts\/387862","targetHints":{"allow":["GET"]}}],"collection":[{"href":"https:\/\/www.europesays.com\/fr\/wp-json\/wp\/v2\/posts"}],"about":[{"href":"https:\/\/www.europesays.com\/fr\/wp-json\/wp\/v2\/types\/post"}],"author":[{"embeddable":true,"href":"https:\/\/www.europesays.com\/fr\/wp-json\/wp\/v2\/users\/2"}],"replies":[{"embeddable":true,"href":"https:\/\/www.europesays.com\/fr\/wp-json\/wp\/v2\/comments?post=387862"}],"version-history":[{"count":0,"href":"https:\/\/www.europesays.com\/fr\/wp-json\/wp\/v2\/posts\/387862\/revisions"}],"wp:featuredmedia":[{"embeddable":true,"href":"https:\/\/www.europesays.com\/fr\/wp-json\/wp\/v2\/media\/387863"}],"wp:attachment":[{"href":"https:\/\/www.europesays.com\/fr\/wp-json\/wp\/v2\/media?parent=387862"}],"wp:term":[{"taxonomy":"category","embeddable":true,"href":"https:\/\/www.europesays.com\/fr\/wp-json\/wp\/v2\/categories?post=387862"},{"taxonomy":"post_tag","embeddable":true,"href":"https:\/\/www.europesays.com\/fr\/wp-json\/wp\/v2\/tags?post=387862"}],"curies":[{"name":"wp","href":"https:\/\/api.w.org\/{rel}","templated":true}]}}