{"id":387878,"date":"2025-09-13T12:50:12","date_gmt":"2025-09-13T12:50:12","guid":{"rendered":"https:\/\/www.europesays.com\/fr\/387878\/"},"modified":"2025-09-13T12:50:12","modified_gmt":"2025-09-13T12:50:12","slug":"moto2-barry-baltus-prolonge-avec-fantic-racing-pour-2026","status":"publish","type":"post","link":"https:\/\/www.europesays.com\/fr\/387878\/","title":{"rendered":"Moto2 : Barry Baltus prolonge avec Fantic Racing pour 2026"},"content":{"rendered":"<p class=\"text-left ap-StoryElement ap-StoryElement--mb ap-StoryText\">\u00ab\u00a0P\u00e9n\u00e9trer dans le paddock avec les couleurs de Fantic Racing est chaque jour une immense fiert\u00e9, et je suis tr\u00e8s heureux de continuer avec l&rsquo;\u00e9quipe en 2026\u00a0\u00bb, commente Barry Baltus. \u00ab\u00a0Nous avons rapidement trouv\u00e9 nos marques et obtenu de bons r\u00e9sultats, gr\u00e2ce notamment \u00e0 l&rsquo;excellent travail de l&rsquo;\u00e9quipe. Nous avons fait un grand pas en avant cette ann\u00e9e et je suis convaincu que nous pouvons encore progresser ensemble. L&rsquo;\u00e9quipe croit en moi et je leur rends cette confiance sur la piste. Maintenant que mon avenir est assur\u00e9, je vais pleinement me concentrer sur la fin de la saison 2025.\u00a0\u00bb<\/p>\n<p class=\"text-left ap-StoryElement ap-StoryElement--mb ap-StoryText\">\u00ab\u00a0Zelos est ravi de la motivation, la d\u00e9termination, le travail et le professionnalisme qui animent Barry Baltus et l&rsquo;\u00e9quipe Fantic Racing Lino Sonego depuis le premier jour\u00a0\u00bb, encha\u00eene Freddy Tacheny de Z\u00e9los. \u00ab\u00a0Les choses se passent tr\u00e8s bien dans le box et en piste, il \u00e9tait donc tout \u00e0 fait logique de continuer \u00e0 avancer ensemble en 2026. Barry est sur la pente ascendante et l&rsquo;environnement propos\u00e9 par Fantic est id\u00e9al pour lui permettre de franchir les prochaines \u00e9tapes de sa carri\u00e8re. Merci \u00e0 l&rsquo;\u00e9quipe de sa confiance, ainsi qu&rsquo;\u00e0 tous les partenaires de Zelos qui contribuent \u00e0 la r\u00e9ussite de cette magnifique aventure.\u00a0\u00bb<\/p>\n","protected":false},"excerpt":{"rendered":"\u00ab\u00a0P\u00e9n\u00e9trer dans le paddock avec les couleurs de Fantic Racing est chaque jour une immense fiert\u00e9, et je&hellip;\n","protected":false},"author":2,"featured_media":387879,"comment_status":"","ping_status":"","sticky":false,"template":"","format":"standard","meta":{"footnotes":""},"categories":[1413],"tags":[1011,27,1457,8978,1456,60],"class_list":{"0":"post-387878","1":"post","2":"type-post","3":"status-publish","4":"format-standard","5":"has-post-thumbnail","7":"category-moto","8":"tag-fr","9":"tag-france","10":"tag-moto","11":"tag-moto2","12":"tag-motocycle","13":"tag-sports"},"share_on_mastodon":{"url":"https:\/\/pubeurope.com\/@fr\/115197078751203772","error":""},"_links":{"self":[{"href":"https:\/\/www.europesays.com\/fr\/wp-json\/wp\/v2\/posts\/387878","targetHints":{"allow":["GET"]}}],"collection":[{"href":"https:\/\/www.europesays.com\/fr\/wp-json\/wp\/v2\/posts"}],"about":[{"href":"https:\/\/www.europesays.com\/fr\/wp-json\/wp\/v2\/types\/post"}],"author":[{"embeddable":true,"href":"https:\/\/www.europesays.com\/fr\/wp-json\/wp\/v2\/users\/2"}],"replies":[{"embeddable":true,"href":"https:\/\/www.europesays.com\/fr\/wp-json\/wp\/v2\/comments?post=387878"}],"version-history":[{"count":0,"href":"https:\/\/www.europesays.com\/fr\/wp-json\/wp\/v2\/posts\/387878\/revisions"}],"wp:featuredmedia":[{"embeddable":true,"href":"https:\/\/www.europesays.com\/fr\/wp-json\/wp\/v2\/media\/387879"}],"wp:attachment":[{"href":"https:\/\/www.europesays.com\/fr\/wp-json\/wp\/v2\/media?parent=387878"}],"wp:term":[{"taxonomy":"category","embeddable":true,"href":"https:\/\/www.europesays.com\/fr\/wp-json\/wp\/v2\/categories?post=387878"},{"taxonomy":"post_tag","embeddable":true,"href":"https:\/\/www.europesays.com\/fr\/wp-json\/wp\/v2\/tags?post=387878"}],"curies":[{"name":"wp","href":"https:\/\/api.w.org\/{rel}","templated":true}]}}