{"id":387880,"date":"2025-09-13T12:51:12","date_gmt":"2025-09-13T12:51:12","guid":{"rendered":"https:\/\/www.europesays.com\/fr\/387880\/"},"modified":"2025-09-13T12:51:12","modified_gmt":"2025-09-13T12:51:12","slug":"video-le-karting-marathon-jules-bianchi-lance-sa-10e-edition","status":"publish","type":"post","link":"https:\/\/www.europesays.com\/fr\/387880\/","title":{"rendered":"VID\u00c9O &#8211; Le Karting Marathon Jules Bianchi lance sa 10e \u00e9dition"},"content":{"rendered":"<p>Le 17 juillet 2015 est une date sombre dans l\u2019histoire du sport automobile. Le jour o\u00f9 un pilote bourr\u00e9 de talent s\u2019en est all\u00e9 apr\u00e8s neuf mois de lutte suite \u00e0 un terrible accident subit le 5 octobre 2014 en plein Grand Prix du Japon, sur le circuit de Suzuka.<\/p>\n<p>Ce jour-l\u00e0, Jules Bianchi s\u2019en va trop t\u00f4t, \u00e0 25 ans seulement, et devient le premier \u2013 et \u00e0 ce jour dernier \u2013 pilote \u00e0 \u00eatre d\u00e9c\u00e9d\u00e9 suite \u00e0 un accident en <a href=\"https:\/\/www.autohebdo.fr\/actualites\/f1\" data-internallinksmanager029f6b8e52c=\"1\" title=\"F1\" target=\"_blank\" rel=\"noopener\">Formule 1<\/a> depuis Ayrton Senna, plus de vingt ans plus t\u00f4t. Si le d\u00e9c\u00e8s de Jules a profond\u00e9ment marqu\u00e9 l\u2019histoire de la famille Bianchi, il a aussi donn\u00e9 naissance et une belle initiative caritative sous la houlette de son p\u00e8re Philippe, d\u00e9sormais soutenu par l\u2019ancien pilote Franck Lagorce.<\/p>\n<p>Les deux hommes ont mont\u00e9 un \u00e9v\u00e8nement hors du commun : un <a href=\"https:\/\/www.autohebdo.fr\/actualites\/autres-courses\/karting\" data-internallinksmanager029f6b8e52c=\"73\" title=\"Karting\" target=\"_blank\" rel=\"noopener\">karting<\/a> marathon en hommage \u00e0 Jules, dont les b\u00e9n\u00e9fices sont revers\u00e9s pour soutenir la recherche m\u00e9dicale sur les l\u00e9sions c\u00e9r\u00e9brales s\u00e9v\u00e8res, financer du mat\u00e9riel m\u00e9dical et accompagner les familles des patients.<\/p>\n<p>Pour cette 10e \u00e9dition, Bianchi et Lagorce affichent complet : 35 \u00e9quipages sont au d\u00e9part, soit 482 pilotes venus de tous les horizons. Certains sont des professionnels, comme Sami Meguetounif (Trident, <a href=\"https:\/\/www.autohebdo.fr\/actualites\/monoplace\/formule-2\" data-internallinksmanager029f6b8e52c=\"14\" title=\"Formule 2\" target=\"_blank\" rel=\"noopener\">Formule 2<\/a>) ou Sam Bird (<a href=\"https:\/\/www.autohebdo.fr\/actualites\/ecurie\/mclaren\" data-internallinksmanager029f6b8e52c=\"76\" title=\"Ecurie F1 McLaren Racing\" target=\"_blank\" rel=\"noopener\">McLaren<\/a>, <a href=\"https:\/\/www.autohebdo.fr\/actualites\/monoplace\/formule-e\" data-internallinksmanager029f6b8e52c=\"63\" title=\"Formule E\" target=\"_blank\" rel=\"noopener\">Formule E<\/a>), tandis que d\u2019autres sont de simples amateurs, venus tenter leur chance et profiter d\u2019un moment de partage en \u00e9quipe.<\/p>\n<p>Devant eux se pr\u00e9sente un d\u00e9fi colossal : 42h, 19min et 50s de course, soit la distance d\u2019un marathon convertie en dur\u00e9e. En plus des professionnels du pilotage, certaines c\u00e9l\u00e9brit\u00e9s sont venus se m\u00ealer \u00e0 la f\u00eate o\u00f9 l\u2019\u00e9tat d\u2019esprit est plac\u00e9 au c\u0153ur des priorit\u00e9s de Philippe Bianchi et Franck Lagorce. Benjamin Biolay ou Arnaud Tsam\u00e8re sont attendus en passionn\u00e9s de sport automobile, tout comme une partie du Casting de Plus Belle La Vie, l\u2019ancien footballeur Peter Luccin (ex-OM, PSG\u2026) et bien d\u2019autres. Jean Alesi sera pr\u00e9sent dimanche pour abaisser le drapeau \u00e0 damiers.<\/p>\n<p>Vous pouvez suivre la course sur la WebTV de l\u2019\u00e9v\u00e8nement ci-dessous, pr\u00e9sent\u00e9e par Lionel Chamoulaud et anim\u00e9e par Marie Caizz.<\/p>\n<p>\ufeff<\/p>\n","protected":false},"excerpt":{"rendered":"Le 17 juillet 2015 est une date sombre dans l\u2019histoire du sport automobile. Le jour o\u00f9 un pilote&hellip;\n","protected":false},"author":2,"featured_media":387881,"comment_status":"","ping_status":"","sticky":false,"template":"","format":"standard","meta":{"footnotes":""},"categories":[1412],"tags":[1451,1452,1453,1454,1455,1011,27,60],"class_list":{"0":"post-387880","1":"post","2":"type-post","3":"status-publish","4":"format-standard","5":"has-post-thumbnail","7":"category-f1","8":"tag-f1","9":"tag-formula-1","10":"tag-formula1","11":"tag-formule-1","12":"tag-formule1","13":"tag-fr","14":"tag-france","15":"tag-sports"},"share_on_mastodon":{"url":"https:\/\/pubeurope.com\/@fr\/115197082620490856","error":""},"_links":{"self":[{"href":"https:\/\/www.europesays.com\/fr\/wp-json\/wp\/v2\/posts\/387880","targetHints":{"allow":["GET"]}}],"collection":[{"href":"https:\/\/www.europesays.com\/fr\/wp-json\/wp\/v2\/posts"}],"about":[{"href":"https:\/\/www.europesays.com\/fr\/wp-json\/wp\/v2\/types\/post"}],"author":[{"embeddable":true,"href":"https:\/\/www.europesays.com\/fr\/wp-json\/wp\/v2\/users\/2"}],"replies":[{"embeddable":true,"href":"https:\/\/www.europesays.com\/fr\/wp-json\/wp\/v2\/comments?post=387880"}],"version-history":[{"count":0,"href":"https:\/\/www.europesays.com\/fr\/wp-json\/wp\/v2\/posts\/387880\/revisions"}],"wp:featuredmedia":[{"embeddable":true,"href":"https:\/\/www.europesays.com\/fr\/wp-json\/wp\/v2\/media\/387881"}],"wp:attachment":[{"href":"https:\/\/www.europesays.com\/fr\/wp-json\/wp\/v2\/media?parent=387880"}],"wp:term":[{"taxonomy":"category","embeddable":true,"href":"https:\/\/www.europesays.com\/fr\/wp-json\/wp\/v2\/categories?post=387880"},{"taxonomy":"post_tag","embeddable":true,"href":"https:\/\/www.europesays.com\/fr\/wp-json\/wp\/v2\/tags?post=387880"}],"curies":[{"name":"wp","href":"https:\/\/api.w.org\/{rel}","templated":true}]}}