{"id":387886,"date":"2025-09-13T12:54:13","date_gmt":"2025-09-13T12:54:13","guid":{"rendered":"https:\/\/www.europesays.com\/fr\/387886\/"},"modified":"2025-09-13T12:54:13","modified_gmt":"2025-09-13T12:54:13","slug":"linfluenceuse-fitness-sonia-tlev-accusee-davoir-exploite-une-ex-employee","status":"publish","type":"post","link":"https:\/\/www.europesays.com\/fr\/387886\/","title":{"rendered":"L\u2019influenceuse fitness Sonia Tlev accus\u00e9e d\u2019avoir exploit\u00e9 une ex-employ\u00e9e"},"content":{"rendered":"<p>La star fran\u00e7aise du fitness sur <a href=\"https:\/\/www.20minutes.fr\/high-tech\/instagram\/\" class=\"c-link c-link--is-underlined\" rel=\"nofollow noopener\" target=\"_blank\">Instagram<\/a> Sonia Tlev, aux deux millions d\u2019abonn\u00e9s sur ce r\u00e9seau social, est accus\u00e9e par l\u2019un de ses anciennes employ\u00e9es de l\u2019avoir r\u00e9duit en esclavage, rapporte <a href=\"https:\/\/www.liberation.fr\/societe\/je-travaillais-sept-jours-sur-sept-de-6-heures-a-23-heures-linfluenceuse-sonia-tlev-accusee-davoir-reduit-une-de-ses-domestiques-en-esclavage-20250912_XSXJWOMEWZGDFCZWEPVCWN4P5M\/\" target=\"_blank\" class=\"c-link c-link--is-underlined\" rel=\"nofollow noopener\">Lib\u00e9ration<\/a>.<\/p>\n<p>Cette travailleuse de nationalit\u00e9 philippine de 45 ans a d\u00e9pos\u00e9 une plainte pour traite des \u00eatres humains contre Sonia Nabila Boudoukha, le nom de la coach \u00e0 la ville. Des accusations dont se d\u00e9fend <a href=\"https:\/\/www.20minutes.fr\/economie\/4079423-20240308-metier-influenceur-entre-fantasmes-realite\" class=\"c-link c-link--is-underlined\" rel=\"nofollow noopener\" target=\"_blank\">l\u2019influenceuse<\/a>, pour qui son ancienne employ\u00e9e souhaiterait \u00ab\u00a0gratter des choses contre [elle]\u00a0\u00bb, souligne le quotidien.<\/p>\n<p>Le passeport et le t\u00e9l\u00e9phone auraient \u00e9t\u00e9 retir\u00e9s<\/p>\n<p>En\u00a02024, la travailleuse philippine a rejoint l\u2019\u00e9quipe de trois autres domestiques de l\u2019influenceuse \u00e0 Duba\u00ef puis \u00e0 Paris, pour du m\u00e9nage. Elle dit s\u2019\u00eatre vue retirer son passeport et son t\u00e9l\u00e9phone, et, pendant huit mois, avoir travaill\u00e9 \u00ab\u00a0sept jours sur sept, de 6 heures \u00e0 23 heures\u00a0\u00bb, notamment chez \u00ab\u00a0des proches\u00a0\u00bb de Sonia Tlev.<\/p>\n<p>\u00ab\u00a0Lorsque j\u2019ai demand\u00e9 un jour de cong\u00e9, elle m\u2019a dit que mon visa \u00e9tait expir\u00e9, qu\u2019il faudrait attendre environ un an, que j\u2019\u00e9tais sans papiers et que si je sortais, la police allait m\u2019arr\u00eater\u00a0\u00bb, a-t-elle expliqu\u00e9. \u00ab\u00a0Epuis\u00e9e\u00a0\u00bb, menac\u00e9e, cette femme aurait \u00ab\u00a0fini par [s]&rsquo;enfuir\u00a0\u00bb \u00e0 Paris.<\/p>\n<p>Domestiques renvoy\u00e9s \u00ab\u00a0comme de vulgaires sacs-poubelle\u00a0\u00bb<\/p>\n<p>Une autre employ\u00e9e philippine a confirm\u00e9 les propos de son ancienne coll\u00e8gue aupr\u00e8s du journal, \u00e0 propos d\u2019une situation irr\u00e9guli\u00e8re en France et de privation de libert\u00e9.<\/p>\n<p>Selon une autre ancienne salari\u00e9e de Sonia Tlev contact\u00e9e par le m\u00e9dia, l\u2019influenceuse deviendrait \u00ab\u00a0mauvaise\u00a0\u00bb \u00ab\u00a0si elle n\u2019est pas contente\u00a0\u00bb, et aurait d\u00e9j\u00e0 renvoy\u00e9 quatre domestiques \u00ab\u00a0comme de vulgaires sacs-poubelle\u00a0\u00bb.<\/p>\n","protected":false},"excerpt":{"rendered":"La star fran\u00e7aise du fitness sur Instagram Sonia Tlev, aux deux millions d\u2019abonn\u00e9s sur ce r\u00e9seau social, est&hellip;\n","protected":false},"author":2,"featured_media":387887,"comment_status":"","ping_status":"","sticky":false,"template":"","format":"standard","meta":{"footnotes":""},"categories":[1359],"tags":[47,58,15059,5017,1067,59,11117,1011,27,2438,2440,1147,973,1072,104,3847,721],"class_list":{"0":"post-387886","1":"post","2":"type-post","3":"status-publish","4":"format-standard","5":"has-post-thumbnail","7":"category-people","8":"tag-actualite","9":"tag-divertissement","10":"tag-droit-du-travail","11":"tag-dubai","12":"tag-enquete","13":"tag-entertainment","14":"tag-esclavage","15":"tag-fr","16":"tag-france","17":"tag-influenceur","18":"tag-instagram","19":"tag-menace","20":"tag-people","21":"tag-police","22":"tag-societe","23":"tag-travail","24":"tag-web"},"share_on_mastodon":{"url":"https:\/\/pubeurope.com\/@fr\/115197094463052120","error":""},"_links":{"self":[{"href":"https:\/\/www.europesays.com\/fr\/wp-json\/wp\/v2\/posts\/387886","targetHints":{"allow":["GET"]}}],"collection":[{"href":"https:\/\/www.europesays.com\/fr\/wp-json\/wp\/v2\/posts"}],"about":[{"href":"https:\/\/www.europesays.com\/fr\/wp-json\/wp\/v2\/types\/post"}],"author":[{"embeddable":true,"href":"https:\/\/www.europesays.com\/fr\/wp-json\/wp\/v2\/users\/2"}],"replies":[{"embeddable":true,"href":"https:\/\/www.europesays.com\/fr\/wp-json\/wp\/v2\/comments?post=387886"}],"version-history":[{"count":0,"href":"https:\/\/www.europesays.com\/fr\/wp-json\/wp\/v2\/posts\/387886\/revisions"}],"wp:featuredmedia":[{"embeddable":true,"href":"https:\/\/www.europesays.com\/fr\/wp-json\/wp\/v2\/media\/387887"}],"wp:attachment":[{"href":"https:\/\/www.europesays.com\/fr\/wp-json\/wp\/v2\/media?parent=387886"}],"wp:term":[{"taxonomy":"category","embeddable":true,"href":"https:\/\/www.europesays.com\/fr\/wp-json\/wp\/v2\/categories?post=387886"},{"taxonomy":"post_tag","embeddable":true,"href":"https:\/\/www.europesays.com\/fr\/wp-json\/wp\/v2\/tags?post=387886"}],"curies":[{"name":"wp","href":"https:\/\/api.w.org\/{rel}","templated":true}]}}