{"id":387890,"date":"2025-09-13T12:56:23","date_gmt":"2025-09-13T12:56:23","guid":{"rendered":"https:\/\/www.europesays.com\/fr\/387890\/"},"modified":"2025-09-13T12:56:23","modified_gmt":"2025-09-13T12:56:23","slug":"retrouvez-les-auteurs-et-editeurs-regionaux-presents","status":"publish","type":"post","link":"https:\/\/www.europesays.com\/fr\/387890\/","title":{"rendered":"retrouvez les auteurs et \u00e9diteurs r\u00e9gionaux pr\u00e9sents"},"content":{"rendered":"<p>Grand Forum, chef d&rsquo;orchestre<\/p>\n<p>\u00ab Ce sera le premier stand \u00e0 droite en entrant sous le chapiteau \u00bb, indique Florent. Responsable du rayon des auteurs et \u00e9diteurs r\u00e9gionaux de la librairie Grand Forum c\u2019est lui qui a, cette ann\u00e9e, coordonnera le plateau qui leur sera d\u00e9di\u00e9 au sein de la <a href=\"https:\/\/www.estrepublicain.fr\/culture-loisirs\/2025\/08\/27\/livres-dans-la-boucle-bientot-la-10e-edition-du-plus-important-festival-litteraire-de-la-region\" target=\"_blank\" rel=\"noopener\">10e  \u00e9dition du salon Livres dans la Boucle<\/a> de Besan\u00e7on. Un stand r\u00e9gional qui, traditionnellement, est <a href=\"https:\/\/www.estrepublicain.fr\/culture-loisirs\/2023\/09\/25\/livres-dans-la-boucle-a-besancon-le-carton-des-livres-regionaux\" target=\"_blank\" rel=\"noopener\">celui qui r\u00e9alise le meilleur chiffre d\u2019affaires<\/a> du plus important rendez-vous litt\u00e9raire franc-comtois.<\/p>\n<p>\u00ab Oui \u00bb, atteste le libraire, \u00ab le public aime retrouver des ouvrages qui parlent de la r\u00e9gion, ou \u00e9crits et \u00e9dit\u00e9s par des auteurs et \u00e9diteurs implant\u00e9s en Franche-Comt\u00e9. \u00bb<\/p>\n<p>  Une s\u00e9lection \u00ab la plus ouverte, vari\u00e9e et pertinente possible \u00bb<\/p>\n<p>Parmi les incontournables cette ann\u00e9e ? \u00ab <a href=\"https:\/\/www.estrepublicain.fr\/culture-loisirs\/2025\/08\/25\/vous-faites-partie-de-la-famille-la-madeleine-proust-pour-toujours-dans-les-coeurs\" target=\"_blank\" rel=\"noopener\">Lola S\u00e9monin<\/a>, <a href=\"https:\/\/www.estrepublicain.fr\/culture-loisirs\/2025\/07\/10\/la-franche-comte-a-coeur-et-ecrits\" target=\"_blank\" rel=\"noopener\">Guy-Louis Anguenot<\/a>, un titre qui devrait bien marcher aussi : <a href=\"https:\/\/www.estrepublicain.fr\/culture-loisirs\/2025\/07\/17\/commerces-d-hier-et-d-aujourd-hui-un-inventaire-bientot-en-librairie\" target=\"_blank\" rel=\"noopener\">Besan\u00e7on : m\u00e9moires du commerce<\/a>, de Pierre et Jean-Charles Di\u00e9terl\u00e9, aux \u00e9ditons S\u00e9koya qui sortira quasiment en m\u00eame temps que le salon. Les Presses universitaires seront \u00e9galement de la partie avec une th\u00e8se sur le festival bisontin Bien Urbain, ainsi que <a href=\"https:\/\/www.estrepublicain.fr\/culture-loisirs\/2025\/08\/02\/le-livre-vit-toujours-les-editions-cetre-ont-50-ans-et-continuent-de-valoriser-la-region\" target=\"_blank\" rel=\"noopener\">les \u00e9ditions C\u00eatre de Besan\u00e7on, qui f\u00eatent leurs 50 ans<\/a>, tandis que l\u2019\u00e9diteur Le Jaseur Bor\u00e9al, cr\u00e9\u00e9 \u00e0 Bucey-les-Gy est parmi les derniers n\u00e9s. Nous aurons aussi des premiers romans comme avec Pikutipi , notre petit coup de c\u0153ur sign\u00e9 Isabelle Gauthier aux \u00e9ditions de la Belle \u00e9toile, l\u2019histoire d\u2019une jeune am\u00e9rindienne au nord du Qu\u00e9bec. Sans oublier qu\u2019il y aura pas mal de livres pour la jeunesse, un petit peu de fantasy et de fantastique, notamment avec J\u00e9r\u00f4me Sorre ou les \u00e9ditions Hurlevent qui pr\u00e9sentent deux autrices de dark roman. Plus des beaux livres, de la po\u00e9sie engag\u00e9e avec Cathie Jurado ou plus sombre avec Allan Ryan\u2026 Bref, une large palette. \u00bb<\/p>\n<p>    &#13;<br \/>\n    &#13;<br \/>\n    &#13;<br \/>\n    <a href=\"https:\/\/cdn-s-www.estrepublicain.fr\/images\/294a2ded-93fc-439a-917a-24405ca5fc5f\/NW_raw\/plus-de-30-000-visiteurs-sont-attendus-sur-les-trois-jours-photo-d-archives-ludovic-laude-1757683593.jpg\" title=\"Plus de 30 000 visiteurs sont attendus sur les trois jours. \u00a0 Photo d\u2019archives Ludovic Laude\" class=\"chocolat-image GA-tracking\" data-ga_type=\"click\" data-ga_category=\"D\u00e9tail\" data-ga_action=\"zoomer\" data-ga_label=\"aggrandir image\" target=\"_blank\" rel=\"noopener\">&#13;<br \/>\n        <img src=\"https:\/\/www.europesays.com\/fr\/wp-content\/uploads\/2025\/09\/plus-de-30-000-visiteurs-sont-attendus-sur-les-trois-jours-photo-d-archives-ludovic-laude-1757683593.jpeg\"   alt=\"Plus de 30 000 visiteurs sont attendus sur les trois jours. \u00a0 Photo d\u2019archives Ludovic Laude\" fetchpriority=\"high\" decoding=\"async\" data-mobile=\"NW_listA_M|1757683593\" data-base=\"NW_listA|1757683593\"\/>&#13;<br \/>\n    <\/a>&#13;<\/p>\n<p> Plus de 30 000 visiteurs sont attendus sur les trois jours. \u00a0 Photo d\u2019archives Ludovic Laude <\/p>\n<p>Quant \u00e0 la fa\u00e7on dont s\u2019est op\u00e9r\u00e9e la s\u00e9lection, toujours source de pol\u00e9miques, m\u00e9contentements et frustration ? \u00ab Cette ann\u00e9e, nous avons d\u00e9cid\u00e9 de proc\u00e9der un peu diff\u00e9remment. En accord avec l\u2019organisatrice Catherine Bresson, David Finot de l\u2019agence Livre &amp; Lecture et les trois librairies qui se r\u00e9partissent d\u00e9sormais le stand r\u00e9gional (Les Sandales d\u2019Emp\u00e9docle, la Maison de la Presse et nous), nous avons demand\u00e9 aux \u00e9diteurs r\u00e9gionaux de nous proposer chacun cinq auteurs qui avaient une nouveaut\u00e9 entre janvier et septembre. \u00c0 partir de l\u00e0, nous avons essay\u00e9 d\u2019effectuer la s\u00e9lection la plus ouverte, vari\u00e9e et pertinente possible. Avec pour consigne que les auteurs soient pr\u00e9sents au moins deux jours. \u00bb<\/p>\n<p>  \u00ab Les relations de qualit\u00e9 entre lecteurs et auteurs sont une des signatures du salon \u00bb<\/p>\n<p>M\u00eame si ce ne sont pas les r\u00e9gionaux de l\u2019\u00e9tape qui sont les moins assidus, certaines plumes venues d\u2019ailleurs ayant parfois tendance \u00e0 \u00e9terniser leurs s\u00e9ances de tourisme entre deux d\u00e9dicaces. Le libraire a-t-il remarqu\u00e9 une particularit\u00e9 chez les auteurs et \u00e9diteurs r\u00e9gionaux ? \u00ab L\u2019avantage est que nous les c\u00f4toyons tout au long de l\u2019ann\u00e9e, nous avons donc une relation privil\u00e9gi\u00e9e et de confiance. Ils ont d\u2019ailleurs vraiment bien jou\u00e9 le jeu. \u00bb<\/p>\n<p>Quant \u00e0 la fa\u00e7on dont il pr\u00e9senterait Livre dans la Boucle ? \u00ab Un salon \u00e0 taille humaine, o\u00f9 lecteurs et \u00e9crivains ont le temps de discuter, avec des relations de qualit\u00e9. C\u2019est vraiment une signature du salon. \u00bb\u00a0<\/p>\n<p>Des voix dans la vall\u00e9e de la Loue<\/p>\n<p><strong>Ivan Torr\u00e9adrado, originaire de Besan\u00e7on, vous vivez en Chine depuis 2012, \u00e0 P\u00e9kin, o\u00f9 vous enseignez le fran\u00e7ais tout en \u00e9crivant des nouvelles, romans et sc\u00e9narios de films pour un producteur parisien. Vous pr\u00e9senterez au salon Livres dans la Boucle votre roman \u00ab La Camille \u00bb, dont l\u2019intrigue se d\u00e9roule \u00e0 la fin du XIX e si\u00e8cle dans la vall\u00e9e de la Loue. Comment est n\u00e9e cette histoire ?<\/strong><\/p>\n<p>\u00ab J\u2019ai toujours \u00e9crit (dont un premier roman \u00e0 l\u2019\u00e2ge de 8 ans) et beaucoup lu, mais je n\u2019avais rien publi\u00e9. Par peur de l\u2019\u00e9chec, de ne pas trouver d\u2019\u00e9diteur. Au d\u00e9part, j\u2019ai \u00e9crit\u00a0La Camille\u00a0pour ma fille et je l\u2019ai imprim\u00e9 \u00e0 vingt exemplaires. Un ami de passage l\u2019a lu et m\u2019a encourag\u00e9 \u00e0 l\u2019envoyer \u00e0 des \u00e9diteurs. Ce que j\u2019ai fait et, parmi plusieurs retours favorables, les \u00e9ditions Coxigrue, bas\u00e9es \u00e0 Besan\u00e7on, m\u2019ont convaincu. \u00bb<\/p>\n<p>    &#13;<br \/>\n    &#13;<br \/>\n    &#13;<br \/>\n    <a href=\"https:\/\/cdn-s-www.estrepublicain.fr\/images\/7e8a84ee-0bfb-44e7-9dc7-6783b5c3f091\/NW_raw\/apres-etre-ne-et-avoir-vecu-en-franche-comte-notamment-dans-la-vallee-de-la-loue-ou-se-deroule-l-intrigue-de-son-roman-la-camille-ivan-torreadrado-est-parti-vivre-en-asie-voila-une-quinzaine-d-annees-photo-dr-1757687813.jpg\" title=\"Apr\u00e8s \u00eatre n\u00e9 et avoir v\u00e9cu en Franche-Comt\u00e9, notamment dans la vall\u00e9e de la Loue, o\u00f9 se d\u00e9roule l\u2019intrigue de son roman, \u00ab La Camille \u00bb, Ivan Torr\u00e9adrado est parti vivre en Asie voil\u00e0 une quinzaine d\u2019ann\u00e9es. Photo Dr\" class=\"chocolat-image GA-tracking\" data-ga_type=\"click\" data-ga_category=\"D\u00e9tail\" data-ga_action=\"zoomer\" data-ga_label=\"aggrandir image\" target=\"_blank\" rel=\"noopener\">&#13;<br \/>\n        <img src=\"https:\/\/www.europesays.com\/fr\/wp-content\/uploads\/2025\/09\/apres-etre-ne-et-avoir-vecu-en-franche-comte-notamment-dans-la-vallee-de-la-loue-ou-se-deroule-l-int.jpeg\"   alt=\"Apr\u00e8s \u00eatre n\u00e9 et avoir v\u00e9cu en Franche-Comt\u00e9, notamment dans la vall\u00e9e de la Loue, o\u00f9 se d\u00e9roule l\u2019intrigue de son roman, \u00ab La Camille \u00bb, Ivan Torr\u00e9adrado est parti vivre en Asie voil\u00e0 une quinzaine d\u2019ann\u00e9es. Photo Dr\" fetchpriority=\"high\" decoding=\"async\" data-mobile=\"NW_listA_M|1757687813\" data-base=\"NW_listA|1757687813\"\/>&#13;<br \/>\n    <\/a>&#13;<\/p>\n<p>Apr\u00e8s \u00eatre n\u00e9 et avoir v\u00e9cu en Franche-Comt\u00e9, notamment dans la vall\u00e9e de la Loue, o\u00f9 se d\u00e9roule l\u2019intrigue de son roman, \u00ab La Camille \u00bb, Ivan Torr\u00e9adrado est parti vivre en Asie voil\u00e0 une quinzaine d\u2019ann\u00e9es. Photo Dr<\/p>\n<p><strong>Le roman se d\u00e9roule entre Montgesoye, Scey-en-Varais et Besan\u00e7on. On est en pleine III e R\u00e9publique et, sans tout d\u00e9voiler, peut-on dire qu\u2019il y est question de conversations et de conversion ?<\/strong><\/p>\n<p>\u00ab Oui. J\u2019ai voulu raconter une histoire qui se lise bien et que j\u2019aurais plaisir \u00e0 lire. Je l\u2019ai construite comme un film. Je souhaitais qu\u2019une adolescente de 13 ans puisse le lire sans se gratter la t\u00eate et qu\u2019un quinquag\u00e9naire comme moi y trouve aussi du plaisir. Apr\u00e8s, le point de d\u00e9part de ce roman est une malheureuse histoire qui m\u2019est arriv\u00e9e. Tout est n\u00e9 de la rencontre qui en a r\u00e9sult\u00e9 et que je d\u00e9cris dans le premier chapitre. C\u2019est seulement ensuite que l\u2019on bascule dans la fiction. M\u00eame si, pour bien conna\u00eetre la vall\u00e9e de la Loue, j\u2019ai du mal \u00e0 me dire que j\u2019ai tout invent\u00e9. \u00bb<\/p>\n<p>    &#13;<br \/>\n    &#13;<br \/>\n    &#13;<br \/>\n    <a href=\"https:\/\/cdn-s-www.estrepublicain.fr\/images\/f66f3ea8-a0f6-453c-acb4-2432c6c66c7c\/NW_raw\/quot-la-camille-quot-de-ivan-torreadrado-ed-coxigrue-242-pages-18-1757683600.jpg\" title=\"&quot; La Camille&quot;, de Ivan Torr\u00e9adrado, \u00e9d. Coxigrue, 242 pages, 18 \u20ac.\" class=\"chocolat-image GA-tracking\" data-ga_type=\"click\" data-ga_category=\"D\u00e9tail\" data-ga_action=\"zoomer\" data-ga_label=\"aggrandir image\" target=\"_blank\" rel=\"noopener\">&#13;<br \/>\n        <img src=\"https:\/\/www.europesays.com\/fr\/wp-content\/uploads\/2025\/09\/quot-la-camille-quot-de-ivan-torreadrado-ed-coxigrue-242-pages-18-1757683600.jpg\"   alt=\"&quot; La Camille&quot;, de Ivan Torr\u00e9adrado, \u00e9d. Coxigrue, 242 pages, 18 \u20ac.\" fetchpriority=\"high\" decoding=\"async\" data-mobile=\"NW_listA_M|1757683600\" data-base=\"NW_listA|1757683600\"\/>&#13;<br \/>\n    <\/a>&#13;<\/p>\n<p>\u00a0\u00bb La Camille\u00a0\u00bb, de Ivan Torr\u00e9adrado, \u00e9d. Coxigrue, 242 pages, 18 \u20ac.<\/p>\n<p><strong>Le patronyme de Camille, Goriot, est-il un hommage \u00e0 Balzac ?<\/strong><\/p>\n<p>\u00ab Un peu, merci de l\u2019avoir not\u00e9 ! Pour le reste, je me suis immerg\u00e9 par des lectures dans la vie de la r\u00e9gion \u00e0 cette \u00e9poque. J\u2019ai ainsi d\u00e9couvert des personnages pittoresques qui figurent dans le roman. \u00bb<\/p>\n<p><strong>D\u2019autres livres en cours d\u2019\u00e9criture ?<\/strong><\/p>\n<p>\u00ab J\u2019en ai deux sur lesquels je suis en train de travailler mais sans rapport avec la Franche-Comt\u00e9. Sans compter qu\u2019apr\u00e8s avoir fini d\u2019\u00e9crire\u00a0La Camille\u00a0, j\u2019ai commenc\u00e9 \u00e0 \u00e9crire la suite de la vie de ce personnage. Car l\u00e0, j\u2019ai d\u00fb m\u2019arr\u00eater \u00e0 un moment cl\u00e9 de sa vie. Si le roman pla\u00eet, je crois que cela me motivera pour \u00e9crire la suite car j\u2019ai d\u00e9j\u00e0 imagin\u00e9 pour elle des aventures extraordinaires. Sachant que j\u2019aimerais aussi traiter du th\u00e8me de la r\u00e9demption. \u00bb<\/p>\n<p class=\"note\">La Camille\u00a0, d\u2019Ivan Torr\u00e9adrado, \u00e9d. Coxigrue 242 pages, 18 \u20ac. L\u2019auteur sera vendredi, samedi et dimanche \u00e0 Livres dans la Boucle.<\/p>\n<p>Matrix, fa\u00e7on Mario Morisi<\/p>\n<p>    &#13;<br \/>\n    &#13;<br \/>\n    &#13;<br \/>\n    <a href=\"https:\/\/cdn-s-www.estrepublicain.fr\/images\/e1a71e84-93ff-4493-8ca8-69ac44dbff5b\/NW_raw\/mario-morisi-fete-ses-40-ans-d-ecriture-avec-kalevalo-contre-la-machine-un-roman-de-quot-science-fiction-et-de-resistance-poetique-quot-photo-dr-1757683609.jpg\" title=\"Mario Morisi f\u00eate ses 40 ans d\u2019\u00e9criture avec \u00ab Kalevalo contre la machine \u00bb, un roman de &quot;science-fiction et de r\u00e9sistance po\u00e9tique&quot;.\u00a0 Photo DR\" class=\"chocolat-image GA-tracking\" data-ga_type=\"click\" data-ga_category=\"D\u00e9tail\" data-ga_action=\"zoomer\" data-ga_label=\"aggrandir image\" target=\"_blank\" rel=\"noopener\">&#13;<br \/>\n        <img src=\"https:\/\/www.europesays.com\/fr\/wp-content\/uploads\/2025\/09\/mario-morisi-fete-ses-40-ans-d-ecriture-avec-kalevalo-contre-la-machine-un-roman-de-quot-science-fic.jpeg\"   alt=\"Mario Morisi f\u00eate ses 40 ans d\u2019\u00e9criture avec \u00ab Kalevalo contre la machine \u00bb, un roman de &quot;science-fiction et de r\u00e9sistance po\u00e9tique&quot;.\u00a0 Photo DR\" fetchpriority=\"high\" decoding=\"async\" data-mobile=\"NW_listA_M|1757683609\" data-base=\"NW_listA|1757683609\"\/>&#13;<br \/>\n    <\/a>&#13;<\/p>\n<p>Mario Morisi f\u00eate ses 40 ans d\u2019\u00e9criture avec \u00ab Kalevalo contre la machine \u00bb, un roman de \u00ab\u00a0science-fiction et de r\u00e9sistance po\u00e9tique\u00a0\u00bb.\u00a0 Photo DR<\/p>\n<p>Dans son 26 e livre,\u00a0Kalevalo contre la machine\u00a0, avec lequel il c\u00e9l\u00e8bre ses 40 ans d\u2019\u00e9criture, l\u2019\u00e9crivain Mario Morisi, qui partage sa vie entre Marseille et Besan\u00e7on, part en croisade contre l\u2019intelligence artificielle.<\/p>\n<p>Dans ce nouveau roman, qu\u2019il pr\u00e9sente comme \u00ab une uchronie de r\u00e9sistance \u00e0 l\u2019IA \u00bb, il a imagin\u00e9 des hommes (dont Eponymus Schwartz) voyageant dans les livres et traqu\u00e9s par La Machine et ses agents \u00e0 la recherche d\u2019un certain Kalevalo, d\u00e9positaire d\u2019un secret capable de d\u00e9zinguer leur syst\u00e8me totalitaire. Reste que, comme l\u2019\u00e9crit l\u2019auteur en 4e\u00a0de couverture, \u00ab Eponymus Schwartz a plus d\u2019un tour dans sa besace quantique. Cela suffira-t-il \u00e0 prot\u00e9ger jusqu\u2019au bout Kalevalo contre la Doxa ? That is the question, isn\u2019t it ? \u00bb.<\/p>\n<p>En attendant, tout commence \u00ab dans une ville de l\u2019Est dont nos moteurs de recherche ont en vain cherch\u00e9 la trace [o\u00f9] vivait Eponymus Schwartz, un humain de ceux qui, bourrel\u00e9s de remords, sursautaient au moindre bruit de pas derri\u00e8re eux. Log\u00e9 dans un loft mansard\u00e9 avec vue sur les quais, il se disait \u00e0 la boulangerie (une boutique fabriquant du pain) qu\u2019il avait travaill\u00e9 dans un minist\u00e8re, un consulat, une administration\u2026 \u00bb<\/p>\n<p>    &#13;<br \/>\n    &#13;<br \/>\n    &#13;<br \/>\n    <a href=\"https:\/\/cdn-s-www.estrepublicain.fr\/images\/cf695efa-c232-44eb-97b9-5e4186769804\/NW_raw\/mario-morisi-fete-avec-quot-kalevalo-contre-la-machine-quot-(ed-melmac-cat-152-pages-15-)-un-roman-de-quot-science-fiction-et-de-resistance-poetique-quot-ses-40-annees-d-ecriture-1757683609.jpg\" title=\"Mario Morisi f\u00eate avec &quot;Kalevalo contre la machine&quot; (\u00e9d. Melmac Cat, 152 pages, 15\u20ac), un roman de &quot;science fiction et de r\u00e9sistance po\u00e9tique&quot; ses 40 ann\u00e9es d&#039;\u00e9criture.\" class=\"chocolat-image GA-tracking\" data-ga_type=\"click\" data-ga_category=\"D\u00e9tail\" data-ga_action=\"zoomer\" data-ga_label=\"aggrandir image\" target=\"_blank\" rel=\"noopener\">&#13;<br \/>\n        <img src=\"https:\/\/www.europesays.com\/fr\/wp-content\/uploads\/2025\/09\/mario-morisi-fete-avec-quot-kalevalo-contre-la-machine-quot-(ed-melmac-cat-152-pages-15-)-un-roman-d.jpeg\"   alt=\"Mario Morisi f\u00eate avec &quot;Kalevalo contre la machine&quot; (\u00e9d. Melmac Cat, 152 pages, 15\u20ac), un roman de &quot;science fiction et de r\u00e9sistance po\u00e9tique&quot; ses 40 ann\u00e9es d'\u00e9criture.\" fetchpriority=\"high\" decoding=\"async\" data-mobile=\"NW_listA_M|1757683609\" data-base=\"NW_listA|1757683609\"\/>&#13;<br \/>\n    <\/a>&#13;<\/p>\n<p>Mario Morisi f\u00eate avec \u00ab\u00a0Kalevalo contre la machine\u00a0\u00bb (\u00e9d. Melmac Cat, 152 pages, 15\u20ac), un roman de \u00ab\u00a0science fiction et de r\u00e9sistance po\u00e9tique\u00a0\u00bb ses 40 ann\u00e9es d&rsquo;\u00e9criture.<\/p>\n<p>La suite propulse le lecteur dans un univers d\u00e9jant\u00e9 d\u00e9crit avec une plume enlev\u00e9e. Un autre extrait ? \u00ab Cela fait combien de temps que nous tenons la baraque, ton Boss le Gai Savoir, et moi Sangre y muerte ? Mais j\u2019ai compris, tu vas me parler de Davos &amp; Bilderburg et de La Machine qui rach\u00e8te les Marvels et veut imposer son monde tautologique, ses ontologies, ses algorithmes et leur Intelligence artificielle. Qui a l\u2019intention de r\u00e9\u00e9crire l\u2019Histoire. Des conneries ! Je ne crains pas ces Teutons plan\u00e9taires ! Je suis l\u2019ap\u00f4tre de la t\u00e9ratogen\u00e8se, du chaos et de l\u2019al\u00e9atoire ! Qu\u2019ils viennent me chercher au fond du grand 0,0006, ces fils de Bytes, je les mesm\u00e9riserai illico presto ! \u00bb<\/p>\n<p class=\"note\">Mario Morisi d\u00e9dicacera \u00ab Kalevalo contre la machine \u00bb (\u00e9d. Melmac, 152 pages, 15 \u20ac) en avant-premi\u00e8re \u00e0 la librairie A la Page, rue Ronchaux \u00e0 Besan\u00e7on le mardi 16 septembre de 15 h 30 \u00e0 19 h 30. Il sera ensuite pr\u00e9sent samedi et dimanche \u00e0 Livres dans la Boucle.<\/p>\n<p>\u00ab Les humains se robotisent \u00bb<\/p>\n<p><strong>Cl\u00e9ment Camar-Mercier, voici deux ans, le festival Livres dans la Boucle de Besan\u00e7on \u00e9tait le 1er\u00a0auquel vous participiez pour pr\u00e9senter votre 1er\u00a0livre, \u00ab Le Roman de Jeanne et de Nathan \u00bb. Quel souvenir gardez-vous de ce rendez-vous et de cette ville ?<\/strong><\/p>\n<p>\u00ab C\u2019\u00e9tait une p\u00e9riode incroyable, o\u00f9 j\u2019\u00e9tais enfin devenu ce que je r\u00eavais d\u2019\u00eatre. C\u2019est une sensation plaisante. Et rare. Le public ne me connaissait pas, je n\u2019avais pas sign\u00e9 beaucoup d\u2019exemplaires, mais qu\u2019importe. Moi qui ne connaissais personne, c\u2019est l\u00e0 que je me suis fait mes premiers amis dans le milieu litt\u00e9raire, des \u00e9crivains que je revois encore aujourd\u2019hui. \u00bb<\/p>\n<p><strong>Vous venez cette fois samedi et dimanche pr\u00e9senter votre deuxi\u00e8me roman, toujours chez Actes Sud, \u00ab La Tentation artificielle \u00bb. Confirmez-vous qu\u2019il est plus difficile et vertigineux de produire une deuxi\u00e8me \u0153uvre \u2013 qui plus est lorsque la premi\u00e8re a \u00e9t\u00e9 un succ\u00e8s, \u00ab Le Roman de Jeanne et Nathan \u00bb \u00e9tant sorti en poche ?<\/strong><\/p>\n<p>\u00ab C\u2019est compliqu\u00e9 \u00e0 dire, car j\u2019avais termin\u00e9\u00a0Le Roman de Jeanne et Nathan\u00a0deux ans avant sa sortie, le temps qu\u2019il m\u2019a fallu pour trouver un \u00e9diteur qui accepte de le publier ! J\u2019avais donc d\u00e9j\u00e0 en t\u00eate, et m\u00eame commenc\u00e9, ce deuxi\u00e8me roman. L\u2019\u00e9criture s\u2019est faite exactement de la m\u00eame mani\u00e8re. Le plus compliqu\u00e9, c\u2019est la sortie. On est tr\u00e8s expos\u00e9 avec un premier roman, les journalistes en parlent beaucoup plus. Et je ne peux m\u2019emp\u00eacher de comparer les deux sorties, et donc de trouver celle-ci bien plus calme\u2026 \u00bb<\/p>\n<p><strong>Pourrait-on r\u00e9sumer l\u2019origine de votre propos par le constat que plus les robots s\u2019humanisent, plus l\u2019humain se robotise ?<\/strong><\/p>\n<p>\u00ab Je ne pense pas que les robots s\u2019humanisent, loin de l\u00e0. En revanche, les humains, eux, se robotisent. C\u2019est une \u00e9vidence. \u00bb<\/p>\n<p>    &#13;<br \/>\n    &#13;<br \/>\n    &#13;<br \/>\n    <a href=\"https:\/\/cdn-s-www.estrepublicain.fr\/images\/a14b1037-0ed9-4798-bc20-150c8bfe9188\/NW_raw\/deux-ans-apres-y-avoir-presente-son-1-er-ouvrage-aujourd-hui-sorti-en-poche-clement-camar-mercier-revient-a-livres-dans-la-boucle-avec-la-tentation-artificielle-un-roman-ou-il-explore-la-question-de-l-ia-photo-d-archives-alexandre-marchi-1757683714.jpg\" title=\"Deux ans apr\u00e8s y avoir pr\u00e9sent\u00e9 son 1 er ouvrage, aujourd\u2019hui sorti en poche, Cl\u00e9ment Camar-Mercier revient \u00e0 Livres dans la Boucle avec \u00ab La Tentation artificielle \u00bb un roman o\u00f9 il explore la question de l\u2019IA.\u00a0 Photo d\u2019archives Alexandre Marchi\" class=\"chocolat-image GA-tracking\" data-ga_type=\"click\" data-ga_category=\"D\u00e9tail\" data-ga_action=\"zoomer\" data-ga_label=\"aggrandir image\" target=\"_blank\" rel=\"noopener\">&#13;<br \/>\n        <img src=\"https:\/\/www.europesays.com\/fr\/wp-content\/uploads\/2025\/09\/deux-ans-apres-y-avoir-presente-son-1-er-ouvrage-aujourd-hui-sorti-en-poche-clement-camar-mercier-re.jpeg\"   alt=\"Deux ans apr\u00e8s y avoir pr\u00e9sent\u00e9 son 1 er ouvrage, aujourd\u2019hui sorti en poche, Cl\u00e9ment Camar-Mercier revient \u00e0 Livres dans la Boucle avec \u00ab La Tentation artificielle \u00bb un roman o\u00f9 il explore la question de l\u2019IA.\u00a0 Photo d\u2019archives Alexandre Marchi\" fetchpriority=\"high\" decoding=\"async\" data-mobile=\"NW_listA_M|1757683714\" data-base=\"NW_listA|1757683714\"\/>&#13;<br \/>\n    <\/a>&#13;<\/p>\n<p>Deux ans apr\u00e8s y avoir pr\u00e9sent\u00e9 son 1 er ouvrage, aujourd\u2019hui sorti en poche, Cl\u00e9ment Camar-Mercier revient \u00e0 Livres dans la Boucle avec \u00ab La Tentation artificielle \u00bb un roman o\u00f9 il explore la question de l\u2019IA.\u00a0 Photo d\u2019archives Alexandre Marchi<\/p>\n<p>  \u00ab Nous nous autod\u00e9truisons volontairement \u00bb<\/p>\n<p><strong>La question de Dieu est au centre du roman, avec ce que cela implique de transcendance de duel entre le Bien et le Mal. On y voit que l\u2019IA n\u2019est pas morale ou immorale, mais amorale. La froideur num\u00e9rique risque-t-elle de supplanter la chaleur humaine ?<\/strong><\/p>\n<p>\u00ab Oui, la froideur nous gagne, les t\u00e9n\u00e8bres approchent, et nous rions encore. Mais si les humains perdent en chaleur, ce n\u2019est en aucun cas \u00e0 cause des machines. Nous nous autod\u00e9truisons volontairement\u2026 \u00bb<\/p>\n<p><strong>Partagez-vous cette maxime de Chesterton selon laquelle \u00ab Les gens qui ne croient pas en Dieu ne croient pas en rien mais en n\u2019importe quoi \u00bb ?<\/strong><\/p>\n<p>\u00ab Je ne la connaissais pas, mais je la partage compl\u00e8tement. J\u2019irai plus loin en affirmant que, pire encore, nous avons fait de Dieu n\u2019importe quoi. Ou nous avons fait n\u2019importe quoi de Dieu. Ce qui revient au m\u00eame. \u00bb<\/p>\n<p><strong>\u00c0 quand votre troisi\u00e8me roman et sur quel sujet ?<\/strong><\/p>\n<p>\u00ab Aucune id\u00e9e. \u00c7a parlera s\u00fbrement de m\u00e9taphysique contemporaine. Pour changer. \u00bb<\/p>\n","protected":false},"excerpt":{"rendered":"Grand Forum, chef d&rsquo;orchestre \u00ab Ce sera le premier stand \u00e0 droite en entrant sous le chapiteau \u00bb,&hellip;\n","protected":false},"author":2,"featured_media":387891,"comment_status":"","ping_status":"","sticky":false,"template":"","format":"standard","meta":{"footnotes":""},"categories":[1357],"tags":[10112,14382,1379,1687,58,10332,14383,14384,8698,59,1011,27,12126,1380,2410,22383,11058,273],"class_list":{"0":"post-387890","1":"post","2":"type-post","3":"status-publish","4":"format-standard","5":"has-post-thumbnail","7":"category-livres","8":"tag-besancon","9":"tag-besancon-ville-25a","10":"tag-books","11":"tag-culture-loisirs","12":"tag-divertissement","13":"tag-edition-belfort-hericourt-montbeliard","14":"tag-edition-besancon","15":"tag-edition-pontarlier-haut-doubs","16":"tag-edition-vesoul-haute-saone","17":"tag-entertainment","18":"tag-fr","19":"tag-france","20":"tag-les-dossiers-de-la-redaction","21":"tag-livres","22":"tag-livres-bd","23":"tag-livres-dans-la-boucle","24":"tag-region-franche-comte","25":"tag-selection-de-la-redaction"},"share_on_mastodon":{"url":"https:\/\/pubeurope.com\/@fr\/115197102713535815","error":""},"_links":{"self":[{"href":"https:\/\/www.europesays.com\/fr\/wp-json\/wp\/v2\/posts\/387890","targetHints":{"allow":["GET"]}}],"collection":[{"href":"https:\/\/www.europesays.com\/fr\/wp-json\/wp\/v2\/posts"}],"about":[{"href":"https:\/\/www.europesays.com\/fr\/wp-json\/wp\/v2\/types\/post"}],"author":[{"embeddable":true,"href":"https:\/\/www.europesays.com\/fr\/wp-json\/wp\/v2\/users\/2"}],"replies":[{"embeddable":true,"href":"https:\/\/www.europesays.com\/fr\/wp-json\/wp\/v2\/comments?post=387890"}],"version-history":[{"count":0,"href":"https:\/\/www.europesays.com\/fr\/wp-json\/wp\/v2\/posts\/387890\/revisions"}],"wp:featuredmedia":[{"embeddable":true,"href":"https:\/\/www.europesays.com\/fr\/wp-json\/wp\/v2\/media\/387891"}],"wp:attachment":[{"href":"https:\/\/www.europesays.com\/fr\/wp-json\/wp\/v2\/media?parent=387890"}],"wp:term":[{"taxonomy":"category","embeddable":true,"href":"https:\/\/www.europesays.com\/fr\/wp-json\/wp\/v2\/categories?post=387890"},{"taxonomy":"post_tag","embeddable":true,"href":"https:\/\/www.europesays.com\/fr\/wp-json\/wp\/v2\/tags?post=387890"}],"curies":[{"name":"wp","href":"https:\/\/api.w.org\/{rel}","templated":true}]}}