{"id":387902,"date":"2025-09-13T13:02:11","date_gmt":"2025-09-13T13:02:11","guid":{"rendered":"https:\/\/www.europesays.com\/fr\/387902\/"},"modified":"2025-09-13T13:02:11","modified_gmt":"2025-09-13T13:02:11","slug":"cette-sieste-qui-a-certainement-coute","status":"publish","type":"post","link":"https:\/\/www.europesays.com\/fr\/387902\/","title":{"rendered":"cette sieste qui a certainement co\u00fbt\u00e9 &#8230;"},"content":{"rendered":"<p>EN BREF<\/p>\n<ul class=\"bloc_resume_post_list\">\n<li>Le 12 septembre 2025, Morgane, maestro de N\u00a0\u00bboubliez pas<br \/>\nles paroles, a \u00e9t\u00e9 \u00e9limin\u00e9e apr\u00e8s 64 victoires.<\/li>\n<li>Une bafouille sur une chanson de Kyo a mis fin \u00e0 son<br \/>\nparcours impressionnant.<\/li>\n<li>Morgane, malgr\u00e9 sa d\u00e9faite, reste une figure m\u00e9morable du<br \/>\njeu.<\/li>\n<\/ul>\n<p data-start=\"423\" data-end=\"1330\">Ce vendredi 12 septembre 2025,<br \/>\n<a href=\"https:\/\/www.telestar.fr\/actu_tv\/noubliez-pas-les-paroles-la-cagnotte-de-morgane-est-rondelette-et-un-record-lui-tend-les-bras-1737740\" target=\"_blank\" rel=\"noopener\"><br \/>\nMorgane<\/a> a d\u00fb raccrocher le micro d\u2019argent de <a href=\"https:\/\/www.telestar.fr\/actu_tv\/noubliez-pas-les-paroles-clap-de-fin-pour-morgane-la-maestro-eliminee-avec-pres-de-300-000-euros-1737938\" target=\"_blank\" rel=\"noopener\"><br \/>\nN\u2019oubliez pas les<br \/>\nparoles<\/a>. Maestro depuis le 6 ao\u00fbt, avec <strong>64<br \/>\nvictoires<\/strong> \u00e0 son actif et <strong>272 000 euros<br \/>\nengrang\u00e9s<\/strong>, la jeune femme de 32 ans n\u2019a pas vu venir le<br \/>\npi\u00e8ge. La chanson fatale\u202f? Le<br \/>\nGraal de <a href=\"https:\/\/www.telestar.fr\/culture\/le-groupe-kyo-bientot-de-retour-11787\" target=\"_blank\" rel=\"noopener\"><br \/>\nKyo<\/a>. Une simple <strong>maladresse<\/strong> sur un mot qu\u2019elle<br \/>\nconnaissait, et tout s\u2019est \u00e9croul\u00e9. \u00ab\u00a0<strong>J\u2019\u00e9tais<br \/>\nfatigu\u00e9e<\/strong> apr\u00e8s deux jours de tournage, j\u2019ai fait une<br \/>\nsieste et je suis sortie juste apr\u00e8s, sur une bafouille, sur une<br \/>\nchanson que je connaissais\u00a0\u00bb, confie Morgane \u00e0 T\u00e9l\u00e9 7<br \/>\nJours. Comme dirait <a href=\"https:\/\/www.telestar.fr\/actu_tv\/cest-gad-elmaleh-la-digression-de-camille-lacourt-quon-avait-pas-vue-venir-en-plein-direct-sur-france-3-1733488\" target=\"_blank\" rel=\"noopener\"><br \/>\nGad Elmaleh<\/a>, c&rsquo;\u00e9tait son \u00ab\u00a0ultime bafouille\u00a0\u00bb&#8230;<\/p>\n<p data-start=\"423\" data-end=\"1330\">Une d\u00e9faite particuli\u00e8rement<br \/>\ndifficile \u00e0 avaler pour celle qui avait pourtant dompt\u00e9 le plateau<br \/>\npendant des semaines. \u00ab\u00a0\u00c7a a \u00e9t\u00e9 tr\u00e8s dur, <strong>j\u2019ai beaucoup<br \/>\npleur\u00e9<\/strong>\u00ab\u00a0, ajoute-t-elle. Le contraste entre sa<br \/>\nconstance impressionnante et <strong>cette chute soudaine<\/strong><br \/>\nfrappe fort, et rappelle que m\u00eame les plus grands peuvent tr\u00e9bucher<br \/>\nsur un d\u00e9tail.<\/p>\n<p>N\u2019oubliez pas les paroles : la fin d&rsquo;un r\u00e8gne<\/p>\n<p data-start=\"1337\" data-end=\"2381\">La pilule a \u00e9t\u00e9 difficile \u00e0<br \/>\navaler, car le sc\u00e9nario \u00e9tait \u00e9crit depuis longtemps dans son<br \/>\nesprit\u202f: perdre sur une chanson qu\u2019elle ma\u00eetrisait. \u00ab\u00a0J\u2019avais<br \/>\ntoujours dit que <strong>le pire sc\u00e9nario<\/strong>, ce serait une<br \/>\nbafouille sur une chanson que je connais\u2026 et c\u2019est ce qui est<br \/>\narriv\u00e9\u00a0\u00bb, explique-t-elle. Mais Morgane sait transformer<br \/>\nl\u2019\u00e9chec en <strong>recul positif<\/strong>. Entour\u00e9e de ses proches,<br \/>\nelle commence \u00e0 mesurer l\u2019ampleur de ses gains et de <strong>son<br \/>\nparcours exceptionnel<\/strong>.<\/p>\n<p data-start=\"1337\" data-end=\"2381\">\u00ab\u00a0J\u2019avais fait une blague<br \/>\nsur le plateau en disant qu\u2019il me restait 15 euros sur mon compte\u2026<br \/>\nmais ce n\u2019\u00e9tait pas une blague. J\u2019avais pris des cong\u00e9s sans<br \/>\nsolde pour les tournages, on vivait avec le salaire de Quentin [son<br \/>\ncompagnon, ndlr]. Donc je n\u2019ai pas encore r\u00e9alis\u00e9. Me dire qu\u2019il y<br \/>\naura <strong>six chiffres sur mon compte, c\u2019est irr\u00e9el\u202f<\/strong>!\u00a0\u00bb<br \/>\nCes mots d\u00e9voilent autant la fatigue des tournages que le bonheur<br \/>\nimmense que repr\u00e9sente <strong>ce jackpot inattendu<\/strong>.<br \/>\nMorgane redescend peu \u00e0 peu sur Terre, mais avec un sourire qui<br \/>\nbrille plus que le micro d\u2019argent lui-m\u00eame.<\/p>\n<p>Ga\u00ebtan, roi \u00e9ph\u00e9m\u00e8re du micro<br \/>\nd\u2019argent<\/p>\n<p data-start=\"2388\" data-end=\"3283\">Le tr\u00f4ne de maestro n\u2019a pas<br \/>\nattendu longtemps avant de changer de mains. Ga\u00ebtan a certes<br \/>\nd\u00e9tr\u00f4n\u00e9 Morgane ce vendredi 12 septembre, mais sa gloire fut<br \/>\ncourte. Lors de sa seconde manche, sans avoir gagn\u00e9 d\u2019argent dans<br \/>\nla premi\u00e8re, il s\u2019est fait d\u00e9passer par Marine, sa challengeuse.<br \/>\n<strong>Une victoire \u00e9clair<\/strong> et une le\u00e7on de modestie<br \/>\nimm\u00e9diate pour ce nouveau roi du <a href=\"https:\/\/www.telestar.fr\/actu_tv\/exclu-benoit-noubliez-pas-les-paroles-jai-envie-de-pleurer-rien-que-den-parler-les-confidences-sans-filtre-du-maestro-1704123\" target=\"_blank\" rel=\"noopener\"><br \/>\nmicro d\u2019argent<\/a>.<\/p>\n<p data-start=\"2388\" data-end=\"3283\">\u00ab\u00a0J&rsquo;esp\u00e8re que vous<br \/>\ngarderez de bons souvenirs, au point de revenir avec <strong>un<br \/>\npoil plus de r\u00e9visions<\/strong> la prochaine fois\u00a0\u00bb, a lanc\u00e9<br \/>\n<a href=\"https:\/\/www.telestar.fr\/actu_tv\/noplp-grand-moment-de-solitude-pour-le-fiance-de-la-maestro-et-nagui-ny-est-pas-pour-rien-1736808\" target=\"_blank\" rel=\"noopener\"><br \/>\nNagui<\/a> avant de le laisser partir. Le micro d\u2019argent, lui, reste<br \/>\nun symbole convoit\u00e9, pr\u00eat \u00e0 accueillir la prochaine star du<br \/>\nkaraok\u00e9. Entre siestes fatales, larmes et \u00e9clats de rire,<br \/>\nN\u2019oubliez pas les<br \/>\nparoles continue de nous surprendre, et Morgane, malgr\u00e9 son<br \/>\n\u00e9limination, demeure dans la m\u00e9moire du public comme <strong>une<br \/>\nmaestro solaire<\/strong> et inoubliable.<\/p>\n","protected":false},"excerpt":{"rendered":"EN BREF Le 12 septembre 2025, Morgane, maestro de N\u00a0\u00bboubliez pas les paroles, a \u00e9t\u00e9 \u00e9limin\u00e9e apr\u00e8s 64&hellip;\n","protected":false},"author":2,"featured_media":387903,"comment_status":"","ping_status":"","sticky":false,"template":"","format":"standard","meta":{"footnotes":""},"categories":[8],"tags":[548,58,59,1011,27,594,31009,10477],"class_list":{"0":"post-387902","1":"post","2":"type-post","3":"status-publish","4":"format-standard","5":"has-post-thumbnail","7":"category-divertissement","8":"tag-article-simple","9":"tag-divertissement","10":"tag-entertainment","11":"tag-fr","12":"tag-france","13":"tag-france-2","14":"tag-noubliez-pas-les-paroles","15":"tag-nagui"},"share_on_mastodon":{"url":"https:\/\/pubeurope.com\/@fr\/115197125886007333","error":""},"_links":{"self":[{"href":"https:\/\/www.europesays.com\/fr\/wp-json\/wp\/v2\/posts\/387902","targetHints":{"allow":["GET"]}}],"collection":[{"href":"https:\/\/www.europesays.com\/fr\/wp-json\/wp\/v2\/posts"}],"about":[{"href":"https:\/\/www.europesays.com\/fr\/wp-json\/wp\/v2\/types\/post"}],"author":[{"embeddable":true,"href":"https:\/\/www.europesays.com\/fr\/wp-json\/wp\/v2\/users\/2"}],"replies":[{"embeddable":true,"href":"https:\/\/www.europesays.com\/fr\/wp-json\/wp\/v2\/comments?post=387902"}],"version-history":[{"count":0,"href":"https:\/\/www.europesays.com\/fr\/wp-json\/wp\/v2\/posts\/387902\/revisions"}],"wp:featuredmedia":[{"embeddable":true,"href":"https:\/\/www.europesays.com\/fr\/wp-json\/wp\/v2\/media\/387903"}],"wp:attachment":[{"href":"https:\/\/www.europesays.com\/fr\/wp-json\/wp\/v2\/media?parent=387902"}],"wp:term":[{"taxonomy":"category","embeddable":true,"href":"https:\/\/www.europesays.com\/fr\/wp-json\/wp\/v2\/categories?post=387902"},{"taxonomy":"post_tag","embeddable":true,"href":"https:\/\/www.europesays.com\/fr\/wp-json\/wp\/v2\/tags?post=387902"}],"curies":[{"name":"wp","href":"https:\/\/api.w.org\/{rel}","templated":true}]}}