{"id":387904,"date":"2025-09-13T13:03:12","date_gmt":"2025-09-13T13:03:12","guid":{"rendered":"https:\/\/www.europesays.com\/fr\/387904\/"},"modified":"2025-09-13T13:03:12","modified_gmt":"2025-09-13T13:03:12","slug":"hbo-max-prepare-une-nouvelle-hausse-de-tarifs-les-details-connus-a-ce-jour-begeek","status":"publish","type":"post","link":"https:\/\/www.europesays.com\/fr\/387904\/","title":{"rendered":"HBO Max pr\u00e9pare une nouvelle hausse de tarifs : les d\u00e9tails connus \u00e0 ce jour &#8211; Begeek"},"content":{"rendered":"<ol>\n<li><a href=\"https:\/\/news.google.com\/rss\/articles\/CBMipgFBVV95cUxOc0dYeHk0a0Y0RWhlY2lpMnRVT0pZT1M3RTQ4SzhYUENlQmhiLTA4OHNWdVF4UGlMaG83WU1vdzBpTEdndUJsd1BLbkp3Y3RHalhkSkMxSlBxRmJBdDd2TkxKOGk2dzAtbnRTcG5NVV81TnFIQURkQ3g3YzBoZHZkLXZFQ3liVjZPQm5hSnZpUV82SnY0UktfMEc3Ql9MQnBLTEVYSkFR?oc=5\" target=\"_blank\" rel=\"nofollow noopener\">HBO Max pr\u00e9pare une nouvelle hausse de tarifs : les d\u00e9tails connus \u00e0 ce jour<\/a>&nbsp;&nbsp;Begeek<\/li>\n<li><a href=\"https:\/\/news.google.com\/rss\/articles\/CBMi1wFBVV95cUxPWDFkVEUyMUNzNDRpSWlnMGpVMmRnc09wcjRLeGhSLVp2enpXbG1JSlFqYldTT3l4NlVxeWZwWm8wVXB5NHVHN25aNnQxRWdOU3NuWGRSZzBaU2g1Q3F4MmQ4UjV2Z0ltOG9ZU21ETVVvbG1wSUdCQy1GYkIwbVJSUXpDQmdPc1AzemF3VnhLWUVpLV9UckQxNFV2N1RjVTVKU1I1Qm1FcUVLMDJVRHlWWG5CbGc3LTFHZk1PMkRUaExidTB2MzVHZUlZSFp2V29wYVE4SkFmRQ?oc=5\" target=\"_blank\" rel=\"nofollow noopener\">David Zaslav, le boss de Warner Bros., explique pourquoi HBO Max ne s&rsquo;attaque pas encore au partage de mots de passe<\/a>&nbsp;&nbsp;IGN<\/li>\n<li><a href=\"https:\/\/news.google.com\/rss\/articles\/CBMiogFBVV95cUxOdGVNdEZ1azF4eEVHNklYTHVLdTJPNHI3WG9hc2hDVFgtbU5CT2gtdG9IaUJTdVl2R0hCQkZhdGVGZXhfV0dYWkVJWUhBZmVIZmVBTjc3YWVyQURhUmZPNk9oSklFVF9RSHhKTEFhbTgzcURaWVJzTEUzb3lSS0lkX18tVy14TXc2LTBSMVowTFU2ZUhRLWNseU9UdE9vQWt0eFE?oc=5\" target=\"_blank\" rel=\"nofollow noopener\">HBO : ces deux mauvaises nouvelles qui attendent les abonn\u00e9s<\/a>&nbsp;&nbsp;Journal du Geek<\/li>\n<li><a href=\"https:\/\/news.google.com\/rss\/articles\/CBMipwFBVV95cUxPOGRybmlRbDNmY1QtcUhIQlk1RmQzWUZ1akdlR1NuQW5DeTZhSnYzVGZJNWhKdHBZT18ycFhCSFRSTFlZWGhMOWJWNllOalZ0aGVIS0tudmp6bWNBUWNUTGhkVE5CMFgxQjlEaGYtMVBfNUJHbnpHOVJ4OEktQ2N3MDUtcVRMdDZNRE5OS0JVbmR3ek5qSE8wbnAzVUVQVEh5UVM1ZUJSVQ?oc=5\" target=\"_blank\" rel=\"nofollow noopener\">HBO Max copie Netflix et r\u00e9serve deux mauvaises surprises \u00e0 ses abonn\u00e9s<\/a>&nbsp;&nbsp;PhonAndroid<\/li>\n<li><a href=\"https:\/\/news.google.com\/rss\/articles\/CBMiiwFBVV95cUxQWU81LVRLYjJlT3ZDdzJmZE9yQ2RGWDU5YnN5X3JaRGY3QmQ5VTk5ZWI0Wi00SnZndmg4eUUzd3FqR3pNRUtreWx0RFdlaS1acF9kZ1hZRDlTZnNRRWowa1NsaUNUVW5VazBRSTZFU1BFdGdXallpOWE4NTd3aEVxcmltQzRmYWRtYUZN?oc=5\" target=\"_blank\" rel=\"nofollow noopener\">Des augmentations de prix pour HBO Max arrivent, selon le PDG de Warner Bros Discovery.<\/a>&nbsp;&nbsp;Quartz<\/li>\n<\/ol>\n","protected":false},"excerpt":{"rendered":"HBO Max pr\u00e9pare une nouvelle hausse de tarifs : les d\u00e9tails connus \u00e0 ce jour&nbsp;&nbsp;Begeek David Zaslav, le&hellip;\n","protected":false},"author":2,"featured_media":387905,"comment_status":"","ping_status":"","sticky":false,"template":"","format":"standard","meta":{"footnotes":""},"categories":[7],"tags":[1011,27,43,40,41,39,42,44],"class_list":{"0":"post-387904","1":"post","2":"type-post","3":"status-publish","4":"format-standard","5":"has-post-thumbnail","7":"category-sciences-et-technologies","8":"tag-fr","9":"tag-france","10":"tag-science","11":"tag-science-and-technology","12":"tag-sciences","13":"tag-sciences-et-technologies","14":"tag-technologies","15":"tag-technology"},"share_on_mastodon":{"url":"https:\/\/pubeurope.com\/@fr\/115197129957974934","error":""},"_links":{"self":[{"href":"https:\/\/www.europesays.com\/fr\/wp-json\/wp\/v2\/posts\/387904","targetHints":{"allow":["GET"]}}],"collection":[{"href":"https:\/\/www.europesays.com\/fr\/wp-json\/wp\/v2\/posts"}],"about":[{"href":"https:\/\/www.europesays.com\/fr\/wp-json\/wp\/v2\/types\/post"}],"author":[{"embeddable":true,"href":"https:\/\/www.europesays.com\/fr\/wp-json\/wp\/v2\/users\/2"}],"replies":[{"embeddable":true,"href":"https:\/\/www.europesays.com\/fr\/wp-json\/wp\/v2\/comments?post=387904"}],"version-history":[{"count":0,"href":"https:\/\/www.europesays.com\/fr\/wp-json\/wp\/v2\/posts\/387904\/revisions"}],"wp:featuredmedia":[{"embeddable":true,"href":"https:\/\/www.europesays.com\/fr\/wp-json\/wp\/v2\/media\/387905"}],"wp:attachment":[{"href":"https:\/\/www.europesays.com\/fr\/wp-json\/wp\/v2\/media?parent=387904"}],"wp:term":[{"taxonomy":"category","embeddable":true,"href":"https:\/\/www.europesays.com\/fr\/wp-json\/wp\/v2\/categories?post=387904"},{"taxonomy":"post_tag","embeddable":true,"href":"https:\/\/www.europesays.com\/fr\/wp-json\/wp\/v2\/tags?post=387904"}],"curies":[{"name":"wp","href":"https:\/\/api.w.org\/{rel}","templated":true}]}}