{"id":38791,"date":"2025-04-20T11:44:14","date_gmt":"2025-04-20T11:44:14","guid":{"rendered":"https:\/\/www.europesays.com\/fr\/38791\/"},"modified":"2025-04-20T11:44:14","modified_gmt":"2025-04-20T11:44:14","slug":"encore-des-fermetures-et-des-bouchons-prevus","status":"publish","type":"post","link":"https:\/\/www.europesays.com\/fr\/38791\/","title":{"rendered":"encore des fermetures et des bouchons pr\u00e9vus"},"content":{"rendered":"<p>            Par<br \/>\n        <strong><br \/>\n            <a href=\"https:\/\/actu.fr\/auteur\/laure-gentil\" title=\"Consulter tous les articles de Laure Gentil\" target=\"_blank\" rel=\"noopener\">Laure Gentil<\/a><br \/>\n        <\/strong><\/p>\n<p>        Publi\u00e9 le<\/p>\n<p>            19 avr. 2025 \u00e0 7h40        <\/p>\n<p>D\u00e9cid\u00e9ment, \u00e7a n\u2019arr\u00eate pas. Comme\u00a0actu Nantes l\u2019avait annonc\u00e9, des travaux de r\u00e9novation de la chauss\u00e9e sur <a href=\"https:\/\/actu.fr\/pays-de-la-loire\/nantes_44109\/travaux-sur-le-peripherique-de-nantes-plus-d-un-mois-de-fermetures-attention-aux-bouchons_62511383.html\" target=\"_blank\" rel=\"noopener\">la RN165 \u00e0 hauteur de Sautron vont provoquer des fermetures du lundi 12\u00a0mai au vendredi 27\u00a0juin 2025<\/a>, mais ce ne sont pas les seules fermetures \u00e0 pr\u00e9voir.<\/p>\n<p class=\" wall-content\">Depuis le 24\u00a0mars, des travaux sont en cours<strong> entre les bretelles de sortie<\/strong> du p\u00e9riph\u00e9rique et l\u2019A83 <strong>au niveau de la porte des Sorini\u00e8res<\/strong>. Selon la Direction Interd\u00e9partementale des Routes Ouest (DIRO),<strong> \u00e0 partir du mardi 22\u00a0avril,<\/strong> des fermetures nocturnes seront n\u00e9cessaires pour terminer les travaux d\u2019am\u00e9nagement.<\/p>\n<p class=\" wall-content\">\u00ab\u2009Les automobilistes doivent s\u2019attendre \u00e0<strong> des ralentissements tr\u00e8s importants.<\/strong> Il est fortement recommand\u00e9 d\u2019anticiper ses d\u00e9placements, de privil\u00e9gier des itin\u00e9raires alternatifs ou de <strong>d\u00e9caler ses trajets<\/strong> lorsque cela est possible\u2009\u00bb, pr\u00e9vient la DIRO.<\/p>\n<p>Quelles sont les restrictions\u2009?<\/p>\n<p class=\" wall-content\">Les travaux se d\u00e9rouleront de jour et de nuit \u00e0 partir du mardi 22\u00a0avril jusqu\u2019au mercredi 30\u00a0avril.<\/p>\n<p class=\" wall-content\">Des restrictions de circulation sont mises en place <strong>de mani\u00e8re permanente<\/strong> durant la dur\u00e9e des travaux (week-end compris)\u2009:<\/p>\n<p>Vid\u00e9os : en ce moment sur Actu<\/p>\n<ul class=\" wall-content\">\n<li><strong>convois exceptionnels interdits<\/strong>\u2009: les v\u00e9hicules d\u00e9passant 3\u00a0m de largeur, 30\u00a0m de longueur ou ayant une garde au sol inf\u00e9rieure \u00e0 85\u00a0cm ne pourront pas circuler sur les bretelles de sortie du p\u00e9riph\u00e9rique int\u00e9rieur et ext\u00e9rieur en direction de Bordeaux\u2009;<\/li>\n<li><strong>neutralisation de bandes d\u2019arr\u00eat d\u2019urgence<\/strong>\u2009: la bretelle de sortie du p\u00e9riph\u00e9rique ext\u00e9rieur vers l\u2019A83 en direction de Bordeaux et une section de l\u2019A83 en direction de Bordeaux verront leurs bandes d\u2019arr\u00eat d\u2019urgence neutralis\u00e9es pendant toute la dur\u00e9e des travaux\u2009;<\/li>\n<li><strong>fermeture de route\u2009<\/strong>: la voie communale situ\u00e9e sous l\u2019ouvrage du Clouet sera ferm\u00e9e.<\/li>\n<\/ul>\n<p class=\" wall-content\">Des restrictions sp\u00e9cifiques<strong> pendant les travaux de nuit<\/strong> (de 21\u2009h \u00e0 5\u2009h)\u2009:<\/p>\n<ul class=\" wall-content\">\n<li>bretelle de sortie du p\u00e9riph\u00e9rique int\u00e9rieur porte des Sorini\u00e8res vers l\u2019A83 en direction de Bordeaux\u2009;<\/li>\n<li>bretelle de sortie du p\u00e9riph\u00e9rique ext\u00e9rieur porte des Sorini\u00e8res vers l\u2019A83 en direction de Bordeaux\u2009;<\/li>\n<li>section de l\u2019A83 en direction de Bordeaux\u2009;<\/li>\n<li>neutralisation de 150\u00a0m de voie de gauche de l\u2019A83 en direction de Nantes.<\/li>\n<\/ul>\n<p class=\" wall-content\">Des <strong>fermetures nocturnes<\/strong> seront aussi n\u00e9cessaires du mardi 22\u00a0avril \u00e0 21\u2009h au vendredi 25\u00a0avril \u00e0 5\u2009h et du lundi 28\u00a0avril \u00e0 21\u2009h au mercredi 30\u00a0avril \u00e0 5\u2009h.<\/p>\n<p class=\" wall-content\">Les v\u00e9hicules sup\u00e9rieurs \u00e0 3,5\u00a0t pourront emprunter la rue de Nantes, la rue Georges-Cl\u00e9menceau et la rue du Champ-Fleuri (VM 137) pendant les travaux.<\/p>\n<p>Des d\u00e9viations organis\u00e9es<\/p>\n<p class=\" wall-content\">Plusieurs d\u00e9viations seront propos\u00e9es\u2009:<\/p>\n<ul class=\" wall-content\">\n<li>p\u00e9riph\u00e9rique ext\u00e9rieur en direction de Bordeaux, avant la porte de Rez\u00e9\u2009: sortir \u00e0 la porte de Rez\u00e9 n\u00b049, puis suivre les rues de Nantes, Georges-Cl\u00e9menceau, du Champ-Fleuri et le boulevard de Saint- Georges (travers\u00e9e des Sorini\u00e8res)\u2009;<\/li>\n<li>p\u00e9riph\u00e9rique ext\u00e9rieur en direction de Bordeaux, avant la porte des Sorini\u00e8res\u2009: sortir \u00e0 la porte de Vertou n\u00b047, puis prendre le boulevard Auguste-Priou, rejoindre la porte de Rez\u00e9 n\u00b049 par le p\u00e9riph\u00e9rique int\u00e9rieur, puis suivre la travers\u00e9e des Sorini\u00e8res (VM 137)\u2009;<\/li>\n<li>p\u00e9riph\u00e9rique int\u00e9rieur en direction de Bordeaux, avant la porte des Sorini\u00e8res\u2009: sortir \u00e0 la porte de Rez\u00e9 n\u00b049 et suivre la travers\u00e9e des Sorini\u00e8res (VM137)\u2009;<\/li>\n<li>boulevard de Vend\u00e9e en direction de Bordeaux, avant la porte des Sorini\u00e8res\u2009: quitter la route en direction des Sorini\u00e8res et rejoindre la porte de Rez\u00e9 n\u00b049 par le p\u00e9riph\u00e9rique int\u00e9rieur, puis suivre la travers\u00e9e des Sorini\u00e8res (VM137).<\/li>\n<\/ul>\n<p class=\" wall-content\">Suivez toute l\u2019actualit\u00e9 de vos villes et m\u00e9dias favoris en vous inscrivant \u00e0 <a href=\"https:\/\/moncompte.actu.fr\" title=\"D\u00e9couvez Mon Actu\" rel=\"nofollow noopener\" data-trk=\"{&quot;cta&quot;:{&quot;action&quot;:&quot;https:\\\/\\\/moncompte.actu.fr&quot;,&quot;category&quot;:&quot;mon compte&quot;,&quot;from&quot;:&quot;article footer&quot;,&quot;name&quot;:&quot;Mon actu&quot;,&quot;type&quot;:&quot;cta&quot;}}\" target=\"_blank\">Mon Actu<\/a>.<\/p>\n","protected":false},"excerpt":{"rendered":"Par Laure Gentil Publi\u00e9 le 19 avr. 2025 \u00e0 7h40 D\u00e9cid\u00e9ment, \u00e7a n\u2019arr\u00eate pas. Comme\u00a0actu Nantes l\u2019avait annonc\u00e9,&hellip;\n","protected":false},"author":2,"featured_media":38792,"comment_status":"","ping_status":"","sticky":false,"template":"","format":"standard","meta":{"footnotes":""},"categories":[2818],"tags":[1111,11,1777,674,1011,27,803,766,12,2636,4013,25,104,2086],"class_list":{"0":"post-38791","1":"post","2":"type-post","3":"status-publish","4":"format-standard","5":"has-post-thumbnail","7":"category-nantes","8":"tag-actu","9":"tag-actualites","10":"tag-eu","11":"tag-europe","12":"tag-fr","13":"tag-france","14":"tag-info-trafic","15":"tag-nantes","16":"tag-news","17":"tag-pays-de-la-loire","18":"tag-peripherique","19":"tag-republique-francaise","20":"tag-societe","21":"tag-travaux"},"share_on_mastodon":{"url":"https:\/\/pubeurope.com\/@fr\/114370121854101907","error":""},"_links":{"self":[{"href":"https:\/\/www.europesays.com\/fr\/wp-json\/wp\/v2\/posts\/38791","targetHints":{"allow":["GET"]}}],"collection":[{"href":"https:\/\/www.europesays.com\/fr\/wp-json\/wp\/v2\/posts"}],"about":[{"href":"https:\/\/www.europesays.com\/fr\/wp-json\/wp\/v2\/types\/post"}],"author":[{"embeddable":true,"href":"https:\/\/www.europesays.com\/fr\/wp-json\/wp\/v2\/users\/2"}],"replies":[{"embeddable":true,"href":"https:\/\/www.europesays.com\/fr\/wp-json\/wp\/v2\/comments?post=38791"}],"version-history":[{"count":0,"href":"https:\/\/www.europesays.com\/fr\/wp-json\/wp\/v2\/posts\/38791\/revisions"}],"wp:featuredmedia":[{"embeddable":true,"href":"https:\/\/www.europesays.com\/fr\/wp-json\/wp\/v2\/media\/38792"}],"wp:attachment":[{"href":"https:\/\/www.europesays.com\/fr\/wp-json\/wp\/v2\/media?parent=38791"}],"wp:term":[{"taxonomy":"category","embeddable":true,"href":"https:\/\/www.europesays.com\/fr\/wp-json\/wp\/v2\/categories?post=38791"},{"taxonomy":"post_tag","embeddable":true,"href":"https:\/\/www.europesays.com\/fr\/wp-json\/wp\/v2\/tags?post=38791"}],"curies":[{"name":"wp","href":"https:\/\/api.w.org\/{rel}","templated":true}]}}