{"id":387913,"date":"2025-09-13T13:08:15","date_gmt":"2025-09-13T13:08:15","guid":{"rendered":"https:\/\/www.europesays.com\/fr\/387913\/"},"modified":"2025-09-13T13:08:15","modified_gmt":"2025-09-13T13:08:15","slug":"le-samedi-apres-midi-un-nouvel-accueil-pour-les-jeunes-au-centre-de-loisirs","status":"publish","type":"post","link":"https:\/\/www.europesays.com\/fr\/387913\/","title":{"rendered":"le samedi apr\u00e8s-midi, un nouvel accueil pour les jeunes au centre de loisirs"},"content":{"rendered":"<p>C\u2019est reparti en ce mois de septembre. Enfants et ados appelous, jusqu\u2019\u00e0 16 ans, peuvent passer leur samedi apr\u00e8s-midi au centre de loisirs. L\u2019exp\u00e9rience a \u00e9t\u00e9 lanc\u00e9e au mois de mars dernier, sur les p\u00e9riodes scolaires, avec un accueil de 13\u00a0h\u00a030 \u00e0 17 heures \u00e0 la Maison pour tous, au centre de loisirs enfants et au centre d\u2019animation de Firminy Vert.<\/p>\n<p>\u00ab\u00a0Une vraie utilit\u00e9 sociale\u00a0\u00bb<\/p>\n<p>\u00ab\u00a0Quand les jeunes, ados, ne sont pas \u00e0 l\u2019\u00e9cole, au coll\u00e8ge ou au lyc\u00e9e et qu\u2019ils sont plus disponibles dans le contact, il faut que l\u2019on soit l\u00e0, en face, pour faire de l\u2019animation, de la m\u00e9diation, estime le maire Julien Luya. Notre souhait, c\u2019est d\u2019\u00eatre au plus pr\u00e8s, de proposer des activit\u00e9s int\u00e9ressantes, des sorties et de faire passer des messages en termes de valeur. \u00bb<\/p>\n<p>L\u2019ouverture des centres le samedi apr\u00e8s-midi, c\u2019est donc \u00ab\u00a0un choix politique\u00a0\u00bb argumente le maire\u00a0: \u00ab\u00a0Si on voit que \u00e7a provoque des choses positives pour&#8230;<\/p>\n","protected":false},"excerpt":{"rendered":"C\u2019est reparti en ce mois de septembre. Enfants et ados appelous, jusqu\u2019\u00e0 16 ans, peuvent passer leur samedi&hellip;\n","protected":false},"author":2,"featured_media":387914,"comment_status":"","ping_status":"","sticky":false,"template":"","format":"standard","meta":{"footnotes":""},"categories":[9653],"tags":[1111,11,2430,1984,7539,1777,674,10282,10283,1011,27,12,316,25,4001,801,104],"class_list":{"0":"post-387913","1":"post","2":"type-post","3":"status-publish","4":"format-standard","5":"has-post-thumbnail","7":"category-saint-etienne","8":"tag-actu","9":"tag-actualites","10":"tag-auvergne-rhone-alpes","11":"tag-conseil-municipal","12":"tag-edition-loire-sud","13":"tag-eu","14":"tag-europe","15":"tag-firminy","16":"tag-firminy-ville","17":"tag-fr","18":"tag-france","19":"tag-news","20":"tag-politique","21":"tag-republique-francaise","22":"tag-saint-etienne","23":"tag-social","24":"tag-societe"},"share_on_mastodon":{"url":"https:\/\/pubeurope.com\/@fr\/115197149506046707","error":""},"_links":{"self":[{"href":"https:\/\/www.europesays.com\/fr\/wp-json\/wp\/v2\/posts\/387913","targetHints":{"allow":["GET"]}}],"collection":[{"href":"https:\/\/www.europesays.com\/fr\/wp-json\/wp\/v2\/posts"}],"about":[{"href":"https:\/\/www.europesays.com\/fr\/wp-json\/wp\/v2\/types\/post"}],"author":[{"embeddable":true,"href":"https:\/\/www.europesays.com\/fr\/wp-json\/wp\/v2\/users\/2"}],"replies":[{"embeddable":true,"href":"https:\/\/www.europesays.com\/fr\/wp-json\/wp\/v2\/comments?post=387913"}],"version-history":[{"count":0,"href":"https:\/\/www.europesays.com\/fr\/wp-json\/wp\/v2\/posts\/387913\/revisions"}],"wp:featuredmedia":[{"embeddable":true,"href":"https:\/\/www.europesays.com\/fr\/wp-json\/wp\/v2\/media\/387914"}],"wp:attachment":[{"href":"https:\/\/www.europesays.com\/fr\/wp-json\/wp\/v2\/media?parent=387913"}],"wp:term":[{"taxonomy":"category","embeddable":true,"href":"https:\/\/www.europesays.com\/fr\/wp-json\/wp\/v2\/categories?post=387913"},{"taxonomy":"post_tag","embeddable":true,"href":"https:\/\/www.europesays.com\/fr\/wp-json\/wp\/v2\/tags?post=387913"}],"curies":[{"name":"wp","href":"https:\/\/api.w.org\/{rel}","templated":true}]}}