{"id":387915,"date":"2025-09-13T13:09:17","date_gmt":"2025-09-13T13:09:17","guid":{"rendered":"https:\/\/www.europesays.com\/fr\/387915\/"},"modified":"2025-09-13T13:09:17","modified_gmt":"2025-09-13T13:09:17","slug":"clermont-saint-etienne-les-compositions-probables","status":"publish","type":"post","link":"https:\/\/www.europesays.com\/fr\/387915\/","title":{"rendered":"Clermont Saint-\u00c9tienne : Les compositions probables"},"content":{"rendered":"<p style=\"text-align: justify;\" align=\"justify\"><strong>LIGUE 2 2025-2026 \u2013 Selon L\u2019\u00c9quipe, voici les compositions probables du match entre Clermont et Saint-\u00c9tienne pr\u00e9vu ce samedi.<\/strong><\/p>\n<p style=\"text-align: justify;\"><strong>Clermont<\/strong> ne devrait pas aligner la m\u00eame \u00e9quipe que lors de son dernier match de championnat. <strong>Famara<\/strong> <strong>Diedhiou<\/strong> est forfait et devrait \u00eatre remplac\u00e9 par <strong>Loic<\/strong> <strong>Socka<\/strong> <strong>Bongue<\/strong> \u00e0 la pointe de l\u2019attaque. Au milieu de terrain, <strong>Henri<\/strong> <strong>Saivet<\/strong> ne devrait pas d\u00e9buter. <strong>Johan Gastien<\/strong> devrait lui \u00eatre pr\u00e9f\u00e9r\u00e9.<\/p>\n<p style=\"text-align: justify;\">Les <strong>Verts<\/strong> seront eux priv\u00e9s de leur facteur x g\u00e9orgien. Touch\u00e9, <strong>Zuriko<\/strong> <strong>Davitashvili<\/strong> est forfait et devrait \u00eatre suppl\u00e9\u00e9 par <strong>Augustine<\/strong> <strong>Boakye<\/strong>. Rempla\u00e7ant face \u00e0 <strong>Grenoble<\/strong>, <strong>Lucas Stassin<\/strong> devrait \u00eatre positionn\u00e9 \u00e0 la pointe de l\u2019attaque st\u00e9phanoise alors qu\u2019<strong>Ivan Cardona<\/strong> est attendu dans le couloir droit.<\/p>\n<p style=\"text-align: justify;\">Au milieu de terrain, le tr\u00e8s jeune <strong>Loan<\/strong> <strong>Gadegbeku<\/strong> devrait \u00eatre titularis\u00e9 au poste de sentinelle. La d\u00e9fense ne devrait pas bouger par rapport aux quatre qui ont d\u00e9but\u00e9 face aux <strong>Grenoblois<\/strong>.<\/p>\n<p>La composition probable de Clermont<\/p>\n<p style=\"text-align: justify;\">Guivarch \u2013 Coulibaly, Caufriez, Salmier, Boto \u2013 Bastien, Baallal \u2013 Camblan, Hunou, Bamba, Socka Bongu\u00e9<\/p>\n<p>La composition probable de Saint-\u00c9tienne<\/p>\n<p style=\"text-align: justify;\">Larsonneur \u2013 Ferreira, Lamba, Nad\u00e9, Bernauer \u2013 Gadegbeku, Jaber, Tardieu \u2013 Cardona, Stassin, Boakye<\/p>\n<p>Les cotes de Clermont Saint-\u00c9tienne<\/p>\n<tr style=\"height: 16px;\">\n<td style=\"background-color: #404040; border-color: #ededed; width: 840px; text-align: left;\" colspan=\"3\"><strong><img loading=\"lazy\" decoding=\"async\" class=\"alignnone wp-image-512842 perfmatters-lazy\" alt=\"\" width=\"14\" height=\"13\" src=\"https:\/\/www.europesays.com\/fr\/wp-content\/uploads\/2025\/05\/Logo-Winamax.png\"  data-\/> Samedi 13 septembre, 20h00<\/strong><\/td>\n<\/tr>\n<tr style=\"height: 24px;\">\n<td style=\"background-color: #ffffff; border-color: #ededed; vertical-align: middle; text-align: center; width: 266px;\"><strong>Clermont<br \/><\/strong><a href=\"https:\/\/www.winamax.fr\/paris-sportifs\/match\/61527440?banid=33423\" class=\"su-button su-button-style-flat su-button-wide\" style=\"color:#000;background-color:#00ffcf;border-color:#00cca6;border-radius:5px\" target=\"_blank\" rel=\"noopener noreferrer\"> 3.70<\/a><\/td>\n<td style=\"background-color: #ffffff; border-color: #ededed; vertical-align: middle; text-align: center; width: 266px;\"><strong>Match nul<\/strong><br \/><a href=\"https:\/\/www.winamax.fr\/paris-sportifs\/match\/61527440?banid=33423\" class=\"su-button su-button-style-flat su-button-wide\" style=\"color:#000;background-color:#00ffcf;border-color:#00cca6;border-radius:5px\" target=\"_blank\" rel=\"noopener noreferrer\"> 3.55<\/a><\/td>\n<td style=\"background-color: #ffffff; border-color: #ededed; vertical-align: middle; text-align: center; width: 266px;\"><strong>Saint-\u00c9tienne<\/strong><br \/><a href=\"https:\/\/www.winamax.fr\/paris-sportifs\/match\/61527440?banid=33423\" class=\"su-button su-button-style-flat su-button-wide\" style=\"color:#000;background-color:#00ffcf;border-color:#00cca6;border-radius:5px\" target=\"_blank\" rel=\"noopener noreferrer\"> 1.92<\/a><\/td>\n<\/tr>\n<p style=\"text-align: justify;\">Tentez votre chance en profitant de votre <a href=\"https:\/\/www.winamax.fr\/registration\/landing\/affiliation_Bonus100?banid=33423\" target=\"_blank\" rel=\"noopener\">1er d\u00e9p\u00f4t doubl\u00e9 jusqu\u2019\u00e0 100 \u20ac<\/a> direct en paris gratuits sur Winamax !<\/p>\n","protected":false},"excerpt":{"rendered":"LIGUE 2 2025-2026 \u2013 Selon L\u2019\u00c9quipe, voici les compositions probables du match entre Clermont et Saint-\u00c9tienne pr\u00e9vu ce&hellip;\n","protected":false},"author":2,"featured_media":387916,"comment_status":"","ping_status":"","sticky":false,"template":"","format":"standard","meta":{"footnotes":""},"categories":[9653],"tags":[1111,11,2430,23611,2113,1777,674,63,1011,27,12,25,4001],"class_list":{"0":"post-387915","1":"post","2":"type-post","3":"status-publish","4":"format-standard","5":"has-post-thumbnail","7":"category-saint-etienne","8":"tag-actu","9":"tag-actualites","10":"tag-auvergne-rhone-alpes","11":"tag-boulogne","12":"tag-breve","13":"tag-eu","14":"tag-europe","15":"tag-football","16":"tag-fr","17":"tag-france","18":"tag-news","19":"tag-republique-francaise","20":"tag-saint-etienne"},"share_on_mastodon":{"url":"https:\/\/pubeurope.com\/@fr\/115197153650620307","error":""},"_links":{"self":[{"href":"https:\/\/www.europesays.com\/fr\/wp-json\/wp\/v2\/posts\/387915","targetHints":{"allow":["GET"]}}],"collection":[{"href":"https:\/\/www.europesays.com\/fr\/wp-json\/wp\/v2\/posts"}],"about":[{"href":"https:\/\/www.europesays.com\/fr\/wp-json\/wp\/v2\/types\/post"}],"author":[{"embeddable":true,"href":"https:\/\/www.europesays.com\/fr\/wp-json\/wp\/v2\/users\/2"}],"replies":[{"embeddable":true,"href":"https:\/\/www.europesays.com\/fr\/wp-json\/wp\/v2\/comments?post=387915"}],"version-history":[{"count":0,"href":"https:\/\/www.europesays.com\/fr\/wp-json\/wp\/v2\/posts\/387915\/revisions"}],"wp:featuredmedia":[{"embeddable":true,"href":"https:\/\/www.europesays.com\/fr\/wp-json\/wp\/v2\/media\/387916"}],"wp:attachment":[{"href":"https:\/\/www.europesays.com\/fr\/wp-json\/wp\/v2\/media?parent=387915"}],"wp:term":[{"taxonomy":"category","embeddable":true,"href":"https:\/\/www.europesays.com\/fr\/wp-json\/wp\/v2\/categories?post=387915"},{"taxonomy":"post_tag","embeddable":true,"href":"https:\/\/www.europesays.com\/fr\/wp-json\/wp\/v2\/tags?post=387915"}],"curies":[{"name":"wp","href":"https:\/\/api.w.org\/{rel}","templated":true}]}}