{"id":387921,"date":"2025-09-13T13:13:20","date_gmt":"2025-09-13T13:13:20","guid":{"rendered":"https:\/\/www.europesays.com\/fr\/387921\/"},"modified":"2025-09-13T13:13:20","modified_gmt":"2025-09-13T13:13:20","slug":"electricite-comment-comparer-les-offres-avant-de-changer-de-contrat","status":"publish","type":"post","link":"https:\/\/www.europesays.com\/fr\/387921\/","title":{"rendered":"\u00c9lectricit\u00e9\u00a0: comment comparer les offres avant de changer de contrat"},"content":{"rendered":"<tr wp_automatic_readability=\"5.8695652173913\">\n<td valign=\"middle\" align=\"center\" class=\"col-logo\" wp_automatic_readability=\"5\">\n    <img decoding=\"async\" src=\"https:\/\/maville.com\/design\/images\/logo-of-monetise.svg?version=20130627\" alt=\"logo Ouest-France\" height=\"66\"\/><\/p>\n<p>Contenu r\u00e9serv\u00e9 aux abonn\u00e9s<\/p>\n<\/td>\n<td class=\"col-titre\">\n\t\t\tSamedi 13 septembre 2025 11:50<br \/>\n\t\t\t<a class=\"icon-bulle sizeL count\" href=\"#ancreAvis\"><br \/>\n\t&#8230;<br \/>\n<\/a><\/td>\n<\/tr>\n<p>\t\t<a class=\"mavillebox2 elmt-photo\" href=\"https:\/\/maville.com\/photosmvi\/2025\/09\/13\/P35460005D6974062G.jpg\" title=\" En ao\u00fbt\u00a02025, le tarif r\u00e9glement\u00e9 de l\u2019\u00e9lectricit\u00e9 a peu \u00e9volu\u00e9 mais il aurait pu baisser sans une augmentation de la TVA sur l\u2019abonnement qui a fortement p\u00e9nalis\u00e9 les m\u00e9nages qui consomment peu  \u00a9  Kevin Guyot \/ Ouest-France  &lt;!--TAG-BLC credit--&gt;\" rel=\"galerie_actu noopener\" target=\"_blank\"><br \/>\n\t<img decoding=\"async\" src=\"https:\/\/www.europesays.com\/fr\/wp-content\/uploads\/2025\/09\/P35460005D6974062G_crop_640-330_.jpg\" alt=\"photo  en ao\u00fbt\u00a02025, le tarif r\u00e9glement\u00e9 de l\u2019\u00e9lectricit\u00e9 a peu \u00e9volu\u00e9 mais il aurait pu baisser sans une augmentation de la tva sur l\u2019abonnement qui a fortement p\u00e9nalis\u00e9 les m\u00e9nages qui consomment peu  \u00a9  kevin guyot \/ ouest-france \"\/><br \/>\n\t1<br \/>\n<\/a><\/p>\n<p class=\"elmt-legende\"> En ao\u00fbt\u00a02025, le tarif r\u00e9glement\u00e9 de l\u2019\u00e9lectricit\u00e9 a peu \u00e9volu\u00e9 mais il aurait pu baisser sans une augmentation de la TVA sur l\u2019abonnement qui a fortement p\u00e9nalis\u00e9 les m\u00e9nages qui consomment peu  \u00a9  Kevin Guyot \/ Ouest-France  <\/p>\n<p>\t\tEn ao\u00fbt\u00a02025, le tarif r\u00e9glement\u00e9 de l\u2019\u00e9lectricit\u00e9 a peu \u00e9volu\u00e9 mais il aurait pu baisser sans une augmentation de la TVA sur l\u2019abonnement qui a fortement p\u00e9nalis\u00e9 les m\u00e9nages qui consomment peu. Au-del\u00e0 de ce contrat historique, des dizaines d\u2019offres de march\u00e9 sont disponibles, propos\u00e9es par des dizaines de fournisseurs plus ou moins connus. Que valent-elles\u00a0?<\/p>\n<p><b>Cet article est r\u00e9serv\u00e9 aux abonn\u00e9s<\/b><\/p>\n<p>Pour un acc\u00e8s imm\u00e9diat, abonnez-vous<\/p>\n<p><b>1\u00e8re semaine offerte<\/b><\/p>\n<p>\t\t Samuel AUFFRAY. \u00a0\u00a0<br \/>\n\t\tOuest-France<\/p>\n<p>\t\t&#13;<\/p>\n","protected":false},"excerpt":{"rendered":"Contenu r\u00e9serv\u00e9 aux abonn\u00e9s Samedi 13 septembre 2025 11:50 &#8230; 1 En ao\u00fbt\u00a02025, le tarif r\u00e9glement\u00e9 de l\u2019\u00e9lectricit\u00e9&hellip;\n","protected":false},"author":2,"featured_media":387922,"comment_status":"","ping_status":"","sticky":false,"template":"","format":"standard","meta":{"footnotes":""},"categories":[9619],"tags":[1111,11,13410,52045,3108,579,1777,674,1011,27,12,52046,882,25,2310],"class_list":{"0":"post-387921","1":"post","2":"type-post","3":"status-publish","4":"format-standard","5":"has-post-thumbnail","7":"category-toulon","8":"tag-actu","9":"tag-actualites","10":"tag-changer","11":"tag-comparer","12":"tag-contrat","13":"tag-electricite","14":"tag-eu","15":"tag-europe","16":"tag-fr","17":"tag-france","18":"tag-news","19":"tag-offres","20":"tag-provence-alpes-cote-dazur","21":"tag-republique-francaise","22":"tag-toulon"},"share_on_mastodon":{"url":"https:\/\/pubeurope.com\/@fr\/115197169122326443","error":""},"_links":{"self":[{"href":"https:\/\/www.europesays.com\/fr\/wp-json\/wp\/v2\/posts\/387921","targetHints":{"allow":["GET"]}}],"collection":[{"href":"https:\/\/www.europesays.com\/fr\/wp-json\/wp\/v2\/posts"}],"about":[{"href":"https:\/\/www.europesays.com\/fr\/wp-json\/wp\/v2\/types\/post"}],"author":[{"embeddable":true,"href":"https:\/\/www.europesays.com\/fr\/wp-json\/wp\/v2\/users\/2"}],"replies":[{"embeddable":true,"href":"https:\/\/www.europesays.com\/fr\/wp-json\/wp\/v2\/comments?post=387921"}],"version-history":[{"count":0,"href":"https:\/\/www.europesays.com\/fr\/wp-json\/wp\/v2\/posts\/387921\/revisions"}],"wp:featuredmedia":[{"embeddable":true,"href":"https:\/\/www.europesays.com\/fr\/wp-json\/wp\/v2\/media\/387922"}],"wp:attachment":[{"href":"https:\/\/www.europesays.com\/fr\/wp-json\/wp\/v2\/media?parent=387921"}],"wp:term":[{"taxonomy":"category","embeddable":true,"href":"https:\/\/www.europesays.com\/fr\/wp-json\/wp\/v2\/categories?post=387921"},{"taxonomy":"post_tag","embeddable":true,"href":"https:\/\/www.europesays.com\/fr\/wp-json\/wp\/v2\/tags?post=387921"}],"curies":[{"name":"wp","href":"https:\/\/api.w.org\/{rel}","templated":true}]}}