{"id":387925,"date":"2025-09-13T13:15:24","date_gmt":"2025-09-13T13:15:24","guid":{"rendered":"https:\/\/www.europesays.com\/fr\/387925\/"},"modified":"2025-09-13T13:15:24","modified_gmt":"2025-09-13T13:15:24","slug":"a-montpellier-joli-succes-pour-le-10-septembre","status":"publish","type":"post","link":"https:\/\/www.europesays.com\/fr\/387925\/","title":{"rendered":"\u00c0 Montpellier, joli succ\u00e8s pour le 10 septembre"},"content":{"rendered":"\n<p>Les drapeaux et pancartes \u00e9taient de sortie, \u00e0 Montpellier, sur une place de la Com\u00e9die noire de monde. Plusieurs milliers de personnes -6\u00a0000 selon la pr\u00e9fecture, 10\u00a0000 selon les organisateurs- dont beaucoup de jeunes s\u2019\u00e9taient retrouv\u00e9es \u00e0 la suite de l\u2019appel du 10\u00a0septembre. Si plusieurs rassemblements ont eu lieu dans l\u2019H\u00e9rault, notamment \u00e0 B\u00e9ziers, S\u00e8te ou encore \u00e0 B\u00e9darieux, c\u2019est sans aucun doute dans la capitale h\u00e9raultaise que la contestation a \u00e9t\u00e9 la plus forte. Blocages de ronds-points, de tramway, de lyc\u00e9es et de l\u2019universit\u00e9 Paul-Val\u00e9ry -n\u00e9anmoins partiel, les \u00e9tudiants pouvaient se rendre dans les amphith\u00e9\u00e2tres- autant d\u2019actions pour exprimer le ras-le-bol g\u00e9n\u00e9ral qui couvait depuis longtemps. \u00c0 l\u2019instar d\u2019Andr\u00e9e et de Jacques, venus sur la place de la Com\u00e9die. \u00ab\u00a0Cela fait des ann\u00e9es que l\u2019on bat le pav\u00e9 mais je crois qu\u2019on touche le fond. Le d\u00e9ni d\u00e9mocratique d\u2019Emmanuel Macron, la violence d\u2019\u00c9tat, la mise \u00e0 bas de nos services publics, on commence \u00e0 \u00eatre vraiment en col\u00e8re\u00a0\u00bb, soutient Andr\u00e9e, qui fait d\u2019ailleurs partie du collectif citoyen du Nouveau Front populaire (NFP) du quartier des Beaux-Arts. \u00ab\u00a0Emmanuel Macron se fout de nos revendications telles que l\u2019abrogation de la r\u00e9forme des retraites, l\u2019augmentation des budgets dans la Sant\u00e9, l\u2019\u00c9ducation. Et S\u00e9bastien Lecornu comme Premier ministre, c\u2019est une nouvelle provocation\u00a0\u00bb, rench\u00e9rit Jacques.<\/p>\n<p> Demande de changement\n              <\/p>\n<p>En effet, pour beaucoup de manifestants, la nomination de S\u00e9bastien Lecornu \u00e0 Matignon le 9\u00a0septembre est venue rajouter de l\u2019huile sur un feu. \u00ab\u00a0Cette nomination n\u2019est pas en accord avec le r\u00e9sultat des \u00e9lections l\u00e9gislatives de 2024 [o\u00f9 le NFP \u00e9tait arriv\u00e9 en t\u00eate, Ndlr]. Cela montre que l\u2019on n\u2019est pas entendus\u00a0\u00bb, soupire S\u00e9bastien, \u00e9tudiant \u00e0 l\u2019universit\u00e9 Paul-Val\u00e9ry. Renfor\u00e7ant le sentiment de d\u00e9connexion des dirigeants. \u00ab\u00a0S\u00e9bastien Lecornu n\u2019est pas un changement de politique, c\u2019est la garde rapproch\u00e9e d\u2019Emmanuel Macron. Ils vont s\u00fbrement aller chercher un compromis avec l\u2019aile droite du PS tout en continuant de taper comme des brutes sur l\u2019immigration, la s\u00e9curit\u00e9. Si on veut un changement de politique, il nous faut un changement de gouvernement, voire la d\u00e9mission du pr\u00e9sident\u00a0\u00bb, fait valoir Andr\u00e9 Dechot, d\u00e9l\u00e9gu\u00e9 syndical CGT \u00e0 la mission locale de Montpellier.<\/p>\n<p>Une demande de changement de politique qui revient souvent dans la bouche des manifestants, passant notamment par une revalorisation des services publics. \u00ab\u00a0L\u2019h\u00f4pital est \u00e0 bout de souffle, il nous faut plus de moyens si l\u2019on veut soigner dans la dignit\u00e9 et la s\u00e9curit\u00e9. Ce qui permettrait aussi de donner envie aux jeunes de travailler\u00a0\u00bb, observe Fatima, secr\u00e9taire administrative au Centre hospitalier universitaire de Montpellier.<\/p>\n<p>Face \u00e0 des dirigeants faisant la sourde oreille aux demandes populaires, l\u2019instauration d\u2019un nouveau rapport de force est primordiale pour se faire entendre. \u00ab\u00a0\u00c0 l\u2019heure o\u00f9 certains pr\u00e9tendent qu\u2019il n\u2019y a pas de majorit\u00e9, on voit qu\u2019elle est l\u00e0 \u00e0 s\u2019exprimer aujourd\u2019hui. La solution ne sera pas institutionnelle avec le montage d\u2019une nouvelle majorit\u00e9 \u00e0 l\u2019Assembl\u00e9e mais dans la rue, comme en 1936, en 1997 o\u00f9 le mouvement social a pr\u00e9c\u00e9d\u00e9 la conqu\u00eate de droits\u00a0\u00bb, insiste Nicolas Cossange, secr\u00e9taire du PCF 34, pr\u00e9sent \u00e0 la manifestation. Prochain round jeudi 18\u00a0septembre.<\/p>\n<p>\u00ab\u00a0Nommer Lecornu Premier ministre, c\u2019est une nouvelle provocation\u00a0\u00bb<\/p>\n","protected":false},"excerpt":{"rendered":"Les drapeaux et pancartes \u00e9taient de sortie, \u00e0 Montpellier, sur une place de la Com\u00e9die noire de monde.&hellip;\n","protected":false},"author":2,"featured_media":387926,"comment_status":"","ping_status":"","sticky":false,"template":"","format":"standard","meta":{"footnotes":""},"categories":[9599],"tags":[48300,1111,11,1777,674,1011,27,2208,12,2680,25],"class_list":{"0":"post-387925","1":"post","2":"type-post","3":"status-publish","4":"format-standard","5":"has-post-thumbnail","7":"category-montpellier","8":"tag-10-septembre","9":"tag-actu","10":"tag-actualites","11":"tag-eu","12":"tag-europe","13":"tag-fr","14":"tag-france","15":"tag-montpellier","16":"tag-news","17":"tag-occitanie","18":"tag-republique-francaise"},"share_on_mastodon":{"url":"https:\/\/pubeurope.com\/@fr\/115197176939850171","error":""},"_links":{"self":[{"href":"https:\/\/www.europesays.com\/fr\/wp-json\/wp\/v2\/posts\/387925","targetHints":{"allow":["GET"]}}],"collection":[{"href":"https:\/\/www.europesays.com\/fr\/wp-json\/wp\/v2\/posts"}],"about":[{"href":"https:\/\/www.europesays.com\/fr\/wp-json\/wp\/v2\/types\/post"}],"author":[{"embeddable":true,"href":"https:\/\/www.europesays.com\/fr\/wp-json\/wp\/v2\/users\/2"}],"replies":[{"embeddable":true,"href":"https:\/\/www.europesays.com\/fr\/wp-json\/wp\/v2\/comments?post=387925"}],"version-history":[{"count":0,"href":"https:\/\/www.europesays.com\/fr\/wp-json\/wp\/v2\/posts\/387925\/revisions"}],"wp:featuredmedia":[{"embeddable":true,"href":"https:\/\/www.europesays.com\/fr\/wp-json\/wp\/v2\/media\/387926"}],"wp:attachment":[{"href":"https:\/\/www.europesays.com\/fr\/wp-json\/wp\/v2\/media?parent=387925"}],"wp:term":[{"taxonomy":"category","embeddable":true,"href":"https:\/\/www.europesays.com\/fr\/wp-json\/wp\/v2\/categories?post=387925"},{"taxonomy":"post_tag","embeddable":true,"href":"https:\/\/www.europesays.com\/fr\/wp-json\/wp\/v2\/tags?post=387925"}],"curies":[{"name":"wp","href":"https:\/\/api.w.org\/{rel}","templated":true}]}}