{"id":387929,"date":"2025-09-13T13:18:16","date_gmt":"2025-09-13T13:18:16","guid":{"rendered":"https:\/\/www.europesays.com\/fr\/387929\/"},"modified":"2025-09-13T13:18:16","modified_gmt":"2025-09-13T13:18:16","slug":"a-grenoble-le-passe-de-la-mode-defile-au-present","status":"publish","type":"post","link":"https:\/\/www.europesays.com\/fr\/387929\/","title":{"rendered":"\u00e0 Grenoble, le pass\u00e9 de la mode d\u00e9file au pr\u00e9sent"},"content":{"rendered":"<p>Ce vendredi 12\u00a0septembre, les jardins du Mus\u00e9e dauphinois se sont transform\u00e9s en podium pour une soir\u00e9e pas comme les autres. \u00c0 l\u2019initiative des Amis du Mus\u00e9e dauphinois et du Conservatoire de la mode vintage, les spectateurs ont replong\u00e9 dans un pass\u00e9 pas si lointain\u00a0: celui des grandes marques de pr\u00eat-\u00e0-porter is\u00e9roises qui ont marqu\u00e9 les d\u00e9cennies 1960-1990.<\/p>\n","protected":false},"excerpt":{"rendered":"Ce vendredi 12\u00a0septembre, les jardins du Mus\u00e9e dauphinois se sont transform\u00e9s en podium pour une soir\u00e9e pas comme&hellip;\n","protected":false},"author":2,"featured_media":387930,"comment_status":"","ping_status":"","sticky":false,"template":"","format":"standard","meta":{"footnotes":""},"categories":[9566],"tags":[1111,11,2430,1687,112,1777,674,1011,27,2797,5325,2798,2731,2732,12,25],"class_list":{"0":"post-387929","1":"post","2":"type-post","3":"status-publish","4":"format-standard","5":"has-post-thumbnail","7":"category-grenoble","8":"tag-actu","9":"tag-actualites","10":"tag-auvergne-rhone-alpes","11":"tag-culture-loisirs","12":"tag-edition-grenoble-agglomeration","13":"tag-eu","14":"tag-europe","15":"tag-fr","16":"tag-france","17":"tag-galerie-loisirs","18":"tag-galerie-media","19":"tag-galerie-photo","20":"tag-grenoble","21":"tag-grenoble-bassin","22":"tag-news","23":"tag-republique-francaise"},"share_on_mastodon":{"url":"https:\/\/pubeurope.com\/@fr\/115197188709278167","error":""},"_links":{"self":[{"href":"https:\/\/www.europesays.com\/fr\/wp-json\/wp\/v2\/posts\/387929","targetHints":{"allow":["GET"]}}],"collection":[{"href":"https:\/\/www.europesays.com\/fr\/wp-json\/wp\/v2\/posts"}],"about":[{"href":"https:\/\/www.europesays.com\/fr\/wp-json\/wp\/v2\/types\/post"}],"author":[{"embeddable":true,"href":"https:\/\/www.europesays.com\/fr\/wp-json\/wp\/v2\/users\/2"}],"replies":[{"embeddable":true,"href":"https:\/\/www.europesays.com\/fr\/wp-json\/wp\/v2\/comments?post=387929"}],"version-history":[{"count":0,"href":"https:\/\/www.europesays.com\/fr\/wp-json\/wp\/v2\/posts\/387929\/revisions"}],"wp:featuredmedia":[{"embeddable":true,"href":"https:\/\/www.europesays.com\/fr\/wp-json\/wp\/v2\/media\/387930"}],"wp:attachment":[{"href":"https:\/\/www.europesays.com\/fr\/wp-json\/wp\/v2\/media?parent=387929"}],"wp:term":[{"taxonomy":"category","embeddable":true,"href":"https:\/\/www.europesays.com\/fr\/wp-json\/wp\/v2\/categories?post=387929"},{"taxonomy":"post_tag","embeddable":true,"href":"https:\/\/www.europesays.com\/fr\/wp-json\/wp\/v2\/tags?post=387929"}],"curies":[{"name":"wp","href":"https:\/\/api.w.org\/{rel}","templated":true}]}}