{"id":38793,"date":"2025-04-20T11:45:22","date_gmt":"2025-04-20T11:45:22","guid":{"rendered":"https:\/\/www.europesays.com\/fr\/38793\/"},"modified":"2025-04-20T11:45:22","modified_gmt":"2025-04-20T11:45:22","slug":"auteur-du-but-de-la-victoire-lors-du-derby-contre-nantes-kader-meite-sera-dans-le-groupe-rennais-en-gambardella","status":"publish","type":"post","link":"https:\/\/www.europesays.com\/fr\/38793\/","title":{"rendered":"Auteur du but de la victoire lors du derby contre Nantes, Kader Me\u00eft\u00e9 sera dans le groupe rennais en Gambardella"},"content":{"rendered":"<p>Le 19 avril 2025 \u00e0 10h10<\/p>\n<p class=\"tlg-h5\">Apr\u00e8s avoir marqu\u00e9 son premier but chez les professionnels pour offrir la victoire au Stade Rennais face au FC Nantes, Kader Me\u00eft\u00e9 sera dans le groupe des Rouge et Noir pour les demi-finales de la Coupe Gambardella \u00e0 Auxerre, ce dimanche.<\/p>\n<p><img fetchpriority=\"high\" decoding=\"async\" src=\"https:\/\/www.europesays.com\/fr\/wp-content\/uploads\/2025\/04\/68035a62507214669b0e6492.1.jpeg\" width=\"960\" height=\"600\" class=\"web_golden_xl\" loading=\"eager\" alt=\"Kader Me\u00eft\u00e9 a v\u00e9cu une soir\u00e9e inoubliable pour son premier but chez les pros avec le Stade Rennais face au FC Nantes.\"\/>Kader Me\u00eft\u00e9 a v\u00e9cu une soir\u00e9e inoubliable pour son premier but chez les pros avec le Stade Rennais face au FC Nantes. (Photo archives Nicolas Cr\u00e9ach)<\/p>\n","protected":false},"excerpt":{"rendered":"Le 19 avril 2025 \u00e0 10h10 Apr\u00e8s avoir marqu\u00e9 son premier but chez les professionnels pour offrir la&hellip;\n","protected":false},"author":2,"featured_media":38794,"comment_status":"","ping_status":"","sticky":false,"template":"","format":"standard","meta":{"footnotes":""},"categories":[2818],"tags":[1111,11,1777,674,63,1011,27,766,12,2636,25,60,3087],"class_list":{"0":"post-38793","1":"post","2":"type-post","3":"status-publish","4":"format-standard","5":"has-post-thumbnail","7":"category-nantes","8":"tag-actu","9":"tag-actualites","10":"tag-eu","11":"tag-europe","12":"tag-football","13":"tag-fr","14":"tag-france","15":"tag-nantes","16":"tag-news","17":"tag-pays-de-la-loire","18":"tag-republique-francaise","19":"tag-sports","20":"tag-stade-rennais"},"share_on_mastodon":{"url":"https:\/\/pubeurope.com\/@fr\/114370125817473975","error":""},"_links":{"self":[{"href":"https:\/\/www.europesays.com\/fr\/wp-json\/wp\/v2\/posts\/38793","targetHints":{"allow":["GET"]}}],"collection":[{"href":"https:\/\/www.europesays.com\/fr\/wp-json\/wp\/v2\/posts"}],"about":[{"href":"https:\/\/www.europesays.com\/fr\/wp-json\/wp\/v2\/types\/post"}],"author":[{"embeddable":true,"href":"https:\/\/www.europesays.com\/fr\/wp-json\/wp\/v2\/users\/2"}],"replies":[{"embeddable":true,"href":"https:\/\/www.europesays.com\/fr\/wp-json\/wp\/v2\/comments?post=38793"}],"version-history":[{"count":0,"href":"https:\/\/www.europesays.com\/fr\/wp-json\/wp\/v2\/posts\/38793\/revisions"}],"wp:featuredmedia":[{"embeddable":true,"href":"https:\/\/www.europesays.com\/fr\/wp-json\/wp\/v2\/media\/38794"}],"wp:attachment":[{"href":"https:\/\/www.europesays.com\/fr\/wp-json\/wp\/v2\/media?parent=38793"}],"wp:term":[{"taxonomy":"category","embeddable":true,"href":"https:\/\/www.europesays.com\/fr\/wp-json\/wp\/v2\/categories?post=38793"},{"taxonomy":"post_tag","embeddable":true,"href":"https:\/\/www.europesays.com\/fr\/wp-json\/wp\/v2\/tags?post=38793"}],"curies":[{"name":"wp","href":"https:\/\/api.w.org\/{rel}","templated":true}]}}