{"id":387931,"date":"2025-09-13T13:19:24","date_gmt":"2025-09-13T13:19:24","guid":{"rendered":"https:\/\/www.europesays.com\/fr\/387931\/"},"modified":"2025-09-13T13:19:24","modified_gmt":"2025-09-13T13:19:24","slug":"en-direct-football-ligue-2-de-le-pluie-et-du-suspense-au-score-entre-le-gf38-et-dunkerque-suivez-la-rencontre-en-direct","status":"publish","type":"post","link":"https:\/\/www.europesays.com\/fr\/387931\/","title":{"rendered":"En direct Football &#8211; Ligue 2. De le pluie et du suspense au score entre le GF38 et Dunkerque\u00a0: suivez la rencontre en direct"},"content":{"rendered":"<p>&#13;<br \/>\n                                                    En direct&#13;<br \/>\n                        &#13;\n                                            <\/p>\n<p>Apr\u00e8s la pause internationale, la Ligue 2 a repris ce week-end.\u00a0La 5e journ\u00e9e propose, en Is\u00e8re, un duel d\u2019\u00e9quipes de seconde partie de tableau entre le Grenoble Foot 38 (16e, 2 pts) et l\u2019USL Dunkerque (9e, 5 pts). Sans victoire jusque l\u00e0, mais fort d\u2019un mercato anim\u00e9 sur la toute fin ao\u00fbt, les Is\u00e9rois vont tenter de faire fructifier le point ramen\u00e9 de Saint-Etienne (1-1) pour sortir de la zone rouge. Suivez la rencontre en direct. Coup d\u2019envoi \u00e0 14 heures.<\/p>\n<p>&#13;<br \/>\n              F.Co. &#8211; &#13;<br \/>\n        &#13;<br \/>\n          Aujourd&rsquo;hui \u00e0 15:03&#13;<br \/>\n    &#13;<br \/>\n                  | mis \u00e0 jour aujourd&rsquo;hui \u00e0 15:15&#13;<br \/>\n              &#8211; Temps de lecture : &#13;<br \/>\n  &#13;<\/p>\n","protected":false},"excerpt":{"rendered":"&#13; En direct&#13; &#13; Apr\u00e8s la pause internationale, la Ligue 2 a repris ce week-end.\u00a0La 5e journ\u00e9e propose,&hellip;\n","protected":false},"author":2,"featured_media":387932,"comment_status":"","ping_status":"","sticky":false,"template":"","format":"standard","meta":{"footnotes":""},"categories":[9566],"tags":[1111,11,2430,3545,112,1777,674,107,1701,63,1011,27,12637,2731,2732,108,12636,1985,12,25,517,1947],"class_list":{"0":"post-387931","1":"post","2":"type-post","3":"status-publish","4":"format-standard","5":"has-post-thumbnail","7":"category-grenoble","8":"tag-actu","9":"tag-actualites","10":"tag-auvergne-rhone-alpes","11":"tag-direct-sport","12":"tag-edition-grenoble-agglomeration","13":"tag-eu","14":"tag-europe","15":"tag-fil-info","16":"tag-fil-info-sport","17":"tag-football","18":"tag-fr","19":"tag-france","20":"tag-gf38-grenoble-foot-38","21":"tag-grenoble","22":"tag-grenoble-bassin","23":"tag-isere","24":"tag-ligue-2-football","25":"tag-metropole-de-grenoble","26":"tag-news","27":"tag-republique-francaise","28":"tag-sport","29":"tag-sport-national"},"share_on_mastodon":{"url":"https:\/\/pubeurope.com\/@fr\/115197192773592406","error":""},"_links":{"self":[{"href":"https:\/\/www.europesays.com\/fr\/wp-json\/wp\/v2\/posts\/387931","targetHints":{"allow":["GET"]}}],"collection":[{"href":"https:\/\/www.europesays.com\/fr\/wp-json\/wp\/v2\/posts"}],"about":[{"href":"https:\/\/www.europesays.com\/fr\/wp-json\/wp\/v2\/types\/post"}],"author":[{"embeddable":true,"href":"https:\/\/www.europesays.com\/fr\/wp-json\/wp\/v2\/users\/2"}],"replies":[{"embeddable":true,"href":"https:\/\/www.europesays.com\/fr\/wp-json\/wp\/v2\/comments?post=387931"}],"version-history":[{"count":0,"href":"https:\/\/www.europesays.com\/fr\/wp-json\/wp\/v2\/posts\/387931\/revisions"}],"wp:featuredmedia":[{"embeddable":true,"href":"https:\/\/www.europesays.com\/fr\/wp-json\/wp\/v2\/media\/387932"}],"wp:attachment":[{"href":"https:\/\/www.europesays.com\/fr\/wp-json\/wp\/v2\/media?parent=387931"}],"wp:term":[{"taxonomy":"category","embeddable":true,"href":"https:\/\/www.europesays.com\/fr\/wp-json\/wp\/v2\/categories?post=387931"},{"taxonomy":"post_tag","embeddable":true,"href":"https:\/\/www.europesays.com\/fr\/wp-json\/wp\/v2\/tags?post=387931"}],"curies":[{"name":"wp","href":"https:\/\/api.w.org\/{rel}","templated":true}]}}