{"id":387933,"date":"2025-09-13T13:20:12","date_gmt":"2025-09-13T13:20:12","guid":{"rendered":"https:\/\/www.europesays.com\/fr\/387933\/"},"modified":"2025-09-13T13:20:12","modified_gmt":"2025-09-13T13:20:12","slug":"lol-veut-surfer-cet-etat-desprit-collectif-a-rennes","status":"publish","type":"post","link":"https:\/\/www.europesays.com\/fr\/387933\/","title":{"rendered":"L\u2019OL veut \u00ab\u00a0surfer cet \u00e9tat d\u2019esprit collectif\u00a0\u00bb \u00e0 Rennes"},"content":{"rendered":"<p>                            <img width=\"770\" height=\"433\" src=\"https:\/\/www.europesays.com\/fr\/wp-content\/uploads\/2025\/09\/AFP__20250823__72B87R9__v1__HighRes__FblFraLigue1LyonMetz-770x433.jpg\" class=\"attachment-article size-article wp-post-image\" alt=\"La joie des joueurs de l'OL face \u00e0 Metz.\" decoding=\"async\" fetchpriority=\"high\"  \/><\/p>\n<p>La joie des joueurs de l\u2019OL face \u00e0 Metz. (Photo by ARNAUD FINISTRE \/ AFP)<\/p>\n<p>Auteur d\u2019un trois sur trois avant la tr\u00eave internationale, l\u2019OL ne veut pas casser sa dynamique \u00e0 Rennes. Tous les ingr\u00e9dients sont l\u00e0 pour viser un quatre \u00e0 la suite en Bretagne.<\/p>\n<p>Est-ce que la dynamique positive du d\u00e9but de saison a-t-elle pris un coup \u00e0 cause de la tr\u00eave internationale ? C\u2019est toujours la question qui se pose \u00e0 chaque retour de rendez-vous en s\u00e9lection. Fort heureusement pour l\u2019OL, les deux semaines de pause n\u2019ont pas eu d\u2019incidence sur les forces lyonnaises pour le d\u00e9placement \u00e0 <strong>Rennes<\/strong>. Bien que touch\u00e9 avec le <strong>S\u00e9n\u00e9gal<\/strong>, Moussa <strong>Niakhat\u00e9<\/strong> sera bien de la partie en Bretagne, lui qui a particip\u00e9 \u00e0 la s\u00e9ance collective vendredi. Toutefois, ces retours de tr\u00eaves ne sont pas forc\u00e9ment la tasse de th\u00e9 de Paulo <strong>Fonseca<\/strong>.\u00a0\u00ab\u00a0Oui, je n&rsquo;aime pas le match apr\u00e8s la tr\u00eave nationale. Mais je dois dire que cette semaine, nous avons eu beaucoup de joueurs ici, s\u2019est r\u00e9joui le Portugais en conf\u00e9rence de presse. On a fait un bon travail, on a travaill\u00e9 bien. J\u2019avance vers ce match avec beaucoup de confiance.\u00a0\u00bb<\/p>\n<p>\u00ab\u00a0Garder de l&rsquo;ambition dans le jeu\u00a0\u00bb<\/p>\n<p>Malgr\u00e9 le d\u00e9but d\u2019\u00e9t\u00e9 chaotique, tous les voyants sont au vert \u00e0 l\u2019<strong>OL<\/strong>. Une pr\u00e9paration estivale r\u00e9ussie qui s\u2019est encha\u00een\u00e9e avec trois succ\u00e8s en autant de matchs en Ligue 1. Un d\u00e9but r\u00eav\u00e9 qu\u2019il faudra confirmer contre <strong>Rennes<\/strong> ce dimanche pour <a href=\"https:\/\/www.olympique-et-lyonnais.com\/face-a-rennes-lol-pourrait-egaler-un-record-de-1981,379607.html\" target=\"_blank\" rel=\"noopener\">\u00e9galer un record <\/a>datant de 1981. Alors comment y parvenir ? R\u00e9my <strong><a href=\"https:\/\/www.olympique-et-lyonnais.com\/descamps-ol-croquer-a-pleines-dents-la-chance-quon-me-donne,379715.html\" target=\"_blank\" rel=\"noopener\">Descamps<\/a><\/strong> a sa petite id\u00e9e sur la question.\u00a0\u00ab\u00a0Il faut garder cet \u00e9tat d\u2019esprit collectif, garder cette ambition-l\u00e0 dans le jeu aussi. Continuer de travailler sur nos principes fondamentaux d\u00e9fensifs aussi. Toujours chercher \u00e0 s&rsquo;am\u00e9liorer, parce que oui, on gagne des matchs, mais tout n&rsquo;est pas parfait non plus.\u00a0\u00bb\u00a0Dans les pas du <strong>PSG<\/strong>, l\u2019OL veut faire le plein de confiance avant de lancer son marathon avec six matchs en 22 jours.<\/p>\n<p>\t\t\t\t\t<a href=\"https:\/\/www.olympique-et-lyonnais.com\/ol-un-seul-lyonnais-dans-le-top-20-des-notes-de-ligue-1-sur-fc26,379768.html\" title=\"OL : un seul Lyonnais dans le top 20 des notes de Ligue 1 sur FC26\" target=\"_blank\" rel=\"noopener\"><img loading=\"lazy\" width=\"580\" height=\"326\" src=\"https:\/\/www.europesays.com\/fr\/wp-content\/uploads\/2025\/09\/AFP__20250209__36XD88W__v1__HighRes__FblFraLigue1LyonReims-580x326.jpg\" class=\"attachment-actularge size-actularge wp-post-image\" alt=\"La joie de Corentin Tolisso et Nicolas Tagliafico lors d'OL - Reims\" decoding=\"async\"  \/>\t\t\t\t\t<\/a><\/p>\n","protected":false},"excerpt":{"rendered":"La joie des joueurs de l\u2019OL face \u00e0 Metz. (Photo by ARNAUD FINISTRE \/ AFP) Auteur d\u2019un trois&hellip;\n","protected":false},"author":2,"featured_media":387934,"comment_status":"","ping_status":"","sticky":false,"template":"","format":"standard","meta":{"footnotes":""},"categories":[2821],"tags":[1111,11,829,1777,674,1011,27,66,12,241,978,584,25],"class_list":{"0":"post-387933","1":"post","2":"type-post","3":"status-publish","4":"format-standard","5":"has-post-thumbnail","7":"category-rennes","8":"tag-actu","9":"tag-actualites","10":"tag-bretagne","11":"tag-eu","12":"tag-europe","13":"tag-fr","14":"tag-france","15":"tag-ligue-1","16":"tag-news","17":"tag-ol","18":"tag-olympique-lyonnais","19":"tag-rennes","20":"tag-republique-francaise"},"share_on_mastodon":{"url":"https:\/\/pubeurope.com\/@fr\/115197197024643611","error":""},"_links":{"self":[{"href":"https:\/\/www.europesays.com\/fr\/wp-json\/wp\/v2\/posts\/387933","targetHints":{"allow":["GET"]}}],"collection":[{"href":"https:\/\/www.europesays.com\/fr\/wp-json\/wp\/v2\/posts"}],"about":[{"href":"https:\/\/www.europesays.com\/fr\/wp-json\/wp\/v2\/types\/post"}],"author":[{"embeddable":true,"href":"https:\/\/www.europesays.com\/fr\/wp-json\/wp\/v2\/users\/2"}],"replies":[{"embeddable":true,"href":"https:\/\/www.europesays.com\/fr\/wp-json\/wp\/v2\/comments?post=387933"}],"version-history":[{"count":0,"href":"https:\/\/www.europesays.com\/fr\/wp-json\/wp\/v2\/posts\/387933\/revisions"}],"wp:featuredmedia":[{"embeddable":true,"href":"https:\/\/www.europesays.com\/fr\/wp-json\/wp\/v2\/media\/387934"}],"wp:attachment":[{"href":"https:\/\/www.europesays.com\/fr\/wp-json\/wp\/v2\/media?parent=387933"}],"wp:term":[{"taxonomy":"category","embeddable":true,"href":"https:\/\/www.europesays.com\/fr\/wp-json\/wp\/v2\/categories?post=387933"},{"taxonomy":"post_tag","embeddable":true,"href":"https:\/\/www.europesays.com\/fr\/wp-json\/wp\/v2\/tags?post=387933"}],"curies":[{"name":"wp","href":"https:\/\/api.w.org\/{rel}","templated":true}]}}