{"id":387935,"date":"2025-09-13T13:21:11","date_gmt":"2025-09-13T13:21:11","guid":{"rendered":"https:\/\/www.europesays.com\/fr\/387935\/"},"modified":"2025-09-13T13:21:11","modified_gmt":"2025-09-13T13:21:11","slug":"en-fuyant-les-policiers-sur-la-rocade-de-rennes-une-balle-tue-sa-petite-amie","status":"publish","type":"post","link":"https:\/\/www.europesays.com\/fr\/387935\/","title":{"rendered":"en fuyant les policiers sur la rocade de Rennes, une balle tue sa petite amie"},"content":{"rendered":"<p>            Par<br \/>\n        <strong><br \/>\n            <a href=\"https:\/\/actu.fr\/auteur\/redaction-rennes\" title=\"Consulter tous les articles de R\u00e9daction Rennes\" rel=\"nofollow noopener\" target=\"_blank\">R\u00e9daction Rennes<\/a><br \/>\n        <\/strong><\/p>\n<p>        Publi\u00e9 le<\/p>\n<p>            13 sept. 2025 \u00e0 14h57        <\/p>\n<p>Il y a trois ans presque jour pour jour, la <strong>bretelle de sortie de la rocade<\/strong> au niveau de la porte de Lorient \u00e0 Rennes \u00e9tait le <strong>th\u00e9\u00e2tre d\u2019un drame<\/strong>. Ce jour-l\u00e0, un <strong>homme<\/strong>, activement recherch\u00e9, car <strong>soup\u00e7onn\u00e9<\/strong> de s\u2019adonner \u00e0 un <strong>trafic de stup\u00e9fiants<\/strong>, <strong>refuse d\u2019obtemp\u00e9rer<\/strong> lorsque les forces de l\u2019ordre tentent de l\u2019interpeller au cours d\u2019une op\u00e9ration longuement pr\u00e9par\u00e9e. Un <strong>policier <\/strong>de la BRI (Brigade de recherches et d\u2019intervention)\u00a0<strong>tire<\/strong> alors sur le v\u00e9hicule. Il <strong>touche la passag\u00e8re<\/strong> et compagne du conducteur : <a href=\"https:\/\/actu.fr\/bretagne\/rennes_35238\/femme-tuee-par-la-police-a-rennes-lors-d-une-operation-anti-drogue-ce-que-l-on-sait_53629584.html\" rel=\"nofollow noopener\" target=\"_blank\">Laura Lefebvre, \u00e2g\u00e9e de 22 ans. Elle d\u00e9c\u00e8de quelques heures plus tard<\/a>. Jeudi 11 septembre 2025, l\u2019heure du proc\u00e8s au tribunal correctionnel de Rennes pour le conducteur \u00e9tait venu.<\/p>\n<p>Un dispositif policier pour l\u2019arr\u00eater<\/p>\n<p class=\" wall-content\">Cette nuit-l\u00e0, alors qu\u2019il \u00e9tait suivi depuis 70\u00a0km par des policiers en civil, <strong>Ammar<\/strong> transportait 100\u2009g de coca\u00efne jusqu\u2019\u00e0 Quimper (Finist\u00e8re), o\u00f9 il devait \u00ab\u2009r\u00e9cup\u00e9rer de l\u2019argent\u2009\u00bb avec sa passag\u00e8re, totalement \u00e9trang\u00e8re \u00e0 ses activit\u00e9s illicites. Le jeune homme, \u00e0 l\u2019\u00e9poque \u00e2g\u00e9 de<strong> 26\u00a0ans<\/strong>, \u00e9tait quant \u00e0 lui <strong>vis\u00e9 par une enqu\u00eate<\/strong> pr\u00e9liminaire diligent\u00e9e par l\u2019Office anti-stup\u00e9fiants (OFAST).<\/p>\n<p class=\" wall-content\">Le dispositif policier devait donc conduire \u00e0 son arrestation au niveau de la sortie de la rocade, route de Lorient, \u00e0 Rennes, o\u00f9 <strong>des v\u00e9hicules banalis\u00e9s<\/strong> avaient \u00e9t\u00e9 positionn\u00e9s de fa\u00e7on \u00e0 simuler un accident, de sorte \u00e0 faire ralentir le conducteur parti de Saint-Etienne-du-Rouvray (Seine-Maritime).<\/p>\n<p>Une course folle pour \u00e9chapper aux policiers<\/p>\n<p class=\" wall-content\">Mais, si Ammar avait dans un premier temps ralenti, il ne s\u2019\u00e9tait <strong>pas arr\u00eat\u00e9<\/strong>\u2009: il avait par la suite <strong>\u00ab\u2009acc\u00e9l\u00e9r\u00e9\u2009\u00bb<\/strong> pensant pouvoir s\u2019engouffrer dans le \u00ab\u2009trou\u2009\u00bb laiss\u00e9 entre les deux v\u00e9hicules cens\u00e9s lui bloquer le passage.<\/p>\n<p class=\" wall-content\"><strong>Dans sa course folle<\/strong>, le jeune homme avait m\u00eame <strong>\u00ab\u2009percut\u00e9\u2009\u00bb la cuisse du policier<\/strong> qui a ouvert le feu avec son arme de service. La voiture conduite par le Normand avait fini sa course dans les deux v\u00e9hicules de police, et le couple avait \u00e9t\u00e9 interpell\u00e9.<\/p>\n<p class=\" wall-content\">La balle du policier avait travers\u00e9 le bras du conducteur pour venir <strong>se loger dans la poitrine de sa passag\u00e8re,<\/strong> mais dans un premier temps, les forces de l\u2019ordre n\u2019avaient pas r\u00e9alis\u00e9 qu\u2019elle \u00e9tait touch\u00e9e\u2009: ils avaient m\u00eame eu le temps de lui \u00ab\u2009notifier ses droits et son placement en garde \u00e0 vue\u2009\u00bb\u2026<\/p>\n<p>Votre r\u00e9gion, votre actu !<\/p>\n<p>Recevez chaque jour les infos qui comptent pour vous.<\/p>\n<p>\t<a href=\"https:\/\/actu.fr\/newsletter\" class=\"ac-btn ac-btn--corner ac-btn--medium ac-btn--blue800\" rel=\"nofollow noopener\" target=\"_blank\">S&rsquo;incrire<\/a><br \/>\nD\u00e9c\u00e9d\u00e9e dans la nuit<\/p>\n<p class=\" wall-content\">Laura Lefebvre avait par la suite indiqu\u00e9 qu\u2019elle avait <strong>\u00ab\u2009envie de vomir\u2009\u00bb<\/strong> et tenait<strong> \u00ab\u2009des propos incoh\u00e9rents\u2009\u00bb,<\/strong> alors que son conjoint avait \u00ab\u2009les yeux band\u00e9s\u2009\u00bb et qu\u2019il \u00e9tait \u00ab\u2009rou\u00e9 de coups\u2009\u00bb, s\u2019est-il souvenu, d\u00e9crivant \u00ab\u2009l\u2019effroi\u2009\u00bb de la situation aux derniers instants de vie de sa compagne, dans la \u00ab\u2009nuit noire\u2009\u00bb rennaise.<\/p>\n<p class=\" wall-content\">En d\u00e9pit des \u00ab\u2009premiers secours\u2009\u00bb apport\u00e9s par un policier et de \u00ab\u2009l\u2019arriv\u00e9e rapide\u2009\u00bb des pompiers,<strong> la jeune femme \u00e9tait ainsi d\u00e9c\u00e9d\u00e9e<\/strong> \u00e0 2h10, <strong>la balle ayant perfor\u00e9<\/strong> le ventricule gauche de <strong>son c\u0153ur.<\/strong><\/p>\n<p>Une information judiciaire ouverte<\/p>\n<p class=\" wall-content\">Dans ces conditions, <strong>une information judiciaire avait \u00e9t\u00e9 ouverte<\/strong> pour faire la lumi\u00e8re sur les conditions dans lesquelles le policier avait tir\u00e9. Le jour m\u00eame, Philippe Astruc, le procureur de la R\u00e9publique de Rennes de l\u2019\u00e9poque, avait toutefois d\u00e9cid\u00e9 du<strong> \u00ab\u2009classement sans suite\u2009\u00bb<\/strong> de la proc\u00e9dure visant le fonctionnaire\u2009: l\u2019infraction \u00e9tait \u00ab\u2009insuffisamment caract\u00e9ris\u00e9e\u2009\u00bb, a retrac\u00e9 la pr\u00e9sidente du tribunal correctionnel de Rennes. Sans m\u00eame ordonner la moindre expertise balistique.<\/p>\n<p class=\" wall-content\"><strong>Les parents de la jeune femme<\/strong> et son petit fr\u00e8re, pr\u00e9sents \u00e0 l\u2019audience et pour qui c\u2019est \u00ab\u2009du 50-50\u2009\u00bb entre le policier et le petit ami de leur fille, avaient dans la foul\u00e9e <strong>port\u00e9 plainte<\/strong> avec constitution de parties civiles \u00e0 l\u2019encontre du policier et du petit ami, obligeant l\u2019action publique \u00e0 se mettre en branle contre le policier, en d\u00e9pit de la d\u00e9cision du parquet de Rennes.<\/p>\n<p>\u00ab\u2009Il a tu\u00e9 ma s\u0153ur et on ne va rien dire\u2009\u00bb<\/p>\n<p class=\" wall-content\">Le policier a cependant b\u00e9n\u00e9fici\u00e9 <strong>d\u2019un non-lieu<\/strong>, confirm\u00e9 par la chambre de l\u2019instruction de la cour d\u2019appel de Rennes\u2009: \u00e0 cette audience, il \u00e9tait ainsi pr\u00e9sent seulement en sa qualit\u00e9 de partie civile \u2013 de victime donc \u2013 une situation insupportable pour les proches de Laura Lefebvre.<\/p>\n<p class=\" wall-content\">Aux premi\u00e8res minutes de la plaidoirie de l\u2019avocat du policier, Me Adrien Rebelo, le fr\u00e8re de la jeune femme, a d\u2019ailleurs quitt\u00e9 la salle d\u2019audience. <strong>\u00ab\u2009Il a tu\u00e9 ma s\u0153ur<\/strong> et on ne va rien dire\u2009\u00bb, s\u2019est-il \u00e9cri\u00e9, tr\u00e8s \u00e9mu, sous les yeux impassibles du policier.<\/p>\n<p>\u00ab\u2009Les faits sont trop graves, j\u2019ai perdu ma compagne\u2009\u00bb<\/p>\n<p class=\" wall-content\">\u00ab\u2009Bien s\u00fbr que j\u2019ai mal r\u00e9agi, j\u2019\u00e9tais sous stress\u2009\u00bb, a pour sa part conc\u00e9d\u00e9 Ammar lors de son proc\u00e8s, jeudi 11 septembre 2025. Il \u00e9tait en effet jug\u00e9 pour<strong> \u00ab\u2009homicide involontaire\u2009\u00bb<\/strong> sur sa compagne, pour <strong>\u00ab\u2009violences volontaires\u2009\u00bb<\/strong> sur le policier, et donc, pour <strong>\u00ab\u2009refus d\u2019obtemp\u00e9rer\u2009\u00bb<\/strong>. Mais il ne reconnaissait formellement que ce dernier d\u00e9lit.<\/p>\n<p class=\" wall-content\">S\u2019il a admis qu\u2019il \u00e9tait \u00ab\u2009possible\u2009\u00bb qu\u2019il ait percut\u00e9 le policier de la BRI, il a en revanche <strong>ni\u00e9 \u00ab\u2009toute intention\u2009\u00bb de commettre des violences<\/strong> \u00e0 son encontre et ne s\u2019en \u00e9tait d\u2019ailleurs \u00e0 aucun moment \u00ab\u2009rendu compte\u2009\u00bb.<\/p>\n<p class=\" wall-content\">\u00ab\u2009Les faits sont trop graves, j\u2019ai perdu ma compagne\u2009\u00bb, n\u2019a-t-il cess\u00e9 de r\u00e9p\u00e9ter au tribunal, d\u00e9termin\u00e9 \u00e0 dire \u00ab\u2009toute la v\u00e9rit\u00e9\u2009\u00bb. Le policier, lui, a redit qu\u2019un \u00ab\u2009\u00e9change de regards\u2009\u00bb avait eu lieu avec Ammar avant qu\u2019il ne le percute.<\/p>\n<p>\u00ab\u2009Une premi\u00e8re v\u00e9rit\u00e9 judiciaire impos\u00e9e\u2009\u00bb<\/p>\n<p class=\" wall-content\">L\u2019avocate du pr\u00e9venu, Me Herveline Demerville, avait <strong>sollicit\u00e9 des relaxes<\/strong> pour ces deux premiers d\u00e9lits\u2009: dans sa plaidoirie, l\u2019avocate rouennaise avait d\u00e9plor\u00e9 qu\u2019aucun \u00ab\u2009gel\u2009\u00bb de la sc\u00e8ne n\u2019ait \u00e9t\u00e9 op\u00e9r\u00e9 par les policiers.<\/p>\n<p class=\" wall-content\">L\u2019un des v\u00e9hicules impliqu\u00e9s avait m\u00eame servi \u00e0 \u00ab\u2009emmener le policier \u00e0 l\u2019h\u00f4pital\u2009\u00bb et une \u00ab\u2009mise en situation\u2009\u00bb d\u00e9cid\u00e9e par Philippe Astruc \u00ab\u2009au petit matin\u2009\u00bb avait \u00e9t\u00e9 organis\u00e9e, alors que son client n\u2019\u00e9tait \u00ab\u2009pas pr\u00e9sent\u2009\u00bb\u2026 \u00ab <strong>Une premi\u00e8re v\u00e9rit\u00e9 judiciaire a \u00e9t\u00e9 impos\u00e9e<\/strong> sans la pr\u00e9sence du premier concern\u00e9\u2009\u00bb, a donc r\u00e9sum\u00e9 l\u2019avocate d\u2019Ammar, grin\u00e7ante.<\/p>\n<p class=\" wall-content\">Huit ans de prison venaient alors d\u2019\u00eatre requis contre son client, ce qui \u00e9quivalait pour elle \u00e0 <strong>\u00ab\u2009une mort sociale\u2009\u00bb.<\/strong><\/p>\n<p>Six ans de prison<\/p>\n<p class=\" wall-content\"><strong>\u00ab\u2009Je ne suis plus le m\u00eame qu\u2019avant<\/strong> et je ne le serai plus jamais\u2009\u00bb, avait pour sa part conclu le principal int\u00e9ress\u00e9, qui a toutefois \u00ab\u2009aim\u00e9\u2009\u00bb les condol\u00e9ances form\u00e9es par l\u2019avocat du policier aux parents de Laura. Lui-m\u00eame a tenu \u00e0 les reformuler devant la famille de sa compagne, tout en sachant qu\u2019ils ne \u00ab\u2009pardonneront pas\u2009\u00bb.<\/p>\n<p class=\" wall-content\">Finalement, l\u2019homme au casier lourdement charg\u00e9 a \u00e9t\u00e9 <strong>reconnu coupable<\/strong> de l\u2019ensemble des faits reproch\u00e9s et condamn\u00e9 <strong>\u00e0 six ans de prison<\/strong>. Il a d\u00e9sormais <strong>dix jours pour faire appel.<\/strong><\/p>\n<p class=\" wall-content\"><strong>CB et GF (PressPepper)<\/strong><\/p>\n<p class=\" wall-content\">Personnalisez votre actualit\u00e9 en ajoutant vos villes et m\u00e9dias en favori avec <a href=\"https:\/\/moncompte.actu.fr\" title=\"D\u00e9couvez Mon Actu\" rel=\"nofollow noopener\" data-trk=\"{&quot;cta&quot;:{&quot;action&quot;:&quot;https:\\\/\\\/moncompte.actu.fr&quot;,&quot;category&quot;:&quot;mon compte&quot;,&quot;from&quot;:&quot;article footer&quot;,&quot;name&quot;:&quot;Mon actu&quot;,&quot;type&quot;:&quot;cta&quot;}}\" target=\"_blank\">Mon Actu<\/a>.<\/p>\n","protected":false},"excerpt":{"rendered":"Par R\u00e9daction Rennes Publi\u00e9 le 13 sept. 2025 \u00e0 14h57 Il y a trois ans presque jour pour&hellip;\n","protected":false},"author":2,"featured_media":387936,"comment_status":"","ping_status":"","sticky":false,"template":"","format":"standard","meta":{"footnotes":""},"categories":[2821],"tags":[1111,11,829,1052,1777,674,118,1011,27,303,12,2852,584,25],"class_list":{"0":"post-387935","1":"post","2":"type-post","3":"status-publish","4":"format-standard","5":"has-post-thumbnail","7":"category-rennes","8":"tag-actu","9":"tag-actualites","10":"tag-bretagne","11":"tag-drogue","12":"tag-eu","13":"tag-europe","14":"tag-faits-divers","15":"tag-fr","16":"tag-france","17":"tag-justice","18":"tag-news","19":"tag-refus-dobtemperer","20":"tag-rennes","21":"tag-republique-francaise"},"share_on_mastodon":{"url":"https:\/\/pubeurope.com\/@fr\/115197200678143558","error":""},"_links":{"self":[{"href":"https:\/\/www.europesays.com\/fr\/wp-json\/wp\/v2\/posts\/387935","targetHints":{"allow":["GET"]}}],"collection":[{"href":"https:\/\/www.europesays.com\/fr\/wp-json\/wp\/v2\/posts"}],"about":[{"href":"https:\/\/www.europesays.com\/fr\/wp-json\/wp\/v2\/types\/post"}],"author":[{"embeddable":true,"href":"https:\/\/www.europesays.com\/fr\/wp-json\/wp\/v2\/users\/2"}],"replies":[{"embeddable":true,"href":"https:\/\/www.europesays.com\/fr\/wp-json\/wp\/v2\/comments?post=387935"}],"version-history":[{"count":0,"href":"https:\/\/www.europesays.com\/fr\/wp-json\/wp\/v2\/posts\/387935\/revisions"}],"wp:featuredmedia":[{"embeddable":true,"href":"https:\/\/www.europesays.com\/fr\/wp-json\/wp\/v2\/media\/387936"}],"wp:attachment":[{"href":"https:\/\/www.europesays.com\/fr\/wp-json\/wp\/v2\/media?parent=387935"}],"wp:term":[{"taxonomy":"category","embeddable":true,"href":"https:\/\/www.europesays.com\/fr\/wp-json\/wp\/v2\/categories?post=387935"},{"taxonomy":"post_tag","embeddable":true,"href":"https:\/\/www.europesays.com\/fr\/wp-json\/wp\/v2\/tags?post=387935"}],"curies":[{"name":"wp","href":"https:\/\/api.w.org\/{rel}","templated":true}]}}