{"id":387937,"date":"2025-09-13T13:22:24","date_gmt":"2025-09-13T13:22:24","guid":{"rendered":"https:\/\/www.europesays.com\/fr\/387937\/"},"modified":"2025-09-13T13:22:24","modified_gmt":"2025-09-13T13:22:24","slug":"toute-lactu-top-music-la-grand-nuit-de-lhumour-a-strasbourg","status":"publish","type":"post","link":"https:\/\/www.europesays.com\/fr\/387937\/","title":{"rendered":"Toute l&rsquo;actu Top Music &#8211; La Grand Nuit de l&rsquo;Humour \u00e0 Strasbourg !"},"content":{"rendered":"<p><img decoding=\"async\" class=\"\" style=\"width:100%\" src=\"https:\/\/www.europesays.com\/fr\/wp-content\/uploads\/2025\/09\/WhatsApp_Image_2025_09_09___16_43_56_2381262f1757429253653.webp.webp\" alt=\"La Grande Nuit de l'Humour, le 7 novembre\"\/><\/p>\n<p>La Grande Nuit de l&rsquo;Humour, le 7 novembre<\/p>\n<p>Cr\u00e9dit : Top Music<\/p>\n<p>Pour une soir\u00e9e pleine de rires et de blagues, rendez-vous le vendredi <strong>7 novembre 2025 au Rh\u00e9nus de Strasbourg<\/strong>. <a href=\"https:\/\/www.topmusic.fr\/la-grande-nuit-de-l-humour\" rel=\"noopener\" target=\"_blank\">Pendant <strong>2 heures<\/strong>, <\/a><strong><a href=\"https:\/\/www.topmusic.fr\/la-grande-nuit-de-l-humour\" rel=\"noopener\" target=\"_blank\">12 humoristes<\/a> <\/strong>vous feront rire. Dans une ambiance conviviale, l\u2019artiste<strong> Antonia de Rendinger<\/strong> sera pr\u00e9sente pour animer la soir\u00e9e. Un \u00e9v\u00e9nement unique dans la r\u00e9gion.<\/p>\n<p><strong>A l&rsquo;affiche :\u00a0<\/strong><\/p>\n<p><strong>Eduard Deloignon<\/strong> s\u2019est fait conna\u00eetre gr\u00e2ce \u00e0 ses vid\u00e9os humoristiques qui ont accumul\u00e9 plus de 150 millions de vues sur les r\u00e9seaux sociaux. Dans son spectacle \u00ab\u00a0Eduard Deloignon, grandira plus tard\u00a0\u00bb, il partage ses aventures en Normandie mais aussi avec Netflix. Sa tourn\u00e9e est encore en cours. \u00a0<\/p>\n<p><strong>Laura Domenge <\/strong>est humoriste, com\u00e9dienne, autrice et chroniqueuse sur France Inter. Pass\u00e9e par le Jamel Comedy Club, elle a pr\u00e9sent\u00e9 son spectacle \u00ab Une nuit avec Laura Domenge \u00bb, o\u00f9 elle \u00e9voque \u00e9lucubrations nocturnes et ses nuits en tant qu\u2019insomniaque.<\/p>\n<p><strong>Oldelaf<\/strong> est un auteur-compositeur-interpr\u00e8te, chanteur et musicien reconnu pour son humour et ses textes d\u00e9cal\u00e9s. Sur sc\u00e8ne, il propose des concerts m\u00ealant humour et musique, avec notamment des titres comme \u00a0\u00ab\u00a0Luxembourg\u00a0\u00bb. Oldelaf est actuellement en concert.<\/p>\n<p><strong>Mahaut Drama<\/strong> est humoriste, journaliste et romanci\u00e8re. Son spectacle \u00ab\u00a0Drama Queen\u00a0\u00bb, est toujours en tourn\u00e9e. Un woman-show qui m\u00eale m\u00eale humour acerbe et r\u00e9flexions sociales. On la retrouve \u00e9galement sur France Inter, o\u00f9 elle d\u00e9ploie son humour singulier et incisif.<\/p>\n<p><strong>Alex Ramir\u00e8s<\/strong> est humoriste et acteur. Son spectacle \u00abPanache\u00a0\u00bb, aborde avec l\u00e9g\u00e8ret\u00e9 et ironie le th\u00e8me de la confiance en soi\u2026 ou l\u2019art de faire semblant d\u2019en avoir. Les places sont toujours disponible.<\/p>\n<p><strong>Sabrine Zayami<\/strong> est com\u00e9dienne et humoriste. Dans son spectacle \u00a0\u00ab\u00a0Au top de ma life\u00a0\u00bb, elle \u00e9voque avec humour et sinc\u00e9rit\u00e9 son divorce, transformant une exp\u00e9rience personnelle en source de rire et de partage. Elle continue sa tourn\u00e9 jusqu\u2019au mois de d\u00e9cembre.<\/p>\n<p><strong>Viktor Vincent<\/strong> est un mentaliste reconnu pour ses spectacles hors du commun. Dans \u00ab\u00a0Fantastik\u00a0\u00bb il transporte le public dans une exp\u00e9rience en direct merveilleuse. Son spectacle est toujours en tourn\u00e9. Avec sa moustache d\u00e9su\u00e8te, devenue sa signature, il captive autant par son charisme que par ses illusions.<\/p>\n<p>Humoriste et com\u00e9dienne fran\u00e7aise incontournable, <strong>Anne Roumanoff <\/strong>s\u00e9duit depuis des ann\u00e9es avec son humour \u00e0 la fois incisif et accessible. Elle pr\u00e9sente actuellement \u00ab\u00a0L\u2019exp\u00e9rience de la vie\u00a0\u00bb. Un spectacle qui aborde avec humour les r\u00e9alit\u00e9s du quotidien.<\/p>\n<p><strong>Yann Guillarme<\/strong>, humoriste et chroniqueur sur quotidien. Il pr\u00e9sente son spectacle \u00ab\u00a0libre\u00a0\u00bb, toujours en tourn\u00e9e. Il explore le sujet de la libert\u00e9 avec humour et audace.<\/p>\n<p><strong>Karim Duval<\/strong> est un humoriste franco-sino-mauricien au style. \u00ab\u00a0Entropie\u00a0\u00bb, un spectacle qui m\u00e9le autod\u00e9rision, improvisation et \u00e9criture recherch\u00e9e. Des dates sont toujours disponible.<\/p>\n<p><strong>\u00c9lodie Arnould<\/strong> est humoriste et autrice. \u00ab\u00a0En rodage\u00a0\u00bb c\u2019est un spectacle interactif o\u00f9 le public influence directement les th\u00e8mes abord\u00e9s. Avec \u00e9nergie, elle explore des sujets vari\u00e9s, m\u00ealant engagement et humour.<\/p>\n<p><strong>Mathieu Mad\u00e9nian<\/strong> est humoriste, com\u00e9dien et chroniqueur radio. Dans son dernier spectacle \u00ab\u00a0\u00c0 pleurer de rire\u00a0\u00bb il \u00e9voque avec sinc\u00e9rit\u00e9 et humour des th\u00e8mes personnels, comme son r\u00f4le de p\u00e8re. Son quatri\u00e8me spectacle est toujours en tourn\u00e9e.<\/p>\n<p><strong>Informations pratiques<\/strong><br \/>Le parking est public et comprend 315 places, situ\u00e9 dans le quartier d\u2019affaires Wacken. Les billets sont \u00e0 <strong>46,50 \u20ac<\/strong>. Pour prendre vos places : <a href=\"https:\/\/www.ticketmaster.fr\/fr\/manifestation\/la-grande-nuit-de-l-humour-billet\/idmanif\/616128\" target=\"_blank\" rel=\"noopener\">La Grande Nuit De L&rsquo;humour | Humour Et One (wo)man Show le 7 nov. 2025 | Rhenus Sport<\/a><\/p>\n","protected":false},"excerpt":{"rendered":"La Grande Nuit de l&rsquo;Humour, le 7 novembre Cr\u00e9dit : Top Music Pour une soir\u00e9e pleine de rires&hellip;\n","protected":false},"author":2,"featured_media":387938,"comment_status":"","ping_status":"","sticky":false,"template":"","format":"standard","meta":{"footnotes":""},"categories":[2820],"tags":[1111,11,2389,2649,16106,52048,1777,674,1011,27,775,52049,708,12,18433,25,52047,3140,640,4100],"class_list":{"0":"post-387937","1":"post","2":"type-post","3":"status-publish","4":"format-standard","5":"has-post-thumbnail","7":"category-strasbourg","8":"tag-actu","9":"tag-actualites","10":"tag-alsace","11":"tag-bas-rhin","12":"tag-billets","13":"tag-blagues","14":"tag-eu","15":"tag-europe","16":"tag-fr","17":"tag-france","18":"tag-grand-est","19":"tag-humoristes","20":"tag-humour","21":"tag-news","22":"tag-places","23":"tag-republique-francaise","24":"tag-rhenus","25":"tag-spectacle","26":"tag-strasbourg","27":"tag-vente"},"share_on_mastodon":{"url":"https:\/\/pubeurope.com\/@fr\/115197204573384574","error":""},"_links":{"self":[{"href":"https:\/\/www.europesays.com\/fr\/wp-json\/wp\/v2\/posts\/387937","targetHints":{"allow":["GET"]}}],"collection":[{"href":"https:\/\/www.europesays.com\/fr\/wp-json\/wp\/v2\/posts"}],"about":[{"href":"https:\/\/www.europesays.com\/fr\/wp-json\/wp\/v2\/types\/post"}],"author":[{"embeddable":true,"href":"https:\/\/www.europesays.com\/fr\/wp-json\/wp\/v2\/users\/2"}],"replies":[{"embeddable":true,"href":"https:\/\/www.europesays.com\/fr\/wp-json\/wp\/v2\/comments?post=387937"}],"version-history":[{"count":0,"href":"https:\/\/www.europesays.com\/fr\/wp-json\/wp\/v2\/posts\/387937\/revisions"}],"wp:featuredmedia":[{"embeddable":true,"href":"https:\/\/www.europesays.com\/fr\/wp-json\/wp\/v2\/media\/387938"}],"wp:attachment":[{"href":"https:\/\/www.europesays.com\/fr\/wp-json\/wp\/v2\/media?parent=387937"}],"wp:term":[{"taxonomy":"category","embeddable":true,"href":"https:\/\/www.europesays.com\/fr\/wp-json\/wp\/v2\/categories?post=387937"},{"taxonomy":"post_tag","embeddable":true,"href":"https:\/\/www.europesays.com\/fr\/wp-json\/wp\/v2\/tags?post=387937"}],"curies":[{"name":"wp","href":"https:\/\/api.w.org\/{rel}","templated":true}]}}