{"id":387941,"date":"2025-09-13T13:24:12","date_gmt":"2025-09-13T13:24:12","guid":{"rendered":"https:\/\/www.europesays.com\/fr\/387941\/"},"modified":"2025-09-13T13:24:12","modified_gmt":"2025-09-13T13:24:12","slug":"coupure-totale-de-la8-apres-un-accident-ce-samedi-matin-le-point-sur-la-situation-a-mi-journee","status":"publish","type":"post","link":"https:\/\/www.europesays.com\/fr\/387941\/","title":{"rendered":"Coupure totale de l&rsquo;A8 apr\u00e8s un accident ce samedi matin: le point sur la situation \u00e0 mi-journ\u00e9e"},"content":{"rendered":"<p><a href=\"https:\/\/www.nicematin.com\/faits-divers\/un-poids-lourd-se-couche-sur-l-a8-a-hauteur-de-tanneron-un-blesse-grave-et-un-important-bouchon-1001762\" target=\"_blank\" rel=\"noopener\">L&rsquo;incident a provoqu\u00e9 la coupure totale de l&rsquo;autoroute en direction de Nice<\/a>, entra\u00eenant des perturbations majeures sur l&rsquo;ensemble du secteur.<\/p>\n<p>Les \u00e9quipes de VINCI Autoroutes et les secours ont \u00e9t\u00e9 mobilis\u00e9s imm\u00e9diatement apr\u00e8s l&rsquo;accident.<\/p>\n<p>Actuellement, <strong>de lourdes op\u00e9rations de d\u00e9pannage et de nettoyage sont en cours<\/strong> pour d\u00e9gager le camion impliqu\u00e9 et permettre la reprise de la circulation.<\/p>\n<p><strong>Ces op\u00e9rations sont complexes et devraient encore durer<\/strong>. La prudence est de mise pour les automobilistes.<\/p>\n<p>              <img ci-src=\"https:\/\/www.nicematin.com\/faits-divers\/Poids+lourd+Tanneron-95pwHlFh.jpg?vh=f15361&amp;ci_seal=02f1c66e68\" alt=\"\"\/><br \/>\n        Un poids lourd s&rsquo;est couch\u00e9 sur l&rsquo;A8 ce samedi matin. La circulation est fortement perturb\u00e9e dans le sens Aix-Nice \u00e0 hauteur de Tanneron.&#13;<br \/>\n <strong>Photo Alexandra Delort.<\/strong> <\/p>\n<p>              <img ci-src=\"https:\/\/www.nicematin.com\/faits-divers\/Image_20250913_132336_240-aPILicfd.jpeg?ci_seal=7146aedc96\" alt=\"\"\/><br \/>\n        L&rsquo;objectif est de d\u00e9gager le poids-lourd de la route, afin de r\u00e9tablir la circulation. <strong>Photo Simon Perrot.<\/strong> <\/p>\n<p>                                Les d\u00e9viations mises en place:\u00a0<\/p>\n<p><strong>En direction de l&rsquo;Italie:<\/strong><br \/>&#13;<br \/>\nSortie obligatoire aux Adrets-de-l&rsquo;Est\u00e9rel (n\u00b039)<br \/>&#13;<br \/>\nSortie conseill\u00e9e au Muy (n\u00b036)<br \/>&#13;<br \/>\nLes entr\u00e9es aux Adrets-de-l&rsquo;Est\u00e9rel (n\u00b039), Fr\u00e9jus Est (n\u00b038) et Puget-sur-Argens (n\u00b037) sont interdites.<\/p>\n<p><strong>En direction d&rsquo;Aix-en-Provence:<\/strong><br \/>&#13;<br \/>\nSortie conseill\u00e9e \u00e0 Mandelieu (n\u00b040).<br \/>&#13;<br \/>\nUn bouchon de curiosit\u00e9 s&rsquo;est \u00e9galement form\u00e9 dans ce sens de circulation, accentuant les ralentissements.<\/p>\n","protected":false},"excerpt":{"rendered":"L&rsquo;incident a provoqu\u00e9 la coupure totale de l&rsquo;autoroute en direction de Nice, entra\u00eenant des perturbations majeures sur l&rsquo;ensemble&hellip;\n","protected":false},"author":2,"featured_media":387942,"comment_status":"","ping_status":"","sticky":false,"template":"","format":"standard","meta":{"footnotes":""},"categories":[2819],"tags":[1111,11,1777,674,118,1011,27,803,12,2401,882,25],"class_list":{"0":"post-387941","1":"post","2":"type-post","3":"status-publish","4":"format-standard","5":"has-post-thumbnail","7":"category-nice","8":"tag-actu","9":"tag-actualites","10":"tag-eu","11":"tag-europe","12":"tag-faits-divers","13":"tag-fr","14":"tag-france","15":"tag-info-trafic","16":"tag-news","17":"tag-nice","18":"tag-provence-alpes-cote-dazur","19":"tag-republique-francaise"},"share_on_mastodon":{"url":"https:\/\/pubeurope.com\/@fr\/115197212390568544","error":""},"_links":{"self":[{"href":"https:\/\/www.europesays.com\/fr\/wp-json\/wp\/v2\/posts\/387941","targetHints":{"allow":["GET"]}}],"collection":[{"href":"https:\/\/www.europesays.com\/fr\/wp-json\/wp\/v2\/posts"}],"about":[{"href":"https:\/\/www.europesays.com\/fr\/wp-json\/wp\/v2\/types\/post"}],"author":[{"embeddable":true,"href":"https:\/\/www.europesays.com\/fr\/wp-json\/wp\/v2\/users\/2"}],"replies":[{"embeddable":true,"href":"https:\/\/www.europesays.com\/fr\/wp-json\/wp\/v2\/comments?post=387941"}],"version-history":[{"count":0,"href":"https:\/\/www.europesays.com\/fr\/wp-json\/wp\/v2\/posts\/387941\/revisions"}],"wp:featuredmedia":[{"embeddable":true,"href":"https:\/\/www.europesays.com\/fr\/wp-json\/wp\/v2\/media\/387942"}],"wp:attachment":[{"href":"https:\/\/www.europesays.com\/fr\/wp-json\/wp\/v2\/media?parent=387941"}],"wp:term":[{"taxonomy":"category","embeddable":true,"href":"https:\/\/www.europesays.com\/fr\/wp-json\/wp\/v2\/categories?post=387941"},{"taxonomy":"post_tag","embeddable":true,"href":"https:\/\/www.europesays.com\/fr\/wp-json\/wp\/v2\/tags?post=387941"}],"curies":[{"name":"wp","href":"https:\/\/api.w.org\/{rel}","templated":true}]}}