{"id":387947,"date":"2025-09-13T13:27:37","date_gmt":"2025-09-13T13:27:37","guid":{"rendered":"https:\/\/www.europesays.com\/fr\/387947\/"},"modified":"2025-09-13T13:27:37","modified_gmt":"2025-09-13T13:27:37","slug":"un-couple-vole-un-sac-avec-10-000-euros-de-bijoux-a-linterieur","status":"publish","type":"post","link":"https:\/\/www.europesays.com\/fr\/387947\/","title":{"rendered":"un couple vole un sac avec 10 000 euros de bijoux \u00e0 l&rsquo;int\u00e9rieur"},"content":{"rendered":"<p>            Par<br \/>\n        <strong><br \/>\n            <a href=\"https:\/\/actu.fr\/auteur\/laure-gentil\" title=\"Consulter tous les articles de Laure Gentil\" rel=\"nofollow noopener\" target=\"_blank\">Laure Gentil<\/a><br \/>\n        <\/strong><\/p>\n<p>        Publi\u00e9 le<\/p>\n<p>            13 sept. 2025 \u00e0 14h24        <\/p>\n<p>La <strong>police aux fronti\u00e8res<\/strong> (PAF) de l\u2019<strong>a\u00e9roport de Nantes-Atlantique<\/strong> a interpell\u00e9 un couple ce jeudi 11\u00a0septembre 2025.<\/p>\n<p class=\" wall-content\">L\u2019homme de 37\u00a0ans et la femme de 34\u00a0ans ont \u00e9t\u00e9 <strong>plac\u00e9s en garde \u00e0 vue<\/strong> pour vol. L\u2019enqu\u00eate a permis de rapidement les retrouver.<\/p>\n<p class=\" wall-content\">Selon la Direction Interd\u00e9partementale de la Police Nationale de Loire-Atlantique, la victime du vol est une femme, qui le vendredi 22 ao\u00fbt, alors qu\u2019elle attendait son vol, s\u2019est fait d\u00e9rober son sac. \u00c0 l\u2019int\u00e9rieur se trouvaient les bijoux, <strong>d\u2019une valeur de 10\u2009000 euros<\/strong>. La victime a perdu son sac de vue \u00ab\u2009quelques instants en attendant l\u2019enregistrement de son vol\u2009\u00bb.<\/p>\n<p>Retrouv\u00e9s gr\u00e2ce \u00e0 un v\u00e9hicule Uber<\/p>\n<p class=\" wall-content\">Se rendant compte de la disparition de ses biens, la voyageuse a alert\u00e9 une \u00e9quipe de la police aux fronti\u00e8res en patrouille dans l\u2019a\u00e9roport et a port\u00e9 plainte.<\/p>\n<p class=\" wall-content\">Les enqu\u00eateurs de la PAF ont pu visionner les<strong> cam\u00e9ras de vid\u00e9oprotection<\/strong> de l\u2019a\u00e9roport de Nantes-Atlantique. Sur une vid\u00e9o, ils ont aper\u00e7u deux individus, un homme et une femme, en train de voler le sac et quitter les lieux dans une voiture Uber. Les policiers ont identifi\u00e9 le v\u00e9hicule, ce qui a permis d\u2019i<strong>dentifier les passagers<\/strong> et de retrouver leur adresse.<\/p>\n<p class=\" wall-content\">Le matin du 11\u00a0septembre, les policiers ont proc\u00e9d\u00e9 \u00e0 une <strong>perquisition<\/strong> durant laquelle les voleurs ont \u00e9t\u00e9 arr\u00eat\u00e9s et le sac et les bijoux, retrouv\u00e9s.<\/p>\n<p class=\" wall-content\">Apr\u00e8s leur garde \u00e0 vue, les deux mis en cause ont re\u00e7u \u00ab\u2009une convocation en justice pour le 18 septembre 2025 au tribunal judiciaire de Nantes.\u00a0\u00bb<\/p>\n<p class=\" wall-content\">Personnalisez votre actualit\u00e9 en ajoutant vos villes et m\u00e9dias en favori avec <a href=\"https:\/\/moncompte.actu.fr\" title=\"D\u00e9couvez Mon Actu\" rel=\"nofollow noopener\" data-trk=\"{&quot;cta&quot;:{&quot;action&quot;:&quot;https:\\\/\\\/moncompte.actu.fr&quot;,&quot;category&quot;:&quot;mon compte&quot;,&quot;from&quot;:&quot;article footer&quot;,&quot;name&quot;:&quot;Mon actu&quot;,&quot;type&quot;:&quot;cta&quot;}}\" target=\"_blank\">Mon Actu<\/a>.<\/p>\n","protected":false},"excerpt":{"rendered":"Par Laure Gentil Publi\u00e9 le 13 sept. 2025 \u00e0 14h24 La police aux fronti\u00e8res (PAF) de l\u2019a\u00e9roport de&hellip;\n","protected":false},"author":2,"featured_media":387948,"comment_status":"","ping_status":"","sticky":false,"template":"","format":"standard","meta":{"footnotes":""},"categories":[2818],"tags":[1111,11,754,1777,674,118,1011,27,303,766,12,2636,1072,25],"class_list":{"0":"post-387947","1":"post","2":"type-post","3":"status-publish","4":"format-standard","5":"has-post-thumbnail","7":"category-nantes","8":"tag-actu","9":"tag-actualites","10":"tag-aeroport-de-nantes","11":"tag-eu","12":"tag-europe","13":"tag-faits-divers","14":"tag-fr","15":"tag-france","16":"tag-justice","17":"tag-nantes","18":"tag-news","19":"tag-pays-de-la-loire","20":"tag-police","21":"tag-republique-francaise"},"share_on_mastodon":{"url":"https:\/\/pubeurope.com\/@fr\/115197224232125868","error":""},"_links":{"self":[{"href":"https:\/\/www.europesays.com\/fr\/wp-json\/wp\/v2\/posts\/387947","targetHints":{"allow":["GET"]}}],"collection":[{"href":"https:\/\/www.europesays.com\/fr\/wp-json\/wp\/v2\/posts"}],"about":[{"href":"https:\/\/www.europesays.com\/fr\/wp-json\/wp\/v2\/types\/post"}],"author":[{"embeddable":true,"href":"https:\/\/www.europesays.com\/fr\/wp-json\/wp\/v2\/users\/2"}],"replies":[{"embeddable":true,"href":"https:\/\/www.europesays.com\/fr\/wp-json\/wp\/v2\/comments?post=387947"}],"version-history":[{"count":0,"href":"https:\/\/www.europesays.com\/fr\/wp-json\/wp\/v2\/posts\/387947\/revisions"}],"wp:featuredmedia":[{"embeddable":true,"href":"https:\/\/www.europesays.com\/fr\/wp-json\/wp\/v2\/media\/387948"}],"wp:attachment":[{"href":"https:\/\/www.europesays.com\/fr\/wp-json\/wp\/v2\/media?parent=387947"}],"wp:term":[{"taxonomy":"category","embeddable":true,"href":"https:\/\/www.europesays.com\/fr\/wp-json\/wp\/v2\/categories?post=387947"},{"taxonomy":"post_tag","embeddable":true,"href":"https:\/\/www.europesays.com\/fr\/wp-json\/wp\/v2\/tags?post=387947"}],"curies":[{"name":"wp","href":"https:\/\/api.w.org\/{rel}","templated":true}]}}