{"id":387953,"date":"2025-09-13T13:30:16","date_gmt":"2025-09-13T13:30:16","guid":{"rendered":"https:\/\/www.europesays.com\/fr\/387953\/"},"modified":"2025-09-13T13:30:16","modified_gmt":"2025-09-13T13:30:16","slug":"la321xlr-avion-revolutionnaire-dairbus-desservira-bientot-lamerique-depuis-toulouse","status":"publish","type":"post","link":"https:\/\/www.europesays.com\/fr\/387953\/","title":{"rendered":"L&rsquo;A321XLR, avion r\u00e9volutionnaire d&rsquo;Airbus, desservira bient\u00f4t l&rsquo;Am\u00e9rique depuis Toulouse"},"content":{"rendered":"<p>            Par<br \/>\n        <strong><br \/>\n            <a href=\"https:\/\/actu.fr\/auteur\/guillaume-laurens\" title=\"Consulter tous les articles de Guillaume Laurens\" target=\"_blank\" rel=\"noopener\">Guillaume Laurens<\/a><br \/>\n        <\/strong><\/p>\n<p>        Publi\u00e9 le<\/p>\n<p>            13 sept. 2025 \u00e0 12h02        <\/p>\n<p>C\u2019est une premi\u00e8re pour la Ville rose. <strong>L\u2019A321XLR <\/strong>desservira bient\u00f4t le <strong>continent am\u00e9ricain <\/strong>sur une ligne r\u00e9guli\u00e8re. La compagnie<strong> Air Canada<\/strong>, qui relie aujourd\u2019hui <strong>Toulouse<\/strong> \u00e0 <strong>Montr\u00e9al<\/strong> en <strong>A330<\/strong>, vient en effet d\u2019annoncer qu\u2019elle basculait d\u00e8s <strong>l\u2019\u00e9t\u00e9 2026<\/strong> sur le <a href=\"https:\/\/actu.fr\/occitanie\/toulouse_31555\/l-a321xlr-le-nouvel-avion-revolutionnaire-d-airbus-poursuit-ses-essais-en-vol-depuis-toulouse_53726796.html\" target=\"_blank\" rel=\"noopener\"><strong>nouvel avion r\u00e9volutionnaire<\/strong><\/a> d\u2019Airbus, dont <a href=\"https:\/\/actu.fr\/occitanie\/toulouse_31555\/le-tout-premier-a321xlr-l-avion-revolutionnaire-d-airbus-a-ete-livre_61804299.html\" target=\"_blank\" rel=\"noopener\">le premier exemplaire a \u00e9t\u00e9 livr\u00e9 fin 2024 \u00e0 une compagnie espagnole<\/a>. Avec d\u2019autres annonces \u00e0 la cl\u00e9.<\/p>\n<p>Un premier A321XLR entre Palma de Majorque (Espagne) et Montr\u00e9al (Canada)<\/p>\n<p class=\" wall-content\">Air Canada a annonc\u00e9 vendredi 12 septembre 2025 que <strong>Palma de Majorque\u2013Montr\u00e9al<\/strong> serait \u00ab\u00a0la toute premi\u00e8re nouvelle liaison assur\u00e9e par un appareil A321 d\u2019Airbus \u00e0 distance franchissable accrue (ou XLR, pour eXtra Long Range)\u00a0\u00bb.<\/p>\n<blockquote class=\"ac-article-quote wall-content\">\n<p>La livraison de la flotte d\u2019appareils A321XLR commencera au premier trimestre de 2026 et, d\u00e8s juin 2026, Air Canada inaugurera ce service vers le Canada \u00e0 bord de l\u2019un de ces nouveaux appareils.<\/p>\n<p>    <strong>Air Canada<\/strong>\n            <\/p><\/blockquote>\n<p>Une nouveaut\u00e9 \u00ab\u00a0r\u00e9volutionnaire\u00a0\u00bb pour les compagnies<\/p>\n<p class=\" wall-content\">\u00ab\u00a0L\u2019arriv\u00e9e du r\u00e9volutionnaire A321XLR d\u2019Airbus marque la prochaine phase de la <strong>croissance internationale<\/strong> d\u2019Air Canada\u00a0\u00bb, se r\u00e9jouit <strong>Mark Galardo<\/strong>, vice-pr\u00e9sident g\u00e9n\u00e9ral et chef des affaires commerciales d\u2019Air Canada.<\/p>\n<p class=\" wall-content\">\u00ab\u00a0Ce monocouloir de pointe ouvre pour nous la possibilit\u00e9 de proposer de nouvelles liaisons vers le Canada gr\u00e2ce \u00e0 sa<strong> port\u00e9e comparable \u00e0 celle d\u2019un gros-porteur<\/strong> et au confort am\u00e9lior\u00e9 qu\u2019il propose \u00e0 bord\u00a0\u00bb. Le dernier-n\u00e9 de la famille A320 est en effet le seul monocouloir du march\u00e9 \u00e0 \u00eatre capable de <strong>parcourir 8 700 km sans escale.<\/strong><\/p>\n<p>Vid\u00e9os : en ce moment sur Actu<br \/>\n    <img   decoding=\"async\" loading=\"lazy\" src=\"https:\/\/www.europesays.com\/fr\/wp-content\/uploads\/2025\/09\/a321xlr-960x640.jpg\" alt=\"Une maquette du futur A321XLR d'Air Canada\" width=\"960\" height=\"640\"\/><br \/>\n    Une maquette du futur A321XLR d\u2019Air Canada (\u00a9Air Canada)Toulouse b\u00e9n\u00e9ficiera directement de ce nouvel appareil<\/p>\n<p class=\" wall-content\">\u00a0\u00bb Nous entamons ce parcours de croissance aujourd\u2019hui avec l\u2019annonce de <strong>Palma de Majorque<\/strong> comme premi\u00e8re nouvelle destination, mais nous sommes tout aussi fiers de confirmer que <strong>Toulouse b\u00e9n\u00e9ficiera directement de ce nouvel appareil\u00a0\u00bb,<\/strong> ajoute Mark Galardo, \u00ab\u00a0renfor\u00e7ant ainsi les liens uniques entre la m\u00e9tropole occitane et Montr\u00e9al\u00a0\u00bb.<\/p>\n<p>Votre r\u00e9gion, votre actu !<\/p>\n<p>Recevez chaque jour les infos qui comptent pour vous.<\/p>\n<p>\t<a href=\"https:\/\/actu.fr\/newsletter\" class=\"ac-btn ac-btn--corner ac-btn--medium ac-btn--blue800\" target=\"_blank\" rel=\"noopener\">S&rsquo;incrire<\/a><br \/>\nRelier \u00ab\u00a0deux p\u00f4les mondiaux de l\u2019a\u00e9ronautique\u00a0\u00bb<\/p>\n<p class=\" wall-content\">En plus de lancer un nouveau service vers Montr\u00e9al au d\u00e9part de Majorque, Air Canada d\u00e9ploiera donc l\u2019A321XLR sur <strong>\u00ab\u00a0des liaisons existantes<\/strong> cl\u00e9s pour les voyageurs fran\u00e7ais\u00a0\u00bb. Et cela commence par les vols op\u00e9r\u00e9s toute l\u2019ann\u00e9e entre <strong>Toulouse<\/strong> et <strong>Montr\u00e9al<\/strong>, \u00ab\u00a0qui relient deux villes francophones dynamiques et deux p\u00f4les mondiaux de l\u2019a\u00e9ronautique\u00a0\u00bb.\u00a0<\/p>\n<p class=\" wall-content\">Berceau du constructeur <strong>Bombardier<\/strong>, la r\u00e9gion de Montr\u00e9al est aussi d\u00e9sormais celle d\u2019<strong>Airbus<\/strong> qui dispose depuis quelques ann\u00e9es d\u2019un site \u00e0 <strong>Mirabel<\/strong>, aux portes de la cit\u00e9 qu\u00e9b\u00e9coise, o\u00f9 <a href=\"https:\/\/actu.fr\/occitanie\/toulouse_31555\/toulouse-airbus-presente-a220-petit-nouveau-famille_17696487.html\" target=\"_blank\" rel=\"noopener\">l\u2019avionneur produit l\u2019A220.<\/a><\/p>\n<p>182 passagers \u00e0 bord<\/p>\n<p class=\" wall-content\">Ces appareils auront une capacit\u00e9 d\u2019accueil de <strong>182 passagers<\/strong>, soit 14 en classe Signature Air Canada et 168 en classe \u00e9conomique.<\/p>\n<p class=\" wall-content\">L\u2019A321XLR marquera \u00e9galement \u00ab\u00a0le d\u00e9but d\u2019une \u00e8re nouvelle en mati\u00e8re d\u2019am\u00e9nagement des cabines d\u2019Air Canada\u00a0\u00bb, gr\u00e2ce \u00e0 la mise en place d\u2019une nouvelle norme de conception pour \u00ab\u00a0rehausser l\u2019exp\u00e9rience \u00e0 bord\u00a0\u00bb.<\/p>\n<p class=\" wall-content\">Ce sera \u00ab\u00a0le premier monocouloir du parc a\u00e9rien d\u2019Air Canada \u00e0 \u00eatre dot\u00e9 de <strong>fauteuils enti\u00e8rement inclinables<\/strong> dans la cabine Classe affaires, permettant aux passagers de vivre l\u2019exp\u00e9rience qu\u2019offre un gros-porteur \u00e0 bord d\u2019un bir\u00e9acteur monocouloir\u00a0\u00bb, souligne encore la compagnie.<\/p>\n<p>D\u2019autres \u00ab\u00a0liaisons attrayantes\u00a0\u00bb \u00e0 venir ?<\/p>\n<p class=\" wall-content\">Gr\u00e2ce \u00e0 l\u2019arriv\u00e9e de l\u2019A321XLR, l\u2019expansion d\u2019Air Canada en Europe pourrait bien <strong>ne pas s\u2019arr\u00eater l\u00e0.<\/strong>\u00a0Si \u00ab\u00a0le service saisonnier \u00c9dimbourg\u2013Montr\u00e9al reprendra \u00e9galement en 2026 avec une offre de produits am\u00e9lior\u00e9e\u00a0\u00bb, le transporteur annonce qu\u2019\u00e0 mesure qu\u2019il \u00ab\u00a0recevra de nouveaux appareils A321XLR\u00a0\u00bb, il \u00ab\u00a0ajoutera de <strong>nouvelles liaisons attrayantes<\/strong>, notamment au d\u00e9part de <strong>Toronto<\/strong>, <strong>Ottawa<\/strong> et <strong>Halifax<\/strong> vers l\u2019Europe\u00a0\u00bb.<\/p>\n<p><strong>Infos pratiques :<\/strong><br \/>\nLes places disponibles \u00e0 la vente d\u00e8s \u00e0 pr\u00e9sent sur <a href=\"https:\/\/www.aircanada.com\/home\/fr\/fr\/aco\/flights\" target=\"_blank\" rel=\"noopener\">aircanada.com\u00a0<\/a><\/p>\n<p class=\" wall-content\">Personnalisez votre actualit\u00e9 en ajoutant vos villes et m\u00e9dias en favori avec <a href=\"https:\/\/moncompte.actu.fr\" title=\"D\u00e9couvez Mon Actu\" rel=\"nofollow noopener\" data-trk=\"{&quot;cta&quot;:{&quot;action&quot;:&quot;https:\\\/\\\/moncompte.actu.fr&quot;,&quot;category&quot;:&quot;mon compte&quot;,&quot;from&quot;:&quot;article footer&quot;,&quot;name&quot;:&quot;Mon actu&quot;,&quot;type&quot;:&quot;cta&quot;}}\" target=\"_blank\">Mon Actu<\/a>.<\/p>\n","protected":false},"excerpt":{"rendered":"Par Guillaume Laurens Publi\u00e9 le 13 sept. 2025 \u00e0 12h02 C\u2019est une premi\u00e8re pour la Ville rose. L\u2019A321XLR&hellip;\n","protected":false},"author":2,"featured_media":387954,"comment_status":"","ping_status":"","sticky":false,"template":"","format":"standard","meta":{"footnotes":""},"categories":[2816],"tags":[1111,11,103,36,574,33,1777,674,1011,27,12,2680,25,2312],"class_list":{"0":"post-387953","1":"post","2":"type-post","3":"status-publish","4":"format-standard","5":"has-post-thumbnail","7":"category-toulouse","8":"tag-actu","9":"tag-actualites","10":"tag-aeroport-toulouse-blagnac","11":"tag-airbus","12":"tag-canada","13":"tag-economie","14":"tag-eu","15":"tag-europe","16":"tag-fr","17":"tag-france","18":"tag-news","19":"tag-occitanie","20":"tag-republique-francaise","21":"tag-toulouse"},"share_on_mastodon":{"url":"https:\/\/pubeurope.com\/@fr\/115197236033982170","error":""},"_links":{"self":[{"href":"https:\/\/www.europesays.com\/fr\/wp-json\/wp\/v2\/posts\/387953","targetHints":{"allow":["GET"]}}],"collection":[{"href":"https:\/\/www.europesays.com\/fr\/wp-json\/wp\/v2\/posts"}],"about":[{"href":"https:\/\/www.europesays.com\/fr\/wp-json\/wp\/v2\/types\/post"}],"author":[{"embeddable":true,"href":"https:\/\/www.europesays.com\/fr\/wp-json\/wp\/v2\/users\/2"}],"replies":[{"embeddable":true,"href":"https:\/\/www.europesays.com\/fr\/wp-json\/wp\/v2\/comments?post=387953"}],"version-history":[{"count":0,"href":"https:\/\/www.europesays.com\/fr\/wp-json\/wp\/v2\/posts\/387953\/revisions"}],"wp:featuredmedia":[{"embeddable":true,"href":"https:\/\/www.europesays.com\/fr\/wp-json\/wp\/v2\/media\/387954"}],"wp:attachment":[{"href":"https:\/\/www.europesays.com\/fr\/wp-json\/wp\/v2\/media?parent=387953"}],"wp:term":[{"taxonomy":"category","embeddable":true,"href":"https:\/\/www.europesays.com\/fr\/wp-json\/wp\/v2\/categories?post=387953"},{"taxonomy":"post_tag","embeddable":true,"href":"https:\/\/www.europesays.com\/fr\/wp-json\/wp\/v2\/tags?post=387953"}],"curies":[{"name":"wp","href":"https:\/\/api.w.org\/{rel}","templated":true}]}}