{"id":387955,"date":"2025-09-13T13:31:13","date_gmt":"2025-09-13T13:31:13","guid":{"rendered":"https:\/\/www.europesays.com\/fr\/387955\/"},"modified":"2025-09-13T13:31:13","modified_gmt":"2025-09-13T13:31:13","slug":"apres-la-lourde-defaite-face-au-psg-le-toulouse-fc-se-dresse-sur-la-route-du-lille-dolivier-giroud","status":"publish","type":"post","link":"https:\/\/www.europesays.com\/fr\/387955\/","title":{"rendered":"Apr\u00e8s la lourde d\u00e9faite face au PSG, le Toulouse FC se dresse sur la route du Lille d&rsquo;Olivier Giroud"},"content":{"rendered":"<p>            Par<br \/>\n        <strong><br \/>\n            <a href=\"https:\/\/actu.fr\/auteur\/david-saint-sernin\" title=\"Consulter tous les articles de David Saint-Sernin\" rel=\"nofollow noopener\" target=\"_blank\">David Saint-Sernin<\/a><br \/>\n        <\/strong><\/p>\n<p>        Publi\u00e9 le<\/p>\n<p>            13 sept. 2025 \u00e0 15h08        <\/p>\n<p>Dimanche 14\u00a0septembre 2025<a href=\"https:\/\/actu.fr\/tag\/toulouse-football-club-tfc\" rel=\"nofollow noopener\" target=\"_blank\">, le Toulouse FC<\/a> retrouve<a href=\"https:\/\/actu.fr\/tag\/losc-football\" rel=\"nofollow noopener\" target=\"_blank\"> Lille<\/a> lors de la 4e journ\u00e9e de Ligue\u00a01. Apr\u00e8s sa lourde d\u00e9faire face au PSG, les supporters attendent une r\u00e9action d\u2019orgueil des Violets.<\/p>\n<p>M\u00e9fiance face aux attaquants lillois<\/p>\n<p class=\" wall-content\">Pour ce faire, il va falloir resserrer les rangs et barrer la route \u00e0<a href=\"https:\/\/actu.fr\/hauts-de-france\/lille_59350\/losc-les-premiers-mots-dolivier-giroud-apres-sa-magnifique-presentation-lille-cest-un-defi-incroyable_62855642.html\" rel=\"nofollow noopener\" target=\"_blank\"> Olivier Giroud, v\u00e9t\u00e9ran tr\u00e8s efficace du championnat.<\/a><\/p>\n<p class=\" wall-content\">Pour ce d\u00e9placement avec un d\u00e9but de match \u00e0 15h, le TFC retrouve donc l\u2019ancien international auteur de deux buts depuis son arriv\u00e9e. La d\u00e9fense devra \u00e9galement se m\u00e9fier\u00a0d\u2019Hamza Igamane, qui a marqu\u00e9 deux buts pour ses d\u00e9buts avec le LOSC.<\/p>\n<p class=\" wall-content\">Pour ce d\u00e9placement, Carles-Martinez Novell pourra compter sur de nouveaux joueurs. Rafik Messali, le d\u00e9fenseur form\u00e9 au club, \u00e9tait bless\u00e9 depuis le d\u00e9but de saison il sera dans le groupe ce dimanche\u2009:<\/p>\n<p class=\" wall-content\">\u00ab\u2009Il \u00e9tait d\u00e9j\u00e0 proche de pouvoir jouer face au PSG mais nous avons pr\u00e9f\u00e9r\u00e9 \u00eatre patients et ne pas prendre de risque. C\u2019est un joueur important pour nous, il postule \u00e0 une place dans le groupe dimanche\u2009\u00bb.<\/p>\n<p class=\" wall-content\">\n<p>Premi\u00e8re pour Abu Francis\u2009?<\/p>\n<p class=\" wall-content\"><strong>Abu Francis<\/strong>, transfuge du Cercle Bruges cet \u00e9t\u00e9, fera lui aussi partie du groupe.<\/p>\n<p>Vid\u00e9os : en ce moment sur Actu<\/p>\n<p class=\" wall-content\">\u00ab\u00a0Francis a beaucoup d\u2019exp\u00e9rience et de qualit\u00e9s, il est pr\u00eat pour se mesurer \u00e0 la Ligue1 et pr\u00eat \u00e0 aider l\u2019\u00e9quipe. Il sera avec nous \u00e0 Lille\u00a0\u00bb, a indiqu\u00e9 le coach.<\/p>\n<p class=\" wall-content\">\n<p class=\" wall-content\">Toulouse disposera d\u2019un groupe \u00e9toff\u00e9 pour affronter une \u00e9quipe prolifique qui ne lui r\u00e9ussit gu\u00e8re. Les statistiques sont cruelles\u2009: le TFC a perdu 5 de ses 7 derniers matchs contre Lille pour un nul et une d\u00e9faite.<\/p>\n<p class=\" wall-content\">Personnalisez votre actualit\u00e9 en ajoutant vos villes et m\u00e9dias en favori avec <a href=\"https:\/\/moncompte.actu.fr\" title=\"D\u00e9couvez Mon Actu\" rel=\"nofollow noopener\" data-trk=\"{&quot;cta&quot;:{&quot;action&quot;:&quot;https:\\\/\\\/moncompte.actu.fr&quot;,&quot;category&quot;:&quot;mon compte&quot;,&quot;from&quot;:&quot;article footer&quot;,&quot;name&quot;:&quot;Mon actu&quot;,&quot;type&quot;:&quot;cta&quot;}}\" target=\"_blank\">Mon Actu<\/a>.<\/p>\n","protected":false},"excerpt":{"rendered":"Par David Saint-Sernin Publi\u00e9 le 13 sept. 2025 \u00e0 15h08 Dimanche 14\u00a0septembre 2025, le Toulouse FC retrouve Lille&hellip;\n","protected":false},"author":2,"featured_media":387956,"comment_status":"","ping_status":"","sticky":false,"template":"","format":"standard","meta":{"footnotes":""},"categories":[2816],"tags":[1111,11,1777,674,1011,27,12,2680,25,104,2312,4159],"class_list":{"0":"post-387955","1":"post","2":"type-post","3":"status-publish","4":"format-standard","5":"has-post-thumbnail","7":"category-toulouse","8":"tag-actu","9":"tag-actualites","10":"tag-eu","11":"tag-europe","12":"tag-fr","13":"tag-france","14":"tag-news","15":"tag-occitanie","16":"tag-republique-francaise","17":"tag-societe","18":"tag-toulouse","19":"tag-toulouse-football-club-tfc"},"share_on_mastodon":{"url":"https:\/\/pubeurope.com\/@fr\/115197239791432854","error":""},"_links":{"self":[{"href":"https:\/\/www.europesays.com\/fr\/wp-json\/wp\/v2\/posts\/387955","targetHints":{"allow":["GET"]}}],"collection":[{"href":"https:\/\/www.europesays.com\/fr\/wp-json\/wp\/v2\/posts"}],"about":[{"href":"https:\/\/www.europesays.com\/fr\/wp-json\/wp\/v2\/types\/post"}],"author":[{"embeddable":true,"href":"https:\/\/www.europesays.com\/fr\/wp-json\/wp\/v2\/users\/2"}],"replies":[{"embeddable":true,"href":"https:\/\/www.europesays.com\/fr\/wp-json\/wp\/v2\/comments?post=387955"}],"version-history":[{"count":0,"href":"https:\/\/www.europesays.com\/fr\/wp-json\/wp\/v2\/posts\/387955\/revisions"}],"wp:featuredmedia":[{"embeddable":true,"href":"https:\/\/www.europesays.com\/fr\/wp-json\/wp\/v2\/media\/387956"}],"wp:attachment":[{"href":"https:\/\/www.europesays.com\/fr\/wp-json\/wp\/v2\/media?parent=387955"}],"wp:term":[{"taxonomy":"category","embeddable":true,"href":"https:\/\/www.europesays.com\/fr\/wp-json\/wp\/v2\/categories?post=387955"},{"taxonomy":"post_tag","embeddable":true,"href":"https:\/\/www.europesays.com\/fr\/wp-json\/wp\/v2\/tags?post=387955"}],"curies":[{"name":"wp","href":"https:\/\/api.w.org\/{rel}","templated":true}]}}