{"id":387961,"date":"2025-09-13T13:35:12","date_gmt":"2025-09-13T13:35:12","guid":{"rendered":"https:\/\/www.europesays.com\/fr\/387961\/"},"modified":"2025-09-13T13:35:12","modified_gmt":"2025-09-13T13:35:12","slug":"les-riverains-de-laeroport-de-marignane-veulent-reconquerir-leurs-nuits","status":"publish","type":"post","link":"https:\/\/www.europesays.com\/fr\/387961\/","title":{"rendered":"Les riverains de l\u2019a\u00e9roport de Marignane veulent reconqu\u00e9rir leurs nuits"},"content":{"rendered":"<p>Du bruit contre le bruit\u00a0: samedi 13\u00a0septembre, aux alentours de 10h, les ronds-points desservant l\u2019a\u00e9roport Marseille-Provence ont accueilli un ballet klaxonnant d\u2019environ 35 v\u00e9hicules, encadr\u00e9 par la police. Roulant \u00e0 une trentaine de km\/h, les manifestants ont perturb\u00e9 un temps la circulation, avant de repartir direction Marignane. Cette <a href=\"https:\/\/www.laprovence.com\/article\/societe\/266032877169714\/une-operation-escargot-prevue-a-vitrolles-pour-dire-non-aux-vols-de-nuit-a-laeroport-marseille-provence\" target=\"_blank\" rel=\"nofollow noopener\">op\u00e9ration escargot annonc\u00e9e<\/a> \u00e9tait l\u2019\u0153uvre de plusieurs associations et collectifs de riverains en lutte contre les nuisances sonores g\u00e9n\u00e9r\u00e9es par le trafic a\u00e9rien, et en particulier contre les vols de nuit. Justement, apr\u00e8s l\u2019op\u00e9ration, les participants, qu\u2019ils soient issus de CIQ des quartiers nord de Marseille, du Collectif Mistral (rassemblant lui-m\u00eame nombre de structures du pourtour de l\u2019\u00e9tang de Berre) ou de l\u2019association de protection de l\u2019environnement marignanais (Apem) se sont rendus \u00e0 la mairie annexe du Ja\u00ef pour une journ\u00e9e de d\u00e9bats et conf\u00e9rences\u00a0: le 13\u00a0septembre, c\u2019est la <a href=\"https:\/\/www.laprovence.com\/article\/region\/2325344146591714\/vols-de-nuit-une-manifestation-est-en-cours-ce-samedi-matin-a-lentree-de-laeroport-marseille-provence\" target=\"_blank\" rel=\"nofollow noopener\">Journ\u00e9e internationale de lutte contre les vols de nuit.<\/a><\/p>\n<p>En descendant de sa voiture placard\u00e9e, comme les autres, de slogans contre ces nuisances, Denis, qui vit \u00e0 Saint-Andr\u00e9, au nord de Marseille, t\u00e9moigne\u00a0: \u00ab\u00a0Je vis dans ce quartier depuis toujours, et c\u2019est de pire en pire. On est satur\u00e9s, il y a un survol toutes les trois minutes. Cet \u00e9t\u00e9, avec la chaleur, les fen\u00eatres ouvertes, on a encore plus souffert. En d\u00e9c\u00e9l\u00e9ration, avant l\u2019atterrissage, les avions font encore plus de bruit.\u00a0\u00bb Jean-Marc, de l\u2019association Cap au Nord, vit dans le quartier voisin de Saint-Henri\u00a0: \u00ab\u00a0On voit que certains a\u00e9roports font des choses, ici, rien de consid\u00e9rable. Surtout sur les vols de nuit qu\u2019il faut limiter absolument. Sans compter qu\u2019ici, les avions qui passent ne sont pas les plus modernes\u2026\u00a0\u00bb<\/p>\n<p>\u00ab\u00a0Le manque de sommeil r\u00e9current a des effets directs sur la sant\u00e9 physique et mentale\u00a0\u00bb, rappelle <a href=\"https:\/\/www.laprovence.com\/article\/societe\/266032877169714\/une-operation-escargot-prevue-a-vitrolles-pour-dire-non-aux-vols-de-nuit-a-laeroport-marseille-provence\" target=\"_blank\" rel=\"nofollow noopener\">Jalal Samain<\/a>, administrateur de l\u2019Apem en charge des nuisances a\u00e9riennes, avant de d\u00e9rouler la liste des risques que ce manque accro\u00eet\u00a0: hypertension, pathologies cardiovasculaires, diab\u00e8te\u2026 Sans compter les troubles de la concentration, notamment chez les plus jeunes. \u00ab\u00a0Aujourd\u2019hui, quand on parle des vols de nuit, on nous r\u00e9pond \u00e9conomie, d\u00e9plore Jalal Samain. Mais le manque de sommeil a aussi un co\u00fbt social, qui se compte lui aussi en euros. Sans parler des biens immobiliers qui ont perdu 10% de leur valeur autour de l\u2019a\u00e9roport.\u00a0\u00bb<\/p>\n<p>Renouvellement de la flotte et couvre-feu<\/p>\n<p>L\u2019op\u00e9ration symbolique de ce samedi s\u2019inscrit dans le large processus de l\u2019\u00e9tude d\u2019impact selon l\u2019approche \u00e9quilibr\u00e9e\u00a0: le 1er\u00a0juillet, <a href=\"https:\/\/www.laprovence.com\/article\/region\/1719675971332\/les-associations-de-riverains-de-marignane-vitrolles-et-les-pennes-mirabeau-s-unissent-contre-le-bruit-des-avions\" target=\"_blank\" rel=\"nofollow noopener\">trois sc\u00e9narios<\/a> avaient \u00e9t\u00e9 pr\u00e9sent\u00e9s, que les riverains avaient tous refus\u00e9s\u00a0: \u00ab\u00a0Ils ne font qu\u2019ent\u00e9riner la situation actuelle\u00a0\u00bb, observe Jalal Samain, quand Jean-Jacques Evellin, pr\u00e9sident du Collectif Mistral, rappelle\u00a0: \u00ab\u00a0On avait quitt\u00e9 la r\u00e9union.\u00a0\u00bb Finalement, apr\u00e8s r\u00e9daction d\u2019un courrier, le pr\u00e9fet a laiss\u00e9 un d\u00e9lai aux riverains, et le pr\u00e9sident du <a href=\"https:\/\/www.laprovence.com\/article\/region\/71338068176651\/le-collectif-mistral-se-mobilisera-t-il-contre-les-vols-de-nuit-a-laeroport-marseille-provence\" target=\"_blank\" rel=\"nofollow noopener\">Collectif Mistral<\/a> se r\u00e9jouit du travail men\u00e9 entre les diff\u00e9rentes associations, qui a abouti \u00e0 la r\u00e9daction de deux nouveaux sc\u00e9narios, r\u00e9cemment envoy\u00e9s au pr\u00e9fet, dont les associations attendent d\u00e9sormais la r\u00e9ponse.<\/p>\n<p>Le premier, maximaliste, propose l\u2019instauration d\u2019un couvre-feu, l\u2019interdiction des vols de nuit de 10h \u00e0 6h. Le second, plus mod\u00e9r\u00e9, comporte plusieurs axes. D\u2019abord, un point sur le bruit que produisent les avions eux-m\u00eames\u00a0: \u00ab\u00a0\u00c0\u00a0Marignane, on r\u00e9cup\u00e8re les vieux coucous de 40\u00a0ans qui ont un niveau sonore \u00e9norme, continue le pr\u00e9sident. D\u2019autres a\u00e9roports ont d\u00fb mieux n\u00e9gocier\u2026\u00a0\u00bb Il s\u2019agirait donc d\u2019accepter ces avions bruyants pendant deux ans encore, uniquement de 10h \u00e0 minuit. Puis, dans deux ans, de n\u2019autoriser ce cr\u00e9neau qu\u2019\u00e0 des appareils d\u00e9j\u00e0 plus silencieux, dans cinq ans, \u00e0 des avions derni\u00e8re g\u00e9n\u00e9ration, les plus \u00ab\u00a0discrets\u00a0\u00bb.<\/p>\n<p>Les riverains proposent aussi d\u2019interdire les vols programm\u00e9s de 11h \u00e0 minuit (laissant une marge aux vols affichant du retard) et d\u2019instaurer un couvre-feu \u00e0 partir de minuit, jusqu\u2019\u00e0 6h, pour pr\u00e9server le sommeil de la population. \u00ab\u00a0Quand les avions d\u00e9collent au sud, du Rove \u00e0 Gignac, 15\u00a0000 habitants sont concern\u00e9s\u00a0\u00bb, rappelle Jean-Jacques Evellin, qui ajoute que les collectifs de riverains souhaitent aussi peser sur le sch\u00e9ma de coh\u00e9rence territoriale (SCoT) et le plan de pr\u00e9vention bruit environnement, pour d\u00e9finir au mieux les trajectoires des avions et \u00e9viter les survols de zones urbaines.<\/p>\n","protected":false},"excerpt":{"rendered":"Du bruit contre le bruit\u00a0: samedi 13\u00a0septembre, aux alentours de 10h, les ronds-points desservant l\u2019a\u00e9roport Marseille-Provence ont accueilli&hellip;\n","protected":false},"author":2,"featured_media":387962,"comment_status":"","ping_status":"","sticky":false,"template":"","format":"standard","meta":{"footnotes":""},"categories":[2814],"tags":[17,1111,11,52051,1777,674,1011,27,46482,3027,884,8895,12,293,882,16,25,279,2692],"class_list":{"0":"post-387961","1":"post","2":"type-post","3":"status-publish","4":"format-standard","5":"has-post-thumbnail","7":"category-marseille","8":"tag-17","9":"tag-actu","10":"tag-actualites","11":"tag-effets","12":"tag-eu","13":"tag-europe","14":"tag-fr","15":"tag-france","16":"tag-laeroport","17":"tag-manque","18":"tag-marseille","19":"tag-marseille-provence","20":"tag-news","21":"tag-nuit","22":"tag-provence-alpes-cote-dazur","23":"tag-region","24":"tag-republique-francaise","25":"tag-sommeil","26":"tag-vols"},"share_on_mastodon":{"url":"https:\/\/pubeurope.com\/@fr\/115197255660461952","error":""},"_links":{"self":[{"href":"https:\/\/www.europesays.com\/fr\/wp-json\/wp\/v2\/posts\/387961","targetHints":{"allow":["GET"]}}],"collection":[{"href":"https:\/\/www.europesays.com\/fr\/wp-json\/wp\/v2\/posts"}],"about":[{"href":"https:\/\/www.europesays.com\/fr\/wp-json\/wp\/v2\/types\/post"}],"author":[{"embeddable":true,"href":"https:\/\/www.europesays.com\/fr\/wp-json\/wp\/v2\/users\/2"}],"replies":[{"embeddable":true,"href":"https:\/\/www.europesays.com\/fr\/wp-json\/wp\/v2\/comments?post=387961"}],"version-history":[{"count":0,"href":"https:\/\/www.europesays.com\/fr\/wp-json\/wp\/v2\/posts\/387961\/revisions"}],"wp:featuredmedia":[{"embeddable":true,"href":"https:\/\/www.europesays.com\/fr\/wp-json\/wp\/v2\/media\/387962"}],"wp:attachment":[{"href":"https:\/\/www.europesays.com\/fr\/wp-json\/wp\/v2\/media?parent=387961"}],"wp:term":[{"taxonomy":"category","embeddable":true,"href":"https:\/\/www.europesays.com\/fr\/wp-json\/wp\/v2\/categories?post=387961"},{"taxonomy":"post_tag","embeddable":true,"href":"https:\/\/www.europesays.com\/fr\/wp-json\/wp\/v2\/tags?post=387961"}],"curies":[{"name":"wp","href":"https:\/\/api.w.org\/{rel}","templated":true}]}}