{"id":387963,"date":"2025-09-13T13:36:11","date_gmt":"2025-09-13T13:36:11","guid":{"rendered":"https:\/\/www.europesays.com\/fr\/387963\/"},"modified":"2025-09-13T13:36:11","modified_gmt":"2025-09-13T13:36:11","slug":"pres-de-lyon-un-important-dispositif-de-police-deploye-pour-un-cortege-de-mariage","status":"publish","type":"post","link":"https:\/\/www.europesays.com\/fr\/387963\/","title":{"rendered":"Pr\u00e8s de Lyon : un important dispositif de police d\u00e9ploy\u00e9 pour un cort\u00e8ge de mariage\u00a0"},"content":{"rendered":"<p>Vendredi 12 septembre, la police a verbalis\u00e9 une trentaine de voitures lors d&rsquo;un cort\u00e8ge de mariage \u00e0 Rillieux-la-Pape, pr\u00e8s de Lyon. Un important dispositif de s\u00e9curit\u00e9 a \u00e9t\u00e9 d\u00e9ploy\u00e9 sur la commune.<\/p>\n<p>Un mariage a provoqu\u00e9 une certaine agitation dans les rues de la commune. Vendredi 12 septembre, une trentaine de grosses voitures a travers\u00e9 <b>Rillieux-la-Pape<\/b>.<\/p>\n<p>Le cort\u00e8ge de mariage a oblig\u00e9 la police \u00e0 d\u00e9ployer <b>un important dispositif de s\u00e9curit\u00e9<\/b> sur toute la journ\u00e9e.<\/p>\n<p>Une trentaine de verbalisation \u00e0 Rillieux-la-Pape<\/p>\n<p>Selon <a class=\"url\" href=\"https:\/\/www.leprogres.fr\/faits-divers-justice\/2025\/09\/12\/grosses-cylindrees-de-location-dans-un-cortege-de-mariage-33-verbalisations-a-rillieux-la-pape\" target=\"_blank\" rel=\"nofollow noopener\">Le Progr\u00e8s<\/a>, la trentaine de v\u00e9hicules de location, immatricul\u00e9es \u00e0 l&rsquo;\u00e9tranger pour la plupart, a ensuite pris la route de Saint-Priest vendredi apr\u00e8s-midi.<\/p>\n<p>Deux v\u00e9hicules ont aussi \u00e9t\u00e9 plac\u00e9s en fourri\u00e8re \u00e0\u00a0Fontaines-sur-Sa\u00f4ne, dont l&rsquo;un pour conduite sous stup\u00e9fiants.<\/p>\n<p>Au total, les forces de l&rsquo;ordre ont r\u00e9alis\u00e9 <b>33 verbalisations<\/b>, en majorit\u00e9 pour des stationnements g\u00eanants.<\/p>\n<p><img loading=\"lazy\" decoding=\"async\" src=\"https:\/\/www.europesays.com\/fr\/wp-content\/uploads\/2025\/09\/1757770571_55_img\" width=\"350\" height=\"200\" border=\"0\" title=\"Une violente dispute conjugale a \u00c3\u00a9clat\u00c3\u00a9 \u00c3\u00a0 Lyon : un homme et une femme bless\u00c3\u00a9s au couteau\"\/><\/p>\n<p>\u25baFaits divers<\/p>\n<p style=\"font-size: 22px;\"><b>Dispute conjugale et coups de couteau \u00e0 Lyon : un homme et une femme bless\u00e9s<\/b><\/p>\n<p>Dans la nuit de jeudi \u00e0 vendredi, rue Maryse Basti\u00e9,&#8230;<\/p>\n<p><\/p>\n","protected":false},"excerpt":{"rendered":"Vendredi 12 septembre, la police a verbalis\u00e9 une trentaine de voitures lors d&rsquo;un cort\u00e8ge de mariage \u00e0 Rillieux-la-Pape,&hellip;\n","protected":false},"author":2,"featured_media":302434,"comment_status":"","ping_status":"","sticky":false,"template":"","format":"standard","meta":{"footnotes":""},"categories":[1889],"tags":[1111,11,2430,36880,1777,674,6017,1011,27,2428,12,1072,25,17092],"class_list":{"0":"post-387963","1":"post","2":"type-post","3":"status-publish","4":"format-standard","5":"has-post-thumbnail","7":"category-lyon","8":"tag-actu","9":"tag-actualites","10":"tag-auvergne-rhone-alpes","11":"tag-cortge-de-mariage","12":"tag-eu","13":"tag-europe","14":"tag-fait-divers","15":"tag-fr","16":"tag-france","17":"tag-lyon","18":"tag-news","19":"tag-police","20":"tag-republique-francaise","21":"tag-rillieux-la-pape"},"share_on_mastodon":{"url":"https:\/\/pubeurope.com\/@fr\/115197259962670295","error":""},"_links":{"self":[{"href":"https:\/\/www.europesays.com\/fr\/wp-json\/wp\/v2\/posts\/387963","targetHints":{"allow":["GET"]}}],"collection":[{"href":"https:\/\/www.europesays.com\/fr\/wp-json\/wp\/v2\/posts"}],"about":[{"href":"https:\/\/www.europesays.com\/fr\/wp-json\/wp\/v2\/types\/post"}],"author":[{"embeddable":true,"href":"https:\/\/www.europesays.com\/fr\/wp-json\/wp\/v2\/users\/2"}],"replies":[{"embeddable":true,"href":"https:\/\/www.europesays.com\/fr\/wp-json\/wp\/v2\/comments?post=387963"}],"version-history":[{"count":0,"href":"https:\/\/www.europesays.com\/fr\/wp-json\/wp\/v2\/posts\/387963\/revisions"}],"wp:featuredmedia":[{"embeddable":true,"href":"https:\/\/www.europesays.com\/fr\/wp-json\/wp\/v2\/media\/302434"}],"wp:attachment":[{"href":"https:\/\/www.europesays.com\/fr\/wp-json\/wp\/v2\/media?parent=387963"}],"wp:term":[{"taxonomy":"category","embeddable":true,"href":"https:\/\/www.europesays.com\/fr\/wp-json\/wp\/v2\/categories?post=387963"},{"taxonomy":"post_tag","embeddable":true,"href":"https:\/\/www.europesays.com\/fr\/wp-json\/wp\/v2\/tags?post=387963"}],"curies":[{"name":"wp","href":"https:\/\/api.w.org\/{rel}","templated":true}]}}