{"id":387964,"date":"2025-09-13T13:37:17","date_gmt":"2025-09-13T13:37:17","guid":{"rendered":"https:\/\/www.europesays.com\/fr\/387964\/"},"modified":"2025-09-13T13:37:17","modified_gmt":"2025-09-13T13:37:17","slug":"le-marche-des-tupiniers-bat-son-plein-dans-le-vieux-lyon","status":"publish","type":"post","link":"https:\/\/www.europesays.com\/fr\/387964\/","title":{"rendered":"le march\u00e9 des Tupiniers bat son plein dans le Vieux-Lyon"},"content":{"rendered":"<p>L\u2019association des Tupiniers du Vieux-Lyon donne rendez-vous aux curieux et amateurs de c\u00e9ramique,\u00a0place Saint-Jean (Lyon 5e), pour son 40e march\u00e9 des potiers. Des centaines de visiteurs\u00a0profitent d\u00e9j\u00e0\u00a0des cr\u00e9ations et du savoir-faire omnipr\u00e9sents,\u00a0gr\u00e2ce aux\u00a0120 c\u00e9ramistes venus de toute l\u2019Europe. Ce samedi 13 septembre au matin, Le Progr\u00e8s a sillonn\u00e9 le march\u00e9, qui\u00a0restera en place dimanche.<\/p>\n","protected":false},"excerpt":{"rendered":"L\u2019association des Tupiniers du Vieux-Lyon donne rendez-vous aux curieux et amateurs de c\u00e9ramique,\u00a0place Saint-Jean (Lyon 5e), pour son&hellip;\n","protected":false},"author":2,"featured_media":387965,"comment_status":"","ping_status":"","sticky":false,"template":"","format":"standard","meta":{"footnotes":""},"categories":[1889],"tags":[1111,11,2430,1687,2757,1777,674,1011,27,2798,2428,15658,15657,12,2661,25,2429],"class_list":{"0":"post-387964","1":"post","2":"type-post","3":"status-publish","4":"format-standard","5":"has-post-thumbnail","7":"category-lyon","8":"tag-actu","9":"tag-actualites","10":"tag-auvergne-rhone-alpes","11":"tag-culture-loisirs","12":"tag-edition-lyon-villeurbanne","13":"tag-eu","14":"tag-europe","15":"tag-fr","16":"tag-france","17":"tag-galerie-photo","18":"tag-lyon","19":"tag-lyon-5e","20":"tag-lyon-5e-arrondissement","21":"tag-news","22":"tag-patrimoine-culturel","23":"tag-republique-francaise","24":"tag-rhone"},"share_on_mastodon":{"url":"https:\/\/pubeurope.com\/@fr\/115197263369091847","error":""},"_links":{"self":[{"href":"https:\/\/www.europesays.com\/fr\/wp-json\/wp\/v2\/posts\/387964","targetHints":{"allow":["GET"]}}],"collection":[{"href":"https:\/\/www.europesays.com\/fr\/wp-json\/wp\/v2\/posts"}],"about":[{"href":"https:\/\/www.europesays.com\/fr\/wp-json\/wp\/v2\/types\/post"}],"author":[{"embeddable":true,"href":"https:\/\/www.europesays.com\/fr\/wp-json\/wp\/v2\/users\/2"}],"replies":[{"embeddable":true,"href":"https:\/\/www.europesays.com\/fr\/wp-json\/wp\/v2\/comments?post=387964"}],"version-history":[{"count":0,"href":"https:\/\/www.europesays.com\/fr\/wp-json\/wp\/v2\/posts\/387964\/revisions"}],"wp:featuredmedia":[{"embeddable":true,"href":"https:\/\/www.europesays.com\/fr\/wp-json\/wp\/v2\/media\/387965"}],"wp:attachment":[{"href":"https:\/\/www.europesays.com\/fr\/wp-json\/wp\/v2\/media?parent=387964"}],"wp:term":[{"taxonomy":"category","embeddable":true,"href":"https:\/\/www.europesays.com\/fr\/wp-json\/wp\/v2\/categories?post=387964"},{"taxonomy":"post_tag","embeddable":true,"href":"https:\/\/www.europesays.com\/fr\/wp-json\/wp\/v2\/tags?post=387964"}],"curies":[{"name":"wp","href":"https:\/\/api.w.org\/{rel}","templated":true}]}}