{"id":387985,"date":"2025-09-13T13:49:19","date_gmt":"2025-09-13T13:49:19","guid":{"rendered":"https:\/\/www.europesays.com\/fr\/387985\/"},"modified":"2025-09-13T13:49:19","modified_gmt":"2025-09-13T13:49:19","slug":"un-des-niveaux-les-plus-faibles-deurope-du-tabac-a-lalcool-les-jeunes-francais-levent-le-pied","status":"publish","type":"post","link":"https:\/\/www.europesays.com\/fr\/387985\/","title":{"rendered":"\u00ab\u00a0Un des niveaux les plus faibles d&rsquo;Europe\u00a0\u00bb : du tabac \u00e0 l&rsquo;alcool, les jeunes fran\u00e7ais l\u00e8vent le pied"},"content":{"rendered":"<ul class=\"jsx-862013697 ArticleChapo__List\">\n<li class=\"jsx-862013697 ArticleChapo__List_Item flex\">La consommation de tabac, alcool et substances illicites est en forte baisse en France chez les jeunes de 16 ans.<\/li>\n<li class=\"jsx-862013697 ArticleChapo__List_Item flex\">Le pays est \u00ab\u00a0en dessous de la moyenne europ\u00e9enne pour l&rsquo;ensemble des facteurs d&rsquo;usage\u00a0\u00bb.<\/li>\n<\/ul>\n<p><a href=\"https:\/\/www.tf1info.fr\/emissions\/lci\/la-matinale-14333\/\" rel=\"noopener\" class=\"jsx-484472199 Link jsx-1428418400 jsx-640816507\" target=\"_blank\"><\/p>\n<p style=\"font-weight:400\" class=\"jsx-1837267516\">Suivez la couverture compl\u00e8te<\/p>\n<p style=\"font-weight:800\" class=\"jsx-1837267516\">La Matinale<\/p>\n<p><\/a><\/p>\n<p data-module=\"article-paragraph\" class=\"jsx-3046738180 Paragraph\"><a href=\"https:\/\/www.tf1info.fr\/societe\/chiffres-addiction-tabac-alcool-et-cannabis-drogues-la-consommation-des-adolescents-en-forte-baisse-en-france-2393956.html\" target=\"_blank\" rel=\"noopener\">Tabac, alcool, cannabis<\/a>&#8230; Les jeunes fran\u00e7ais de 16 ans consomment moins ces substances souvent addictives que le reste de l&rsquo;Europe. Selon une \u00e9tude de <a href=\"https:\/\/www.ofdt.fr\/publication\/2025\/les-usages-de-drogues-en-europe-16-ans-resultats-espad-2024-2608\" target=\"_blank\" rel=\"nofollow noopener\">l&rsquo;European School Survey Project on Alcohol and other Drugs (nouvelle fen\u00eatre)<\/a> (ESPAD), r\u00e9alis\u00e9e sur 37 pays entre avril et juin 2024, publi\u00e9e le 11 septembre dernier, la consommation fran\u00e7aise connait une grande baisse. La France est \u00ab\u00a0en dessous de la moyenne europ\u00e9enne pour l&rsquo;ensemble des facteurs d&rsquo;usage\u00a0\u00bb. Voici les d\u00e9tails du rapport.<\/p>\n<p data-module=\"article-paragraph\" class=\"jsx-3046738180 Paragraph Paragraph__End\">En 2024, un jeune sur cinq a d\u00e9j\u00e0 exp\u00e9riment\u00e9 le <a href=\"https:\/\/www.tf1info.fr\/economie\/video-lci-trafic-de-tabac-comment-la-gendarmerie-a-demantele-un-vaste-reseau-2382083.html\" target=\"_blank\" rel=\"noopener\">tabac<\/a>, soit \u00ab\u00a0un des niveaux les plus faibles d\u2019Europe\u00a0\u00bb. La part des adolescents fumant tous les jours a \u00e9t\u00e9 divis\u00e9e par cinq entre 2015 (16% des jeunes) et 2024 (3,1%). Du c\u00f4t\u00e9 de l&rsquo;alcool, \u00ab\u00a0la France figure dans le tiers des pays europ\u00e9ens affichant la plus faible consommation de boissons alcoolis\u00e9es\u00a0\u00bb, indique l&rsquo;\u00e9tude. Si 68% des jeunes ont d\u00e9j\u00e0 go\u00fbt\u00e9 \u00e0 de l&rsquo;alcool, c&rsquo;est moins que la moyenne europ\u00e9enne (dont les deux tiers des pays d\u00e9passent 70%).<\/p>\n<p><a href=\"https:\/\/www.tf1info.fr\/societe\/voici-ce-que-l-evolution-humaine-dit-sur-la-consommation-d-alcool-2392713.html\" rel=\"noopener\" class=\"jsx-3308031228 Link flex\" target=\"_blank\"><img decoding=\"async\" src=\"https:\/\/www.europesays.com\/fr\/wp-content\/uploads\/2025\/09\/racines-conso-alcool-4cec12-0@1x.jpeg\" alt=\"Getty Images\" loading=\"lazy\" importance=\"low\" fetchpriority=\"low\" class=\"\" aria-hidden=\"true\"\/><\/p>\n<p class=\"jsx-3657663356 ReadMoreArticle__Title\">Lire aussi<\/p>\n<p class=\"jsx-3657663356\">Voici ce que l\u2019\u00e9volution humaine dit sur notre consommation d\u2019alcool<\/p>\n<p><\/a><\/p>\n<p data-module=\"article-paragraph\" class=\"jsx-3046738180 Paragraph\">Il en va de m\u00eame pour la consommation de cannabis. \u00ab\u00a0La France compte d\u00e9sormais parmi les pays o\u00f9 les jeunes de 16 ans consomment le moins de cannabis\u00a0\u00bb, explique le rapport. L&rsquo;initiation \u00e0 cette substance a \u00e9t\u00e9 \u00ab\u00a0divis\u00e9e par trois en dix ans, passant de 31% en 2015 \u00e0 8,4% en 2024\u00a0\u00bb. Alors que dans les autres pays europ\u00e9ens, la tendance est plut\u00f4t stable. Et l&rsquo;usage r\u00e9gulier \u2013 au cours d&rsquo;un mois \u2013 conna\u00eet \u00e9galement une forte baisse en France : il passe de 17% \u00e0 4,3%, \u00ab\u00a0son niveau le plus bas depuis 25 ans\u00a0\u00bb.<\/p>\n<p data-module=\"article-paragraph\" class=\"jsx-3046738180 Paragraph Paragraph__End\">Pour ce qui est des autres substances illicites, comme la coca\u00efne ou la MDMA, la tendance est aussi \u00e0 la baisse : \u00ab\u00a0Sur dix ans, la proportion de jeunes ayant exp\u00e9riment\u00e9 au moins une drogue illicite autre que le cannabis a nettement recul\u00e9, passant de 7,5 % en 2015 \u00e0 3,8 % en 2024.\u00a0\u00bb<\/p>\n<p>Ga\u00eblle SHEEHAN<\/p>\n","protected":false},"excerpt":{"rendered":"La consommation de tabac, alcool et substances illicites est en forte baisse en France chez les jeunes de&hellip;\n","protected":false},"author":2,"featured_media":387986,"comment_status":"","ping_status":"","sticky":false,"template":"","format":"standard","meta":{"footnotes":""},"categories":[1586],"tags":[1111,11,1921,3675,1777,674,1011,27,1922,6225,12,25,6582,133,5642],"class_list":{"0":"post-387985","1":"post","2":"type-post","3":"status-publish","4":"format-standard","5":"has-post-thumbnail","7":"category-europe","8":"tag-actu","9":"tag-actualites","10":"tag-article-video","11":"tag-cannabis","12":"tag-eu","13":"tag-europe","14":"tag-fr","15":"tag-france","16":"tag-info","17":"tag-la-matinale","18":"tag-news","19":"tag-republique-francaise","20":"tag-tabac","21":"tag-video","22":"tag-video-economie"},"share_on_mastodon":{"url":"https:\/\/pubeurope.com\/@fr\/115197311103066288","error":""},"_links":{"self":[{"href":"https:\/\/www.europesays.com\/fr\/wp-json\/wp\/v2\/posts\/387985","targetHints":{"allow":["GET"]}}],"collection":[{"href":"https:\/\/www.europesays.com\/fr\/wp-json\/wp\/v2\/posts"}],"about":[{"href":"https:\/\/www.europesays.com\/fr\/wp-json\/wp\/v2\/types\/post"}],"author":[{"embeddable":true,"href":"https:\/\/www.europesays.com\/fr\/wp-json\/wp\/v2\/users\/2"}],"replies":[{"embeddable":true,"href":"https:\/\/www.europesays.com\/fr\/wp-json\/wp\/v2\/comments?post=387985"}],"version-history":[{"count":0,"href":"https:\/\/www.europesays.com\/fr\/wp-json\/wp\/v2\/posts\/387985\/revisions"}],"wp:featuredmedia":[{"embeddable":true,"href":"https:\/\/www.europesays.com\/fr\/wp-json\/wp\/v2\/media\/387986"}],"wp:attachment":[{"href":"https:\/\/www.europesays.com\/fr\/wp-json\/wp\/v2\/media?parent=387985"}],"wp:term":[{"taxonomy":"category","embeddable":true,"href":"https:\/\/www.europesays.com\/fr\/wp-json\/wp\/v2\/categories?post=387985"},{"taxonomy":"post_tag","embeddable":true,"href":"https:\/\/www.europesays.com\/fr\/wp-json\/wp\/v2\/tags?post=387985"}],"curies":[{"name":"wp","href":"https:\/\/api.w.org\/{rel}","templated":true}]}}