{"id":388009,"date":"2025-09-13T14:04:29","date_gmt":"2025-09-13T14:04:29","guid":{"rendered":"https:\/\/www.europesays.com\/fr\/388009\/"},"modified":"2025-09-13T14:04:29","modified_gmt":"2025-09-13T14:04:29","slug":"le-mahj-revele-la-photographe-denise-bellon-compagne-du-surrealisme","status":"publish","type":"post","link":"https:\/\/www.europesays.com\/fr\/388009\/","title":{"rendered":"Le mahJ r\u00e9v\u00e8le la photographe Denise Bellon, compagne du surr\u00e9alisme"},"content":{"rendered":"<p class=\"editor-content__paragraph\">D\u00e9sert de Retz, \u00e0 Chambourcy, 1960. Sur une <strong>photographie en noir et blanc<\/strong>, un groupe d\u2019hommes et de femmes pose sous les arbres, le visage occult\u00e9 par un masque blanc. Une autre photographie les montre \u00e0 visage d\u00e9couvert. On reconna\u00eet alors <strong>Andr\u00e9 et Elisa Breton, Joyce Mansour, <a href=\"https:\/\/www.beauxarts.com\/grand-format\/toyen-en-2-minutes\/\" target=\"_blank\" rel=\"noopener\">Toyen<\/a><\/strong>, Mimi Parent, Jean Beno\u00eet, Radovan Iv\u0161i\u0107\u2026 La <strong>com\u00e8te <a href=\"https:\/\/www.beauxarts.com\/grand-format\/le-surrealisme-en-3-minutes\/\" target=\"_blank\" rel=\"noopener\">surr\u00e9aliste<\/a><\/strong> au complet. L\u2019auteur de ces images\u00a0? <strong>Denise Bellon<\/strong>.<\/p>\n<p class=\"editor-content__paragraph\">Elle fait partie de la galaxie surr\u00e9aliste depuis la premi\u00e8re heure, mais aujourd\u2019hui encore peu de personnes connaissent son nom ni ne mesurent <strong>l\u2019importance de son \u0153uvre photographique<\/strong>. Une exposition au<strong> mus\u00e9e d\u2019Art et d\u2019Histoire du juda\u00efsme<\/strong> (mahJ) rectifie le tir.<\/p>\n<p>    <img loading=\"lazy\" decoding=\"async\" class=\"image__img\" src=\"https:\/\/www.europesays.com\/fr\/wp-content\/uploads\/2025\/09\/webdesert_retz_akg10595127-964x1031.jpg\" alt=\"Denise Bellon, Le groupe surr\u00e9aliste avec masques au d\u00e9sert de Retz\" width=\"964\" height=\"1031\"\/><\/p>\n<p>Denise Bellon, Le groupe surr\u00e9aliste avec masques au d\u00e9sert de Retz, avril 1960<\/p>\n<p>    i<\/p>\n<p class=\"legende__cartel\">tirage d\u2019\u00e9poque \u2022 \u00a9 Denise Bellon \/ akg-images<\/p>\n<p class=\"editor-content__paragraph editor-content__paragraph--is-hidden\">\u00ab\u00a0Denise Bellon a<strong> document\u00e9 les expositions et les actions des surr\u00e9alistes<\/strong> de 1938 \u00e0 1965, explique \u00c9ric Le Roy, ayant droit de l\u2019artiste et co-commissaire de l\u2019exposition avec Nicolas Feuillie, responsable des collections photographiques du mus\u00e9e. Ses photos figurent dans les livres d\u2019histoire de l\u2019art mais on n\u2019a pas toujours pr\u00eat\u00e9 attention \u00e0 sa signature, m\u00eame si ses images \u00e9taient cr\u00e9dit\u00e9es. Quant \u00e0 l\u2019autre partie de sa production, <strong>plus tourn\u00e9e vers le photoreportage<\/strong>, elle est tr\u00e8s importante aussi puisqu\u2019\u00e0 travers ses nombreux sujets publi\u00e9s dans <strong>de grands magazines de l\u2019entre-deux-guerres<\/strong> tels que Match, Vu ou Regards, elle a <strong>particip\u00e9 \u00e0 la construction de l\u2019imaginaire des ann\u00e9es 1930<\/strong>\u00a0: la lib\u00e9ration des corps, le front populaire, les voyages, les loisirs, la colonisation\u2026\u00a0\u00bb<\/p>\n<p>            <strong>Continuez votre lecture<\/strong><\/p>\n<p>\n                et acc\u00e9dez \u00e0 Beaux Arts Magazine<br \/>et \u00e0 tous les contenus web<br \/><strong>en illimit\u00e9 \u00e0 partir de 5,75\u20ac \/ mois<\/strong>\n            <\/p>\n<p class=\"cta-abonnement__log-in\">\n        D\u00e9j\u00e0 abonn\u00e9 ?        <a data-id=\"aHR0cHM6Ly93d3cuYmVhdXhhcnRzLmNvbS9tb24tY29tcHRlLw==\">Connectez-vous<\/a>\n    <\/p>\n<p>            <img data-vllblanksrc=\"https:\/\/www.beauxarts.com\/expos\/denise-bellon-la-compagne-discrete-du-surrealisme-au-musee-dart-et-dhistoire-du-judaisme\/1\" data-vllsrc=\"https:\/\/www.europesays.com\/fr\/wp-content\/uploads\/2025\/08\/bam495_ciouv_page_001-232x300.jpg\" alt=\"\"\/><img data-vllblanksrc=\"https:\/\/www.beauxarts.com\/expos\/denise-bellon-la-compagne-discrete-du-surrealisme-au-musee-dart-et-dhistoire-du-judaisme\/1\" data-vllsrc=\"https:\/\/www.europesays.com\/fr\/wp-content\/uploads\/2025\/06\/couv-bam-493-494-232x300.png\" alt=\"\"\/>        <\/p>\n","protected":false},"excerpt":{"rendered":"D\u00e9sert de Retz, \u00e0 Chambourcy, 1960. Sur une photographie en noir et blanc, un groupe d\u2019hommes et de&hellip;\n","protected":false},"author":2,"featured_media":388010,"comment_status":"","ping_status":"","sticky":false,"template":"","format":"standard","meta":{"footnotes":""},"categories":[1358],"tags":[12870,1348,1384,1385,52055,1386,58,59,1011,27,52054,1756],"class_list":{"0":"post-388009","1":"post","2":"type-post","3":"status-publish","4":"format-standard","5":"has-post-thumbnail","7":"category-arts-et-design","8":"tag-art-moderne","9":"tag-arts","10":"tag-arts-and-design","11":"tag-arts-et-design","12":"tag-denise-bellon","13":"tag-design","14":"tag-divertissement","15":"tag-entertainment","16":"tag-fr","17":"tag-france","18":"tag-musee-dart-et-dhistoire-du-judaisme","19":"tag-photographie"},"share_on_mastodon":{"url":"https:\/\/pubeurope.com\/@fr\/115197370367521230","error":""},"_links":{"self":[{"href":"https:\/\/www.europesays.com\/fr\/wp-json\/wp\/v2\/posts\/388009","targetHints":{"allow":["GET"]}}],"collection":[{"href":"https:\/\/www.europesays.com\/fr\/wp-json\/wp\/v2\/posts"}],"about":[{"href":"https:\/\/www.europesays.com\/fr\/wp-json\/wp\/v2\/types\/post"}],"author":[{"embeddable":true,"href":"https:\/\/www.europesays.com\/fr\/wp-json\/wp\/v2\/users\/2"}],"replies":[{"embeddable":true,"href":"https:\/\/www.europesays.com\/fr\/wp-json\/wp\/v2\/comments?post=388009"}],"version-history":[{"count":0,"href":"https:\/\/www.europesays.com\/fr\/wp-json\/wp\/v2\/posts\/388009\/revisions"}],"wp:featuredmedia":[{"embeddable":true,"href":"https:\/\/www.europesays.com\/fr\/wp-json\/wp\/v2\/media\/388010"}],"wp:attachment":[{"href":"https:\/\/www.europesays.com\/fr\/wp-json\/wp\/v2\/media?parent=388009"}],"wp:term":[{"taxonomy":"category","embeddable":true,"href":"https:\/\/www.europesays.com\/fr\/wp-json\/wp\/v2\/categories?post=388009"},{"taxonomy":"post_tag","embeddable":true,"href":"https:\/\/www.europesays.com\/fr\/wp-json\/wp\/v2\/tags?post=388009"}],"curies":[{"name":"wp","href":"https:\/\/api.w.org\/{rel}","templated":true}]}}