{"id":38803,"date":"2025-04-20T11:51:12","date_gmt":"2025-04-20T11:51:12","guid":{"rendered":"https:\/\/www.europesays.com\/fr\/38803\/"},"modified":"2025-04-20T11:51:12","modified_gmt":"2025-04-20T11:51:12","slug":"metropole-de-lille-quels-magasins-seront-ouverts-pour-ce-lundi-de-paques","status":"publish","type":"post","link":"https:\/\/www.europesays.com\/fr\/38803\/","title":{"rendered":"M\u00e9tropole de Lille. Quels magasins seront ouverts pour ce lundi de P\u00e2ques\u00a0?"},"content":{"rendered":"<p>            Par<br \/>\n        <strong><br \/>\n            <a href=\"https:\/\/actu.fr\/auteur\/hervine-mahaud\" title=\"Consulter tous les articles de Hervine Mahaud\" rel=\"nofollow noopener\" target=\"_blank\">Hervine Mahaud<\/a><br \/>\n        <\/strong><\/p>\n<p>        Publi\u00e9 le<\/p>\n<p>            20 avr. 2025 \u00e0 8h20        <\/p>\n<p>Envie de profiter de votre <b>jour f\u00e9ri\u00e9<\/b> pour faire du <b>shopping<\/b> ou quelques courses dans la <b>m\u00e9tropole de Lille<\/b> ? La r\u00e9dac\u2019 vous dresse une liste (non exhaustive) des <b>magasins<\/b>, <b>boutiques<\/b> et <b>commerces<\/b> pr\u00eats \u00e0 vous accueillir ce <b>lundi de P\u00e2ques, le 21 avril 2025<\/b>.\u00a0<\/p>\n<p>Les magasins ouverts \u00e0 Lille<\/p>\n<p class=\" wall-content\">\u00c0 Lille, voici les magasins qui seront ouverts :\u00a0<\/p>\n<ul class=\" wall-content\">\n<li><b>Westfield Euralille<\/b> : les boutiques de 10h \u00e0 19h, Carrefour de 9h \u00e0 20h ;<\/li>\n<li><b>Lillenium<\/b> : le p\u00f4le loisirs (Smallicieux, <a href=\"https:\/\/actu.fr\/hauts-de-france\/lille_59350\/lille-un-musee-interactif-avec-de-gigantesques-dinosaures-sinstalle-au-centre-commercial-lillenium_62416963.html\" rel=\"nofollow noopener\" target=\"_blank\">Jurassic Safari<\/a>, Basic Fit) sera ouvert mais les boutiques seront ferm\u00e9es, Leclerc de 8h30 \u00e0 13h ;<\/li>\n<li><b>Printemps<\/b> : de 10h30 \u00e0 19h30 ;<\/li>\n<li><b>Fnac<\/b> : de 11h \u00e0 19h.<\/li>\n<\/ul>\n<p class=\" wall-content\">Dans le <b>centre-ville<\/b> (<b>rue de B\u00e9thune, rue Faidherbe, rue Pierre Mauroy, rue du Molinel<\/b>\u2026) et dans le <b>Vieux-Lille<\/b>, plusieurs boutiques devraient aussi \u00eatre ouvertes.\u00a0<\/p>\n<p>Ailleurs dans la m\u00e9tropole<\/p>\n<p class=\" wall-content\">\u00c0 la recherche de bonnes affaires ? Alors direction <b>Roubaix<\/b> et ses <b>magasins d\u2019usine<\/b>. Les deux <b>centres outlet<\/b> seront ouverts. <a href=\"https:\/\/actu.fr\/hauts-de-france\/roubaix_59512\/roubaix-ces-deux-nouvelles-enseignes-ouvrent-tres-bientot-dans-le-centre-commercial-mcarthurglen_62397750.html\" rel=\"nofollow noopener\" target=\"_blank\">McArthurGlen, qui a accueilli de nouvelles enseignes<\/a>, sera ouvert de 10h \u00e0 19h, tout comme <b>L\u2019Usine<\/b>.<\/p>\n<p>Vid\u00e9os : en ce moment sur Actu<\/p>\n<p class=\" wall-content\">Voici les horaires des autres centres commerciaux de la m\u00e9tropole lilloise :<\/p>\n<ul class=\" wall-content\">\n<li><b>Centre commercial V2 Villeneuve-d\u2019Ascq<\/b> : Auchan ouvert de 8h30 \u00e0 20h. Les boutiques seront ouvertes de 10h \u00e0 19h ;<\/li>\n<li><b>Espace Grand Rue \u00e0 Roubaix<\/b> : Leclerc sera ouvert de 10h \u00e0 18h. La galerie commerciale sera ouverte de 10h \u00e0 18h ;<\/li>\n<li><b>Espace Saint-Christophe \u00e0 Tourcoing<\/b> : Auchan ouvert de 9h \u00e0 13h. La galerie commerciale sera ouverte de 10h \u00e0 18h ;<\/li>\n<li><b>Centre commercial Englos Les G\u00e9ants<\/b> : Auchan ouvert de 8h30 \u00e0 20h. La galerie sera ouverte de 9h30 \u00e0 19h ;<\/li>\n<li><b>Centre commercial Faches-Thumesnil<\/b> : Auchan ouvert de 8h30 \u00e0 20h. La galerie sera ouverte de 9h30 \u00e0 19h ;<\/li>\n<li><b>Centre commercial Leers<\/b> : Auchan ouvert de 8h30 \u00e0 20h. Le centre sera ouvert de 9h30 \u00e0 19h ;<\/li>\n<li><b>Centre commercial Promenade de Flandre<\/b> : Auchan Roncq ouvert de 8h30 \u00e0 20h. La galerie et la promenade seront ouvertes de 10h \u00e0 19h ;<\/li>\n<li><b>Centre commercial Carrefour Wasquehal<\/b> : hypermarch\u00e9 ouvert de 8h30 \u00e0 20h. Les boutiques seront ouvertes.<\/li>\n<\/ul>\n<p class=\" wall-content\">Par ailleurs, <b>Famiflora<\/b> \u00e0 <b>Mouscron<\/b> (Belgique) sera ouvert de 8h \u00e0 19h, et le <b>Btwin Village de Lille<\/b> sera ouvert de 10h \u00e0 19h. Bon shopping !<\/p>\n<p class=\" wall-content\">Suivez toute l\u2019actualit\u00e9 de vos villes et m\u00e9dias favoris en vous inscrivant \u00e0 <a href=\"https:\/\/moncompte.actu.fr\" title=\"D\u00e9couvez Mon Actu\" rel=\"nofollow noopener\" data-trk=\"{&quot;cta&quot;:{&quot;action&quot;:&quot;https:\\\/\\\/moncompte.actu.fr&quot;,&quot;category&quot;:&quot;mon compte&quot;,&quot;from&quot;:&quot;article footer&quot;,&quot;name&quot;:&quot;Mon actu&quot;,&quot;type&quot;:&quot;cta&quot;}}\" target=\"_blank\">Mon Actu<\/a>.<\/p>\n","protected":false},"excerpt":{"rendered":"Par Hervine Mahaud Publi\u00e9 le 20 avr. 2025 \u00e0 8h20 Envie de profiter de votre jour f\u00e9ri\u00e9 pour&hellip;\n","protected":false},"author":2,"featured_media":38804,"comment_status":"","ping_status":"","sticky":false,"template":"","format":"standard","meta":{"footnotes":""},"categories":[2815],"tags":[1111,11,215,33,1777,674,1011,27,811,1307,12,4769,25],"class_list":{"0":"post-38803","1":"post","2":"type-post","3":"status-publish","4":"format-standard","5":"has-post-thumbnail","7":"category-lille","8":"tag-actu","9":"tag-actualites","10":"tag-commerce","11":"tag-economie","12":"tag-eu","13":"tag-europe","14":"tag-fr","15":"tag-france","16":"tag-hauts-de-france","17":"tag-lille","18":"tag-news","19":"tag-paques","20":"tag-republique-francaise"},"share_on_mastodon":{"url":"https:\/\/pubeurope.com\/@fr\/114370149337055402","error":""},"_links":{"self":[{"href":"https:\/\/www.europesays.com\/fr\/wp-json\/wp\/v2\/posts\/38803","targetHints":{"allow":["GET"]}}],"collection":[{"href":"https:\/\/www.europesays.com\/fr\/wp-json\/wp\/v2\/posts"}],"about":[{"href":"https:\/\/www.europesays.com\/fr\/wp-json\/wp\/v2\/types\/post"}],"author":[{"embeddable":true,"href":"https:\/\/www.europesays.com\/fr\/wp-json\/wp\/v2\/users\/2"}],"replies":[{"embeddable":true,"href":"https:\/\/www.europesays.com\/fr\/wp-json\/wp\/v2\/comments?post=38803"}],"version-history":[{"count":0,"href":"https:\/\/www.europesays.com\/fr\/wp-json\/wp\/v2\/posts\/38803\/revisions"}],"wp:featuredmedia":[{"embeddable":true,"href":"https:\/\/www.europesays.com\/fr\/wp-json\/wp\/v2\/media\/38804"}],"wp:attachment":[{"href":"https:\/\/www.europesays.com\/fr\/wp-json\/wp\/v2\/media?parent=38803"}],"wp:term":[{"taxonomy":"category","embeddable":true,"href":"https:\/\/www.europesays.com\/fr\/wp-json\/wp\/v2\/categories?post=38803"},{"taxonomy":"post_tag","embeddable":true,"href":"https:\/\/www.europesays.com\/fr\/wp-json\/wp\/v2\/tags?post=38803"}],"curies":[{"name":"wp","href":"https:\/\/api.w.org\/{rel}","templated":true}]}}