{"id":388030,"date":"2025-09-13T14:15:13","date_gmt":"2025-09-13T14:15:13","guid":{"rendered":"https:\/\/www.europesays.com\/fr\/388030\/"},"modified":"2025-09-13T14:15:13","modified_gmt":"2025-09-13T14:15:13","slug":"lyon-appel-a-bloquer-la-presquile-ce-samedi-les-crs-deployes-en-nombre-lyonmag-com","status":"publish","type":"post","link":"https:\/\/www.europesays.com\/fr\/388030\/","title":{"rendered":"Lyon : appel \u00e0 &quot;bloquer la Presqu\u2019\u00eele&quot; ce samedi, les CRS d\u00e9ploy\u00e9s en nombre &#8211; lyonmag.com"},"content":{"rendered":"<ol>\n<li><a href=\"https:\/\/news.google.com\/rss\/articles\/CBMirwFBVV95cUxOYWVTVWNESWNTaVU1cGllckoxRlRDWjRGal9kOG1MX3dOeXBkcW5MWjc5cUlrNFBybk5zeEtLYWQ1UG1sX3A5d3hXaHRzQzFhREJzb183TmNYVmlfTF8wV1dzc0p3eHA2NzN1QTYxVm9ic1pHSmVMYTRqOVowOFc0c0UyTTRsdUpYTXJ0VW8zT2xQYkRIa0xPbXZsVjBVMWtWQmNjY2RYUC1rV19CTzJF?oc=5\" target=\"_blank\" rel=\"nofollow noopener\">Lyon : appel \u00e0 \u00ab\u00a0bloquer la Presqu\u2019\u00eele\u00a0\u00bb ce samedi, les CRS d\u00e9ploy\u00e9s en nombre<\/a>&nbsp;&nbsp;lyonmag.com<\/li>\n<li><a href=\"https:\/\/news.google.com\/rss\/articles\/CBMiugFBVV95cUxPSnRhWlBWLWczOUktbG9wcnVQTV9PMUJHUjR6NlotSzVIMGxSVm1rUk5iVXp6SVB4ZHpNUlVEdzIzbXh0elNwRVRueFBJZkRiNzhyY0dnaGtSSEwwaXpfTW1pNlpmazhQRjNBbExyeS1xWG41Yl9mZXB3ZlRzRTU0OFFoRldjcWNtM0RtRk1SaS1zQmpGMU1URmR3VGZhNjltMlMxQnV1N2RLU2d4eWFBWDZDTXMzVUdPTkE?oc=5\" target=\"_blank\" rel=\"nofollow noopener\">En direct Rh\u00f4ne. Bloquons tout \u00e0 Lyon : \u00ab On n&rsquo;est pas assez nombreux donc on doit annuler notre action \u00bb<\/a>&nbsp;&nbsp;Le Progr\u00e8s<\/li>\n<li><a href=\"https:\/\/news.google.com\/rss\/articles\/CBMi3AFBVV95cUxQQ3lfaHpSWVktMDNWSU5nZTFRV3NpbGRUSzVwS1RHZG5VLVlDODdHdHVpNzBuNDJHYk5EWjVwN0pXeHVNYTZxSDl5RkVDU2hSQVR1djRRRC01aS1KRFhuZXpEOFJtdldGTmNBYUQyWVltdnZYVG5HOGtwWHpJSUZ5VW5oRGpBZmRnV0Q2NEJPc1RsR0J0Q1U5eWM5UEFpdmlYN0JialMyVm1yNDc3cmM0ZEl6SHk3ampwVTJWaXllZ3pCMGJSa18teW4tckE0ajRncC1QVU1yM2V0YS1B?oc=5\" target=\"_blank\" rel=\"nofollow noopener\">18 septembre : Deux rassemblements d\u00e9j\u00e0 annonc\u00e9s dans le Rh\u00f4ne<\/a>&nbsp;&nbsp;BFMTV<\/li>\n<li><a href=\"https:\/\/news.google.com\/rss\/articles\/CBMi2gFBVV95cUxOQVV6MC1CenM3dGhuREpaVkd4TEVMV1JINXVBQXJVLUI5TnlkYk9KeElOTTBoOThmdkpIcGtpOVc5YmlrT0R4WXRWQTlIM2lLbGNKajJOUFZDalduSnJDUWt2d1F4Ym9Sd20yTzRiSUJScXJtaE5tUVpyMXRVaDBScDQ5ekNKejZfYkxSSU9EdXMzR29GRGp4VEctVTRib3UwUnVQRDdGbVdUNVpaUXJHR2U0RFFaVy1zRVotMXM1eXRJVEhiVUtkZjhnZmFWRUJGQU5XalI4Z0F3dw?oc=5\" target=\"_blank\" rel=\"nofollow noopener\">\u00ab\u00a0Bloquons tout\u00a0\u00bb : la M\u00e9tropole de Lyon mise en cause apr\u00e8s les violences, elle r\u00e9pond<\/a>&nbsp;&nbsp;Actu.fr<\/li>\n<li><a href=\"https:\/\/news.google.com\/rss\/articles\/CBMi4gFBVV95cUxQb1NqbVZWLUM3azBpcTRxUnFaWlg3bFRyQTZXMzhnNEpVQXdxRGFjSlljb3Z2X2hieV90OTJ4cVpuVF9Tb0h3QTVpbmpkXzUwV1U0UEVJU1VVMUctRUgtYURKX2pycDhRUnctZG1fODFxQmRFbDVGTGU5YlZ1TVBwY0JYMXpUVVBmdU9ET1hJTkFOZUx4Y05VY1VNSTdTdFRXR1FELVdBRGEtSVQtYVZESEREUkVLYldNZnltMzg2QjA3VFlLbVlSaHpfZXdCaHkxeFlfbTdpa3dia19paU01MXZB?oc=5\" target=\"_blank\" rel=\"nofollow noopener\">Nouvelle fake news ? Aulas attaque les \u00e9cologistes apr\u00e8s les violences du 10 septembre \u00e0 Lyon<\/a>&nbsp;&nbsp;Lyon Capitale<\/li>\n<\/ol>\n","protected":false},"excerpt":{"rendered":"Lyon : appel \u00e0 \u00ab\u00a0bloquer la Presqu\u2019\u00eele\u00a0\u00bb ce samedi, les CRS d\u00e9ploy\u00e9s en nombre&nbsp;&nbsp;lyonmag.com En direct Rh\u00f4ne. Bloquons&hellip;\n","protected":false},"author":2,"featured_media":388031,"comment_status":"","ping_status":"","sticky":false,"template":"","format":"standard","meta":{"footnotes":""},"categories":[4],"tags":[1111,11,2813,2190,1109,251,1112,2811,118,1011,27,1922,1110,1114,2428,2810,12,241,316,25,2812,517,800],"class_list":{"0":"post-388030","1":"post","2":"type-post","3":"status-publish","4":"format-standard","5":"has-post-thumbnail","7":"category-france","8":"tag-actu","9":"tag-actualites","10":"tag-article","11":"tag-asvel","12":"tag-breves","13":"tag-culture","14":"tag-depeches","15":"tag-economique","16":"tag-faits-divers","17":"tag-fr","18":"tag-france","19":"tag-info","20":"tag-informations","21":"tag-infos","22":"tag-lyon","23":"tag-lyonmag","24":"tag-news","25":"tag-ol","26":"tag-politique","27":"tag-republique-francaise","28":"tag-sociale","29":"tag-sport","30":"tag-transports"},"share_on_mastodon":{"url":"https:\/\/pubeurope.com\/@fr\/115197412975233048","error":""},"_links":{"self":[{"href":"https:\/\/www.europesays.com\/fr\/wp-json\/wp\/v2\/posts\/388030","targetHints":{"allow":["GET"]}}],"collection":[{"href":"https:\/\/www.europesays.com\/fr\/wp-json\/wp\/v2\/posts"}],"about":[{"href":"https:\/\/www.europesays.com\/fr\/wp-json\/wp\/v2\/types\/post"}],"author":[{"embeddable":true,"href":"https:\/\/www.europesays.com\/fr\/wp-json\/wp\/v2\/users\/2"}],"replies":[{"embeddable":true,"href":"https:\/\/www.europesays.com\/fr\/wp-json\/wp\/v2\/comments?post=388030"}],"version-history":[{"count":0,"href":"https:\/\/www.europesays.com\/fr\/wp-json\/wp\/v2\/posts\/388030\/revisions"}],"wp:featuredmedia":[{"embeddable":true,"href":"https:\/\/www.europesays.com\/fr\/wp-json\/wp\/v2\/media\/388031"}],"wp:attachment":[{"href":"https:\/\/www.europesays.com\/fr\/wp-json\/wp\/v2\/media?parent=388030"}],"wp:term":[{"taxonomy":"category","embeddable":true,"href":"https:\/\/www.europesays.com\/fr\/wp-json\/wp\/v2\/categories?post=388030"},{"taxonomy":"post_tag","embeddable":true,"href":"https:\/\/www.europesays.com\/fr\/wp-json\/wp\/v2\/tags?post=388030"}],"curies":[{"name":"wp","href":"https:\/\/api.w.org\/{rel}","templated":true}]}}