{"id":388040,"date":"2025-09-13T14:20:17","date_gmt":"2025-09-13T14:20:17","guid":{"rendered":"https:\/\/www.europesays.com\/fr\/388040\/"},"modified":"2025-09-13T14:20:17","modified_gmt":"2025-09-13T14:20:17","slug":"course-sur-route-championnats-de-france-de-semi-marathon-augustine-emeraux-lombard-en-embuscade","status":"publish","type":"post","link":"https:\/\/www.europesays.com\/fr\/388040\/","title":{"rendered":"Course sur route. Championnats de France de semi-marathon : Augustine Emeraux-Lombard en embuscade"},"content":{"rendered":"<p>  Championnats de France de semi-marathon <br \/>Dimanche (Auray-Vannes), \u00e0 10 h<\/p>\n<p>Trois mois apr\u00e8s sa derni\u00e8re sortie officielle &#8211; et une belle victoire <a href=\"https:\/\/www.estrepublicain.fr\/sport\/2025\/06\/16\/10-km-esterel-cote-d-azur-augustine-emeraux-lombard-se-regale-a-frejus\" target=\"_blank\" rel=\"noopener\">aux 10 km de l\u2019Esterel (Fr\u00e9jus)<\/a> &#8211; <a href=\"https:\/\/www.estrepublicain.fr\/sport\/2025\/02\/10\/victoire-et-nouveau-record-personnel-sur-10-km-pour-augustine-emeraux-lombard-a-monaco\" target=\"_blank\" rel=\"noopener\">Augustine Emeraux-Lombard<\/a> fait sa rentr\u00e9e ce dimanche aux Championnats de France de semi-marathon. Une \u00e9preuve qui \u00e9pousera, ce week-end, les paysages d\u2019une grande \u00ab classique \u00bb bretonne, puisqu\u2019elle se suivra le trac\u00e9 d\u2019Auray-Vannes.<\/p>\n<p>La \u00ab Marseillaise \u00bb du Nancy Athl\u00e9tisme M\u00e9tropole, qui reste sur deux m\u00e9dailles d\u2019argent sur marathon (2024, 2025), y retrouvera un plateau un plateau f\u00e9minin de tr\u00e8s haute tenue avec, notamment : la nouvelle recordwoman de France du 10 km (31\u201900, \u00e0 Prague) Alessia Zarbo, qui effectuera ses grands d\u00e9buts sur la distance, Margaux Sieracki (qui d\u00e9tient le meilleur temps des engag\u00e9es : 1h09\u201949), Ines Hamoudi ou encore M\u00e9lody Julien (laur\u00e9ate 2022 et 2023).<\/p>\n<p>Autant dire qu\u2019avec ses 1h14\u201929 de f\u00e9vrier, \u00e0 Barcelone (son nouveau record personnel), Augustine Emeraux-Lombard &#8211; qui poursuit sa pr\u00e9pa pour le Marathon de Valence (7 d\u00e9cembre) &#8211; se contentera d\u2019un statut \u00ab d\u2019outsider \u00bb en Bretagne. Sur le papier, elle fait en tout cas clairement partie de la poign\u00e9e de jeunes femmes en embuscade\u2026<\/p>\n<p>  Le COS Villers cultive l\u2019esprit d\u2019\u00e9quipe<\/p>\n<p>Toujours c\u00f4t\u00e9 lorrain, mais cette fois-ci, chez les messieurs, on suivra de pr\u00e8s la performance \u00ab collective \u00bb du COS Villers. Avec leur armada compos\u00e9e de cinq gar\u00e7ons \u00ab entre 1h06\u201929 et 1h08\u201930 \u00bb (A. Rozalski, N. Habri, G. Arnould, J. Purrey, A. Renard\u2026), les coureurs de l\u2019agglo nanc\u00e9ienne auront sans aucun doute une belle carte \u00e0 jouer par \u00e9quipes.<\/p>\n<p class=\"note\"><strong>Les principaux engag\u00e9s.<\/strong> DAMES. A. Zarbo (Racing Multi Athlon), M. Sieracki (EA Cambresis), I. Hamoudi (Racing Multi Athlon), M. Julien (AM Montredonnaise), A. Emeraux-Lombard (NAM)\u2026 Car. et Const. Dennilauler (AVEC), F. Scher (ASSA)\u2026 MESSIEURS. S. Bedard (Haute-Bretagne Athl\u00e9), E. Roudolff-Levisse (Athl\u00e9 92), N. Navarro (SCO Ste-Marguerite), R. Montoya (Nice C\u00f4te d\u2019Azur Athl\u00e9)\u2026 P. Xolin (Zoom Volt Runners), A. Rozalski (COS Villers)\u2026<\/p>\n","protected":false},"excerpt":{"rendered":"Championnats de France de semi-marathon Dimanche (Auray-Vannes), \u00e0 10 h Trois mois apr\u00e8s sa derni\u00e8re sortie officielle &#8211;&hellip;\n","protected":false},"author":2,"featured_media":388041,"comment_status":"","ping_status":"","sticky":false,"template":"","format":"standard","meta":{"footnotes":""},"categories":[9635],"tags":[1111,11,4132,1704,1777,674,107,1701,1011,27,775,1702,1703,12,25,517,1700,10261],"class_list":{"0":"post-388040","1":"post","2":"type-post","3":"status-publish","4":"format-standard","5":"has-post-thumbnail","7":"category-nancy","8":"tag-actu","9":"tag-actualites","10":"tag-athletisme","11":"tag-edition-nancy-et-agglomeration","12":"tag-eu","13":"tag-europe","14":"tag-fil-info","15":"tag-fil-info-sport","16":"tag-fr","17":"tag-france","18":"tag-grand-est","19":"tag-nancy","20":"tag-nancy-ville-54b","21":"tag-news","22":"tag-republique-francaise","23":"tag-sport","24":"tag-sport-lorrain","25":"tag-villers-les-nancy"},"share_on_mastodon":{"url":"https:\/\/pubeurope.com\/@fr\/115197432584899257","error":""},"_links":{"self":[{"href":"https:\/\/www.europesays.com\/fr\/wp-json\/wp\/v2\/posts\/388040","targetHints":{"allow":["GET"]}}],"collection":[{"href":"https:\/\/www.europesays.com\/fr\/wp-json\/wp\/v2\/posts"}],"about":[{"href":"https:\/\/www.europesays.com\/fr\/wp-json\/wp\/v2\/types\/post"}],"author":[{"embeddable":true,"href":"https:\/\/www.europesays.com\/fr\/wp-json\/wp\/v2\/users\/2"}],"replies":[{"embeddable":true,"href":"https:\/\/www.europesays.com\/fr\/wp-json\/wp\/v2\/comments?post=388040"}],"version-history":[{"count":0,"href":"https:\/\/www.europesays.com\/fr\/wp-json\/wp\/v2\/posts\/388040\/revisions"}],"wp:featuredmedia":[{"embeddable":true,"href":"https:\/\/www.europesays.com\/fr\/wp-json\/wp\/v2\/media\/388041"}],"wp:attachment":[{"href":"https:\/\/www.europesays.com\/fr\/wp-json\/wp\/v2\/media?parent=388040"}],"wp:term":[{"taxonomy":"category","embeddable":true,"href":"https:\/\/www.europesays.com\/fr\/wp-json\/wp\/v2\/categories?post=388040"},{"taxonomy":"post_tag","embeddable":true,"href":"https:\/\/www.europesays.com\/fr\/wp-json\/wp\/v2\/tags?post=388040"}],"curies":[{"name":"wp","href":"https:\/\/api.w.org\/{rel}","templated":true}]}}