{"id":388042,"date":"2025-09-13T14:21:13","date_gmt":"2025-09-13T14:21:13","guid":{"rendered":"https:\/\/www.europesays.com\/fr\/388042\/"},"modified":"2025-09-13T14:21:13","modified_gmt":"2025-09-13T14:21:13","slug":"donnez-votre-avis-est-ce-que-lelargissement-de-la57-a-change-votre-quotidien","status":"publish","type":"post","link":"https:\/\/www.europesays.com\/fr\/388042\/","title":{"rendered":"Donnez votre avis: est-ce que l\u2019\u00e9largissement de l\u2019A57 a chang\u00e9 votre quotidien?"},"content":{"rendered":"<p>Apr\u00e8s quatre ans de travaux, le passage de l\u2019A57 \u00e0 deux fois trois voies a \u00e9t\u00e9 inaugur\u00e9 il y a trois mois. Alors que ce chantier suscitait beaucoup d\u2019attentes et d\u2019interrogations quel est aujourd\u2019hui l\u2019effet sur le trafic?<\/p>\n<p>Cons\u00e9quences sur les bouchons, sur les voies secondaires&#8230; Nouveaux am\u00e9nagements autour de l\u2019autoroute et arr\u00eat de bus en face de Sainte-Musse.<\/p>\n<p>Donnez-nous votre avis sur la \u00ab\u00a0nouvelle A57\u00a0\u00bb:<\/p>\n<p>Chargement\u2026<\/p>\n","protected":false},"excerpt":{"rendered":"Apr\u00e8s quatre ans de travaux, le passage de l\u2019A57 \u00e0 deux fois trois voies a \u00e9t\u00e9 inaugur\u00e9 il&hellip;\n","protected":false},"author":2,"featured_media":388043,"comment_status":"","ping_status":"","sticky":false,"template":"","format":"standard","meta":{"footnotes":""},"categories":[9619],"tags":[1111,11,646,1777,674,1011,27,803,12,882,25,2310,3366],"class_list":{"0":"post-388042","1":"post","2":"type-post","3":"status-publish","4":"format-standard","5":"has-post-thumbnail","7":"category-toulon","8":"tag-actu","9":"tag-actualites","10":"tag-automobile","11":"tag-eu","12":"tag-europe","13":"tag-fr","14":"tag-france","15":"tag-info-trafic","16":"tag-news","17":"tag-provence-alpes-cote-dazur","18":"tag-republique-francaise","19":"tag-toulon","20":"tag-vie-locale"},"share_on_mastodon":{"url":"https:\/\/pubeurope.com\/@fr\/115197436482404325","error":""},"_links":{"self":[{"href":"https:\/\/www.europesays.com\/fr\/wp-json\/wp\/v2\/posts\/388042","targetHints":{"allow":["GET"]}}],"collection":[{"href":"https:\/\/www.europesays.com\/fr\/wp-json\/wp\/v2\/posts"}],"about":[{"href":"https:\/\/www.europesays.com\/fr\/wp-json\/wp\/v2\/types\/post"}],"author":[{"embeddable":true,"href":"https:\/\/www.europesays.com\/fr\/wp-json\/wp\/v2\/users\/2"}],"replies":[{"embeddable":true,"href":"https:\/\/www.europesays.com\/fr\/wp-json\/wp\/v2\/comments?post=388042"}],"version-history":[{"count":0,"href":"https:\/\/www.europesays.com\/fr\/wp-json\/wp\/v2\/posts\/388042\/revisions"}],"wp:featuredmedia":[{"embeddable":true,"href":"https:\/\/www.europesays.com\/fr\/wp-json\/wp\/v2\/media\/388043"}],"wp:attachment":[{"href":"https:\/\/www.europesays.com\/fr\/wp-json\/wp\/v2\/media?parent=388042"}],"wp:term":[{"taxonomy":"category","embeddable":true,"href":"https:\/\/www.europesays.com\/fr\/wp-json\/wp\/v2\/categories?post=388042"},{"taxonomy":"post_tag","embeddable":true,"href":"https:\/\/www.europesays.com\/fr\/wp-json\/wp\/v2\/tags?post=388042"}],"curies":[{"name":"wp","href":"https:\/\/api.w.org\/{rel}","templated":true}]}}