{"id":38805,"date":"2025-04-20T11:52:09","date_gmt":"2025-04-20T11:52:09","guid":{"rendered":"https:\/\/www.europesays.com\/fr\/38805\/"},"modified":"2025-04-20T11:52:09","modified_gmt":"2025-04-20T11:52:09","slug":"les-sentinelles-de-lhopital-de-la-timone-a-marseille-au-secours-des-victimes-de-violences-conjugales","status":"publish","type":"post","link":"https:\/\/www.europesays.com\/fr\/38805\/","title":{"rendered":"Les sentinelles de l&rsquo;h\u00f4pital de La Timone \u00e0 Marseille au secours des victimes de violences conjugales"},"content":{"rendered":"<p>Il est 7 h du matin. <a href=\"https:\/\/www.laprovence.com\/article\/region\/1409543401443115\/a-marseille-les-urgences-des-hopitaux-satures-connaissent-leur-pic-d-activite-annuelle\" target=\"_blank\" rel=\"noopener\">Aux urgences<\/a> de La Timone, Audrey, infirmi\u00e8re depuis plus de 20\u00a0ans, encha\u00eene les appels pour retrouver la victime d\u2019un viol. Cette nuit-l\u00e0, une jeune femme alcoolis\u00e9e, qui venait d\u2019\u00eatre agress\u00e9e, n\u2019a pas pu \u00eatre prise en charge dans un autre h\u00f4pital marseillais et a attendu plusieurs heures avant d\u2019\u00eatre enfin \u00e9cout\u00e9e. \u00ab\u00a0Tout \u00e7a parce qu\u2019elle \u00e9tait ivre. C\u2019est inimaginable en tant que soignant de laisser une femme dans la souffrance. Elle s\u2019est retrouv\u00e9e seule, loin de chez elle, \u00e0 errer dans les rues de Marseille apr\u00e8s avoir \u00e9t\u00e9 viol\u00e9e\u00a0\u00bb, s\u2019insurge Audrey.<\/p>\n","protected":false},"excerpt":{"rendered":"Il est 7 h du matin. Aux urgences de La Timone, Audrey, infirmi\u00e8re depuis plus de 20\u00a0ans, encha\u00eene&hellip;\n","protected":false},"author":2,"featured_media":38806,"comment_status":"","ping_status":"","sticky":false,"template":"","format":"standard","meta":{"footnotes":""},"categories":[2814],"tags":[17,1111,11,12145,1777,674,1011,27,7419,151,884,12,882,16,25,12146,12147,2949],"class_list":{"0":"post-38805","1":"post","2":"type-post","3":"status-publish","4":"format-standard","5":"has-post-thumbnail","7":"category-marseille","8":"tag-17","9":"tag-actu","10":"tag-actualites","11":"tag-conjugales","12":"tag-eu","13":"tag-europe","14":"tag-fr","15":"tag-france","16":"tag-lhopital","17":"tag-les","18":"tag-marseille","19":"tag-news","20":"tag-provence-alpes-cote-dazur","21":"tag-region","22":"tag-republique-francaise","23":"tag-sentinelles","24":"tag-timone","25":"tag-violences"},"share_on_mastodon":{"url":"https:\/\/pubeurope.com\/@fr\/114370153273855268","error":""},"_links":{"self":[{"href":"https:\/\/www.europesays.com\/fr\/wp-json\/wp\/v2\/posts\/38805","targetHints":{"allow":["GET"]}}],"collection":[{"href":"https:\/\/www.europesays.com\/fr\/wp-json\/wp\/v2\/posts"}],"about":[{"href":"https:\/\/www.europesays.com\/fr\/wp-json\/wp\/v2\/types\/post"}],"author":[{"embeddable":true,"href":"https:\/\/www.europesays.com\/fr\/wp-json\/wp\/v2\/users\/2"}],"replies":[{"embeddable":true,"href":"https:\/\/www.europesays.com\/fr\/wp-json\/wp\/v2\/comments?post=38805"}],"version-history":[{"count":0,"href":"https:\/\/www.europesays.com\/fr\/wp-json\/wp\/v2\/posts\/38805\/revisions"}],"wp:featuredmedia":[{"embeddable":true,"href":"https:\/\/www.europesays.com\/fr\/wp-json\/wp\/v2\/media\/38806"}],"wp:attachment":[{"href":"https:\/\/www.europesays.com\/fr\/wp-json\/wp\/v2\/media?parent=38805"}],"wp:term":[{"taxonomy":"category","embeddable":true,"href":"https:\/\/www.europesays.com\/fr\/wp-json\/wp\/v2\/categories?post=38805"},{"taxonomy":"post_tag","embeddable":true,"href":"https:\/\/www.europesays.com\/fr\/wp-json\/wp\/v2\/tags?post=38805"}],"curies":[{"name":"wp","href":"https:\/\/api.w.org\/{rel}","templated":true}]}}