{"id":388052,"date":"2025-09-13T14:29:12","date_gmt":"2025-09-13T14:29:12","guid":{"rendered":"https:\/\/www.europesays.com\/fr\/388052\/"},"modified":"2025-09-13T14:29:12","modified_gmt":"2025-09-13T14:29:12","slug":"une-deuxieme-manifestation-ce-samedi-a-grenoble","status":"publish","type":"post","link":"https:\/\/www.europesays.com\/fr\/388052\/","title":{"rendered":"une deuxi\u00e8me manifestation ce samedi \u00e0 Grenoble"},"content":{"rendered":"<p class=\"insetTitle\">En bref<\/p>\n<p>Apr\u00e8s un premier d\u00e9fil\u00e9, <a href=\"https:\/\/www.ledauphine.com\/environnement\/2025\/09\/10\/il-faut-changer-le-systeme-une-manifestation-d-ampleur-a-grenoble\" target=\"_blank\" rel=\"nofollow noopener\">ce mercredi 10 septembre<\/a>, qui a r\u00e9uni entre 11 000 (selon la police) et 30 000 personnes (selon les organisateurs), une deuxi\u00e8me manifestation du mouvement \u201cBloquons tout\u201d est organis\u00e9e dans les rues de Grenoble ce samedi apr\u00e8s-midi.<\/p>\n<p>Le cort\u00e8ge va suivre un itin\u00e9raire identique \u00e0 celui de mercredi 10 septembre. Il partira de la place Victor-Hugo \u00e0 16 heures et suivra les quais pour rejoindre le centre-ville par la place Notre-Dame avant de\u00a0passer par la place de Verdun, puis le parc Paul-Mistral o\u00f9 une assembl\u00e9e g\u00e9n\u00e9rale est pr\u00e9vue \u00e0 19 heures.<\/p>\n","protected":false},"excerpt":{"rendered":"En bref Apr\u00e8s un premier d\u00e9fil\u00e9, ce mercredi 10 septembre, qui a r\u00e9uni entre 11 000 (selon la&hellip;\n","protected":false},"author":2,"featured_media":388053,"comment_status":"","ping_status":"","sticky":false,"template":"","format":"standard","meta":{"footnotes":""},"categories":[9566],"tags":[1111,11,2430,9671,112,1777,674,107,1011,27,2731,108,12,316,25,104],"class_list":{"0":"post-388052","1":"post","2":"type-post","3":"status-publish","4":"format-standard","5":"has-post-thumbnail","7":"category-grenoble","8":"tag-actu","9":"tag-actualites","10":"tag-auvergne-rhone-alpes","11":"tag-conflit-social","12":"tag-edition-grenoble-agglomeration","13":"tag-eu","14":"tag-europe","15":"tag-fil-info","16":"tag-fr","17":"tag-france","18":"tag-grenoble","19":"tag-isere","20":"tag-news","21":"tag-politique","22":"tag-republique-francaise","23":"tag-societe"},"share_on_mastodon":{"url":"https:\/\/pubeurope.com\/@fr\/115197467959854222","error":""},"_links":{"self":[{"href":"https:\/\/www.europesays.com\/fr\/wp-json\/wp\/v2\/posts\/388052","targetHints":{"allow":["GET"]}}],"collection":[{"href":"https:\/\/www.europesays.com\/fr\/wp-json\/wp\/v2\/posts"}],"about":[{"href":"https:\/\/www.europesays.com\/fr\/wp-json\/wp\/v2\/types\/post"}],"author":[{"embeddable":true,"href":"https:\/\/www.europesays.com\/fr\/wp-json\/wp\/v2\/users\/2"}],"replies":[{"embeddable":true,"href":"https:\/\/www.europesays.com\/fr\/wp-json\/wp\/v2\/comments?post=388052"}],"version-history":[{"count":0,"href":"https:\/\/www.europesays.com\/fr\/wp-json\/wp\/v2\/posts\/388052\/revisions"}],"wp:featuredmedia":[{"embeddable":true,"href":"https:\/\/www.europesays.com\/fr\/wp-json\/wp\/v2\/media\/388053"}],"wp:attachment":[{"href":"https:\/\/www.europesays.com\/fr\/wp-json\/wp\/v2\/media?parent=388052"}],"wp:term":[{"taxonomy":"category","embeddable":true,"href":"https:\/\/www.europesays.com\/fr\/wp-json\/wp\/v2\/categories?post=388052"},{"taxonomy":"post_tag","embeddable":true,"href":"https:\/\/www.europesays.com\/fr\/wp-json\/wp\/v2\/tags?post=388052"}],"curies":[{"name":"wp","href":"https:\/\/api.w.org\/{rel}","templated":true}]}}