{"id":388066,"date":"2025-09-13T14:36:13","date_gmt":"2025-09-13T14:36:13","guid":{"rendered":"https:\/\/www.europesays.com\/fr\/388066\/"},"modified":"2025-09-13T14:36:13","modified_gmt":"2025-09-13T14:36:13","slug":"la-fete-au-fil-de-lognon-revient-pour-sa-troisieme-edition-en-loire-atlantique","status":"publish","type":"post","link":"https:\/\/www.europesays.com\/fr\/388066\/","title":{"rendered":"La f\u00eate Au fil de l\u2019Ognon revient pour sa troisi\u00e8me \u00e9dition en Loire-Atlantique"},"content":{"rendered":"<p>\u00a0On commence \u00e0 avoir l\u2019habitude de travailler ensemble pour valoriser la rivi\u00e8re. Ce rendez-vous de septembre permet \u00e0 nos populations de mieux conna\u00eetre leur environnement, de se rassembler, d\u2019entretenir des liens de convivialit\u00e9. C\u2019est aussi une mani\u00e8re de mettre en avant un patrimoine naturel riche et immat\u00e9riel par la navigation et la p\u00eache\u00a0\u00bb, commentent les \u00e9lus.<\/p>\n<p>Les Pigouilleurs pour animer la rivi\u00e8re<\/p>\n<p>Cette ann\u00e9e, en raison des <a href=\"https:\/\/nantes.maville.com\/actu\/actudet_-dans-cette-commune-pres-de-nantes-les-festifolies-d-automne-se-preparent-_8-6845562_actu.Htm\" target=\"_blank\" rel=\"noopener\">Festifolies d\u2019Automne<\/a> qui se d\u00e9roulent une semaine plus tard, la commune ne propose pas d\u2019animations au port de l\u2019Halbrandi\u00e8re.<\/p>\n<p>Mais pour autant, l\u2019association <a href=\"https:\/\/nantes.maville.com\/actu\/actudet_-decouvrez-l-ognon-avec-les-pigouilleurs-une-des-quatre-rivieres-connectees-au-lac-de-grand-lieu-_8-6471014_actu.Htm\" target=\"_blank\" rel=\"noopener\">Les Pigouilleurs de Grand-Lieu <\/a>seront sur la rivi\u00e8re, assurant le lien entre le port des Roches et le Beau-Pr\u00eatre.<\/p>\n<p>\u00a0Les Pigouilleurs sont la derni\u00e8re association du lac de Grand-Lieu perp\u00e9tuant la tradition de r\u00e9nover et construire des barques en bois pour la navigation de loisir. Les barques sont propuls\u00e9es par des moteurs \u00e9lectriques pour g\u00eaner le moins possible la faune. Les bateliers apporteront aux passagers leurs connaissances sur l\u2019histoire, les traditions, la faune et la flore du lac\u00a0\u00bb, pr\u00e9cise Jean-Claude Lemasson, le maire.<\/p>\n<p><a href=\"https:\/\/nantes.maville.com\/actu\/actudet_-un-pieton-decede-apres-avoir-ete-heurte-par-un-ter-au-sud-de-nantes-_8-6943335_actu.Htm\" target=\"_blank\" rel=\"noopener\">LIRE AUSSI\u00a0: Un pi\u00e9ton d\u00e9c\u00e8de apr\u00e8s avoir \u00e9t\u00e9 heurt\u00e9 par un TER au sud de Nantes<\/a><\/p>\n<p>De nombreuses activit\u00e9s<\/p>\n<p>Sur le site du Beau-Pr\u00eatre, le CPIE assurera des petites p\u00eaches \u00e0 l\u2019\u00e9puisette l\u2019apr\u00e8s-midi, l\u2019association de pr\u00e9servation du patrimoine naturel proposera des animations sur les arbres, l\u2019association Sur les chemins d\u2019Herbonne pr\u00e9sentera la nouvelle statue de Saint-Martin, visible uniquement cette journ\u00e9e,\u00a0etc.<\/p>\n<p>Au port des Roches, la LPO permettra d\u2019observer les oiseaux jusqu\u2019\u00e0 13\u00a0heures, le club nature de la commune et le CPN La Colombe pr\u00e9senteront leurs activit\u00e9s l\u2019histoire du lac, de la rivi\u00e8re,\u00a0etc.<\/p>\n<p>Une buvette et de la petite restauration sur place seront propos\u00e9es par l\u2019association des habitants de Tr\u00e9jet. La compagnie des Arbres revient en force \u00e0 l\u2019abordage des rives de l\u2019Ognon avec ses pirates.<\/p>\n<p>\u00ab\u00a0Elle a concoct\u00e9 une animation sur mesure pour ce rendez-vous, avec plein de surprises, \u00e0 la fois sur le parcours, sur l\u2019eau et sur terre, histoire d\u2019\u00e9tonner tout le monde\u00a0\u00bb, assurent les \u00e9lus.<\/p>\n<p>Au Beau Pr\u00eatre d\u00e8s 10\u00a0h\u00a030 et d\u00e8s 14\u00a0h\u00a030 au port des Roches.<br \/>Animations gratuites.<\/p>\n<p>\u00a0<\/p>\n","protected":false},"excerpt":{"rendered":"\u00a0On commence \u00e0 avoir l\u2019habitude de travailler ensemble pour valoriser la rivi\u00e8re. Ce rendez-vous de septembre permet \u00e0&hellip;\n","protected":false},"author":2,"featured_media":388067,"comment_status":"","ping_status":"","sticky":false,"template":"","format":"standard","meta":{"footnotes":""},"categories":[2818],"tags":[1111,11,4660,1777,674,4768,1108,1011,27,3047,766,12,52058,2636,25,14173],"class_list":{"0":"post-388066","1":"post","2":"type-post","3":"status-publish","4":"format-standard","5":"has-post-thumbnail","7":"category-nantes","8":"tag-actu","9":"tag-actualites","10":"tag-edition","11":"tag-eu","12":"tag-europe","13":"tag-fete","14":"tag-fil","15":"tag-fr","16":"tag-france","17":"tag-loire-atlantique","18":"tag-nantes","19":"tag-news","20":"tag-ognon","21":"tag-pays-de-la-loire","22":"tag-republique-francaise","23":"tag-revient"},"share_on_mastodon":{"url":"https:\/\/pubeurope.com\/@fr\/115197495474178365","error":""},"_links":{"self":[{"href":"https:\/\/www.europesays.com\/fr\/wp-json\/wp\/v2\/posts\/388066","targetHints":{"allow":["GET"]}}],"collection":[{"href":"https:\/\/www.europesays.com\/fr\/wp-json\/wp\/v2\/posts"}],"about":[{"href":"https:\/\/www.europesays.com\/fr\/wp-json\/wp\/v2\/types\/post"}],"author":[{"embeddable":true,"href":"https:\/\/www.europesays.com\/fr\/wp-json\/wp\/v2\/users\/2"}],"replies":[{"embeddable":true,"href":"https:\/\/www.europesays.com\/fr\/wp-json\/wp\/v2\/comments?post=388066"}],"version-history":[{"count":0,"href":"https:\/\/www.europesays.com\/fr\/wp-json\/wp\/v2\/posts\/388066\/revisions"}],"wp:featuredmedia":[{"embeddable":true,"href":"https:\/\/www.europesays.com\/fr\/wp-json\/wp\/v2\/media\/388067"}],"wp:attachment":[{"href":"https:\/\/www.europesays.com\/fr\/wp-json\/wp\/v2\/media?parent=388066"}],"wp:term":[{"taxonomy":"category","embeddable":true,"href":"https:\/\/www.europesays.com\/fr\/wp-json\/wp\/v2\/categories?post=388066"},{"taxonomy":"post_tag","embeddable":true,"href":"https:\/\/www.europesays.com\/fr\/wp-json\/wp\/v2\/tags?post=388066"}],"curies":[{"name":"wp","href":"https:\/\/api.w.org\/{rel}","templated":true}]}}