{"id":388068,"date":"2025-09-13T14:37:33","date_gmt":"2025-09-13T14:37:33","guid":{"rendered":"https:\/\/www.europesays.com\/fr\/388068\/"},"modified":"2025-09-13T14:37:33","modified_gmt":"2025-09-13T14:37:33","slug":"en-direct-nice-nantes-deja-un-point-de-bascule-entre-aiglons-et-canaris","status":"publish","type":"post","link":"https:\/\/www.europesays.com\/fr\/388068\/","title":{"rendered":"EN DIRECT &#8211; Nice-Nantes : d\u00e9j\u00e0 un point de bascule entre Aiglons et Canaris"},"content":{"rendered":"<p class=\"fig-paragraph\">Apr\u00e8s trois journ\u00e9es, les deux \u00e9quipes n\u2019ont glan\u00e9 que 3 points\u00a0:<\/p>\n<p class=\"fig-paragraph\">Les Canaris se sont impos\u00e9s contre Auxerre (1-0) juste avant la tr\u00eave internationale. Mais les hommes de Luis Castro avaient mal commenc\u00e9 leur saison, avec deux d\u00e9faites 1-0 contre Strasbourg et le PSG.<\/p>\n<p class=\"fig-paragraph\">Les Aiglons, quant \u00e0 eux ont commenc\u00e9 le championnat par une d\u00e9faite contre Toulouse (0-1), avant de gagner contre Auxerre (3-1) puis perdre encore contre Le Havre (3-1).<\/p>\n","protected":false},"excerpt":{"rendered":"Apr\u00e8s trois journ\u00e9es, les deux \u00e9quipes n\u2019ont glan\u00e9 que 3 points\u00a0: Les Canaris se sont impos\u00e9s contre Auxerre&hellip;\n","protected":false},"author":2,"featured_media":388069,"comment_status":"","ping_status":"","sticky":false,"template":"","format":"standard","meta":{"footnotes":""},"categories":[2818],"tags":[1111,11,525,1981,814,1777,674,2257,63,1011,27,3309,66,1307,955,766,12,2268,1176,978,2636,93,25,1980],"class_list":{"0":"post-388068","1":"post","2":"type-post","3":"status-publish","4":"format-standard","5":"has-post-thumbnail","7":"category-nantes","8":"tag-actu","9":"tag-actualites","10":"tag-calendrier","11":"tag-classement","12":"tag-direct","13":"tag-eu","14":"tag-europe","15":"tag-foot","16":"tag-football","17":"tag-fr","18":"tag-france","19":"tag-l1","20":"tag-ligue-1","21":"tag-lille","22":"tag-match","23":"tag-nantes","24":"tag-news","25":"tag-ogc-nice","26":"tag-olympique-de-marseille","27":"tag-olympique-lyonnais","28":"tag-pays-de-la-loire","29":"tag-psg","30":"tag-republique-francaise","31":"tag-resultats"},"share_on_mastodon":{"url":"https:\/\/pubeurope.com\/@fr\/115197499482280975","error":""},"_links":{"self":[{"href":"https:\/\/www.europesays.com\/fr\/wp-json\/wp\/v2\/posts\/388068","targetHints":{"allow":["GET"]}}],"collection":[{"href":"https:\/\/www.europesays.com\/fr\/wp-json\/wp\/v2\/posts"}],"about":[{"href":"https:\/\/www.europesays.com\/fr\/wp-json\/wp\/v2\/types\/post"}],"author":[{"embeddable":true,"href":"https:\/\/www.europesays.com\/fr\/wp-json\/wp\/v2\/users\/2"}],"replies":[{"embeddable":true,"href":"https:\/\/www.europesays.com\/fr\/wp-json\/wp\/v2\/comments?post=388068"}],"version-history":[{"count":0,"href":"https:\/\/www.europesays.com\/fr\/wp-json\/wp\/v2\/posts\/388068\/revisions"}],"wp:featuredmedia":[{"embeddable":true,"href":"https:\/\/www.europesays.com\/fr\/wp-json\/wp\/v2\/media\/388069"}],"wp:attachment":[{"href":"https:\/\/www.europesays.com\/fr\/wp-json\/wp\/v2\/media?parent=388068"}],"wp:term":[{"taxonomy":"category","embeddable":true,"href":"https:\/\/www.europesays.com\/fr\/wp-json\/wp\/v2\/categories?post=388068"},{"taxonomy":"post_tag","embeddable":true,"href":"https:\/\/www.europesays.com\/fr\/wp-json\/wp\/v2\/tags?post=388068"}],"curies":[{"name":"wp","href":"https:\/\/api.w.org\/{rel}","templated":true}]}}