{"id":388070,"date":"2025-09-13T14:38:10","date_gmt":"2025-09-13T14:38:10","guid":{"rendered":"https:\/\/www.europesays.com\/fr\/388070\/"},"modified":"2025-09-13T14:38:10","modified_gmt":"2025-09-13T14:38:10","slug":"ce-comedy-club-intimiste-de-bordeaux-devoile-sa-programmation-thomas-marty-morgane-cadignan","status":"publish","type":"post","link":"https:\/\/www.europesays.com\/fr\/388070\/","title":{"rendered":"Ce Comedy club intimiste de Bordeaux d\u00e9voile sa programmation : Thomas Marty, Morgane Cadignan&#8230;"},"content":{"rendered":"<p>            Par<br \/>\n        <strong><br \/>\n            <a href=\"https:\/\/actu.fr\/auteur\/redaction-bordeaux\" title=\"Consulter tous les articles de R\u00e9daction Bordeaux\" rel=\"nofollow noopener\" target=\"_blank\">R\u00e9daction Bordeaux<\/a><br \/>\n        <\/strong><\/p>\n<p>        Publi\u00e9 le<\/p>\n<p>            13 sept. 2025 \u00e0 15h46        <\/p>\n<p>C\u2019est un Comedy club appr\u00e9ci\u00e9 <a href=\"https:\/\/actu.fr\/bordeaux\/\" rel=\"nofollow noopener\" target=\"_blank\">de Bordeaux<\/a>. Dans une salle intimiste, les Gina Comedy Shows ont accueilli Paul Mirabel, Waly Dia ou Laurie Peret par le pass\u00e9. Pour cette saison 2025-2026, la sc\u00e8ne de<strong> stand-up du<\/strong> restaurant de l\u2019h\u00f4tel Renaissance annonce du beau monde.\u00a0<\/p>\n<p>Le programme de la saison<\/p>\n<p class=\" wall-content\">D\u2019ici la fin de l\u2019ann\u00e9e 2025, ces <strong>sept artistes<\/strong> sont attendus sur la sc\u00e8ne du Gina :<\/p>\n<ul class=\" wall-content\">\n<li><strong>G\u00e9r\u00e9my Cr\u00e9deville<\/strong>, le 18 octobre \u00e0 20h30, Enchanteur,<\/li>\n<li><strong>Thomas Marty<\/strong>, le 28 octobre \u00e0 19h et 21h15, avec son nouveau spectacle,<\/li>\n<li><strong>Alex Vizorek<\/strong> les 31 octobre (20h30), 1er (20h30) et 2 (18h) novembre, Deux \u00bd,<\/li>\n<li><strong>L\u00e9opold Lemarchand<\/strong>, le 22 novembre \u00e0 20h30, avec son premier spectacle,<\/li>\n<li><strong>Greg Duth<\/strong>, le 7 d\u00e9cembre \u00e0 19h, Coquilles,\u00a0<\/li>\n<li><strong>Morgane Cadignan<\/strong>, le 13 d\u00e9cembre \u00e0 20h30, La nuit je mens,<\/li>\n<li><strong>Fabien Olicard<\/strong>, le 20 d\u00e9cembre \u00e0 20h, pour 1h de mentalisme,\u00a0<\/li>\n<\/ul>\n<p class=\" wall-content\">La suite de la saison verra <strong>six spectacles<\/strong> d\u00e9filer :<\/p>\n<ul class=\" wall-content\">\n<li><strong>Umut K\u00f6ker<\/strong>, le 16 janvier \u00e0 20h30, avec Paradoxe,<\/li>\n<li><strong>Yann Guillarme<\/strong>, le 17 janvier \u00e0 20h30, avec Libre !,<\/li>\n<li>Le spectacle pour enfants Pourquoi, pourquoi de <strong>Marine Baousson<\/strong>, le 1er f\u00e9vrier \u00e0 15h,<\/li>\n<li><strong>Eliott Doyle<\/strong>, le 13 mars \u00e0 20h30, avec\u00a0C\u2019est quoi la suite ?,<\/li>\n<li><strong>Daniel Morin<\/strong>, le 14 mars \u00e0 20h30, avec\u00a0Ta gueule Esteban,<\/li>\n<li><strong>Romain Doduik<\/strong>, le 12 avril \u00e0 19h, avec son nouveau spectacle.<\/li>\n<\/ul>\n<p class=\" wall-content\">Premiers spectacles, <strong>nouveaux show,<\/strong> et m\u00eame rodages : c\u2019est l\u2019occasion d\u2019\u00e9couter les humoristes d\u2019aujourd\u2019hui et de demain dans une salle confidentielle.<\/p>\n<p class=\" wall-content\">La jauge des places est <strong>tr\u00e8s limit\u00e9e<\/strong> pour chaque spectacle, la r\u00e9servation <a href=\"https:\/\/gina-bordeaux.fr\/se-divertir\/#comedy\" rel=\"nofollow noopener\" target=\"_blank\">est donc obligatoire.\u00a0<\/a><\/p>\n<p>Votre r\u00e9gion, votre actu !<\/p>\n<p>Recevez chaque jour les infos qui comptent pour vous.<\/p>\n<p>\t<a href=\"https:\/\/actu.fr\/newsletter\" class=\"ac-btn ac-btn--corner ac-btn--medium ac-btn--blue800\" rel=\"nofollow noopener\" target=\"_blank\">S&rsquo;incrire<\/a><\/p>\n<p>Gina Bordeaux, place des Mill\u00e9simes aux bassins \u00e0 flot<\/p>\n<p class=\" wall-content\">Personnalisez votre actualit\u00e9 en ajoutant vos villes et m\u00e9dias en favori avec <a href=\"https:\/\/moncompte.actu.fr\" title=\"D\u00e9couvez Mon Actu\" rel=\"nofollow noopener\" data-trk=\"{&quot;cta&quot;:{&quot;action&quot;:&quot;https:\\\/\\\/moncompte.actu.fr&quot;,&quot;category&quot;:&quot;mon compte&quot;,&quot;from&quot;:&quot;article footer&quot;,&quot;name&quot;:&quot;Mon actu&quot;,&quot;type&quot;:&quot;cta&quot;}}\" target=\"_blank\">Mon Actu<\/a>.<\/p>\n","protected":false},"excerpt":{"rendered":"Par R\u00e9daction Bordeaux Publi\u00e9 le 13 sept. 2025 \u00e0 15h46 C\u2019est un Comedy club appr\u00e9ci\u00e9 de Bordeaux. Dans&hellip;\n","protected":false},"author":2,"featured_media":388071,"comment_status":"","ping_status":"","sticky":false,"template":"","format":"standard","meta":{"footnotes":""},"categories":[2817],"tags":[1111,11,1997,1777,674,1011,27,708,1652,12,2219,25,853],"class_list":{"0":"post-388070","1":"post","2":"type-post","3":"status-publish","4":"format-standard","5":"has-post-thumbnail","7":"category-bordeaux","8":"tag-actu","9":"tag-actualites","10":"tag-bordeaux","11":"tag-eu","12":"tag-europe","13":"tag-fr","14":"tag-france","15":"tag-humour","16":"tag-loisirs-culture","17":"tag-news","18":"tag-nouvelle-aquitaine","19":"tag-republique-francaise","20":"tag-spectacles"},"share_on_mastodon":{"url":"https:\/\/pubeurope.com\/@fr\/115197503330969794","error":""},"_links":{"self":[{"href":"https:\/\/www.europesays.com\/fr\/wp-json\/wp\/v2\/posts\/388070","targetHints":{"allow":["GET"]}}],"collection":[{"href":"https:\/\/www.europesays.com\/fr\/wp-json\/wp\/v2\/posts"}],"about":[{"href":"https:\/\/www.europesays.com\/fr\/wp-json\/wp\/v2\/types\/post"}],"author":[{"embeddable":true,"href":"https:\/\/www.europesays.com\/fr\/wp-json\/wp\/v2\/users\/2"}],"replies":[{"embeddable":true,"href":"https:\/\/www.europesays.com\/fr\/wp-json\/wp\/v2\/comments?post=388070"}],"version-history":[{"count":0,"href":"https:\/\/www.europesays.com\/fr\/wp-json\/wp\/v2\/posts\/388070\/revisions"}],"wp:featuredmedia":[{"embeddable":true,"href":"https:\/\/www.europesays.com\/fr\/wp-json\/wp\/v2\/media\/388071"}],"wp:attachment":[{"href":"https:\/\/www.europesays.com\/fr\/wp-json\/wp\/v2\/media?parent=388070"}],"wp:term":[{"taxonomy":"category","embeddable":true,"href":"https:\/\/www.europesays.com\/fr\/wp-json\/wp\/v2\/categories?post=388070"},{"taxonomy":"post_tag","embeddable":true,"href":"https:\/\/www.europesays.com\/fr\/wp-json\/wp\/v2\/tags?post=388070"}],"curies":[{"name":"wp","href":"https:\/\/api.w.org\/{rel}","templated":true}]}}